{"id":55551,"date":"2025-10-23T11:35:38","date_gmt":"2025-10-23T14:35:38","guid":{"rendered":"https:\/\/hablemosclarotdf.com.ar\/?p=55551"},"modified":"2025-10-23T11:35:38","modified_gmt":"2025-10-23T14:35:38","slug":"en-noviembre-llega-una-nueva-edicion-del-congreso-internacional-de-educacion-e-inclusion-desde-el-sur-2025","status":"publish","type":"post","link":"https:\/\/hablemosclarotdf.com.ar\/?p=55551","title":{"rendered":"EN NOVIEMBRE LLEGA UNA NUEVA EDICI\u00d3N DEL CONGRESO INTERNACIONAL DE EDUCACI\u00d3N E INCLUSI\u00d3N DESDE EL SUR 2025"},"content":{"rendered":"<p>El Gobierno de la provincia de Tierra del Fuego, AeIAS, a trav\u00e9s del Ministerio de Educaci\u00f3n, realizar\u00e1 una nueva edici\u00f3n del Congreso Internacional de Educaci\u00f3n e Inclusi\u00f3n 2025 los d\u00edas 13, 14 y 15 de noviembre en las tres ciudades de la provincia.<\/p>\n<p>Esta nueva edici\u00f3n se denominar\u00e1 &#8220;Camino hacia la Transformaci\u00f3n Educativa&#8221; y contar\u00e1 con la particularidad de que estar\u00e1 dividido por tem\u00e1ticas correspondientes para cada nivel y modalidad educativa, como as\u00ed tambi\u00e9n para los Equipos de Orientaci\u00f3n Escolar y Gabinete Psicopedag\u00f3gico y de Asistencia al Escolar.<\/p>\n<p>La secretaria de Coordinaci\u00f3n del Ministerio de Educaci\u00f3n, Fernanda Garc\u00eda, se\u00f1al\u00f3 que \u201cser\u00e1 una nueva oportunidad para las y los docentes de la provincia, porque contaremos con expertos en educaci\u00f3n como todos los a\u00f1os, pero con la particularidad de que, a partir de las conferencias, se llevar\u00e1 adelante trabajos en grupos colaborativos para poner en juego nuestros saberes\u201d.<\/p>\n<p>\u201cAdem\u00e1s, al estar divididas las conferencias por niveles y modalidades, as\u00ed como una conferencia espec\u00edfica para los Equipos de Orientaci\u00f3n Escolar y Gabinete Psicopedag\u00f3gico y de Asistencia al Escolar, podr\u00e1n compartir material exclusivo de sus espacios con profesionales que entienden, conocen y que trabajan tanto en los niveles\/modalidades como en estos espacios de orientaci\u00f3n al escolar\u201d agreg\u00f3 Garc\u00eda.<\/p>\n<p>El Congreso se desarrollar\u00e1 de manera presencial en las tres ciudades en simult\u00e1neo los d\u00edas 13 y 14 de noviembre. En tanto el 15 de noviembre se realizar\u00e1 a trav\u00e9s de la modalidad virtual por el Canal de Youtube del Gobierno de la provincia.<\/p>\n<p>Cabe se\u00f1alar que en Ushuaia y R\u00edo Grande se desarrollar\u00e1 en tres espacios diferentes. En Ushuaia, se llevar\u00e1 adelante en Casa del Deporte, Gimnasio Polivalente y Escuela N\u00b013, en R\u00edo Grande, en los Gimnasios del Colegio Mar\u00eda Auxiliadora, Escuela N\u00b02 y Polivalente y la ciudad de Tolhuin ser\u00e1 el d\u00eda 14 de noviembre en la Casa del Deporte.<\/p>\n<p>El Congreso Internacional de Educaci\u00f3n e Inclusi\u00f3n 2025 contar\u00e1 este a\u00f1o con la presentaci\u00f3n de las siguientes conferencias divididas por niveles y modalidades.<\/p>\n<p>-Docentes de nivel inicial, primario y modalidades<br \/>\nConferencia \u201cEducaci\u00f3n e inclusi\u00f3n: planificar en funci\u00f3n de la diversidad\u201d, a cargo de la Terapista Ocupacional en Salud Mental y Maestra Especializada en Educaci\u00f3n Diferencial, Mar\u00eda Jos\u00e9 Borsani.<\/p>\n<p>-Docentes de nivel secundario, CENS y Educaci\u00f3n T\u00e9cnica Profesional<br \/>\nConferencia \u201cLa planificaci\u00f3n como oportunidad para revisar las decisiones sobre la ense\u00f1anza. Cuidados de las trayectorias educativas\u201d, disertado por la Prof. por la UBA, diplomada en Curr\u00edculum y Pr\u00e1cticas Escolares en Contexto y Mgtr. en Ciencias Sociales con Orientaci\u00f3n en Educaci\u00f3n (FLACSO), Gabriela Carnevale.<\/p>\n<p>-Docentes de Nivel Superior en Formaci\u00f3n Docente<br \/>\nConferencia \u201cLa formaci\u00f3n y el trabajo docente en la era digital. Autoridad Pedag\u00f3gica, ense\u00f1anza y evaluaci\u00f3n en tiempos tecnol\u00f3gicos\u201d, a cargo de la Lic. en Comunicaci\u00f3n Social (UNLP) y Mgtr. en Ciencias Sociales, Ver\u00f3nica Piovani.<\/p>\n<p>-Equipos de Orientaci\u00f3n Escolar y Gabinete<br \/>\nConferencia \u201cInfancias y adolescencias en \u00e9pocas de desamparo colectivo\u201d, a cargo de la Psic\u00f3loga, Psicoanalista y miembro fundadora de FORUM Infancias, Beatriz Janin.<\/p>\n<p>Se invita a las y los docentes a inscribirse hasta el 29 de octubre a trav\u00e9s del c\u00f3digo QR que encontrar\u00e1n en los afiches en cada instituci\u00f3n educativa o bien ingresando al siguiente link:<\/p>\n<p>https:\/\/bit.ly\/CongresoEducaci\u00f3n2025<\/p>\n","protected":false},"excerpt":{"rendered":"<p>El Gobierno de la provincia de Tierra del Fuego, AeIAS, a trav\u00e9s del Ministerio de&#8230;<\/p>\n","protected":false},"author":1,"featured_media":55552,"comment_status":"closed","ping_status":"closed","sticky":false,"template":"","format":"standard","meta":{"footnotes":""},"categories":[3],"tags":[],"class_list":["post-55551","post","type-post","status-publish","format-standard","has-post-thumbnail","hentry","category-noticias"],"jetpack_featured_media_url":"https:\/\/hablemosclarotdf.com.ar\/wp-content\/uploads\/2025\/10\/photo_2025-10-23_11-35-09.jpg","_links":{"self":[{"href":"https:\/\/hablemosclarotdf.com.ar\/index.php?rest_route=\/wp\/v2\/posts\/55551","targetHints":{"allow":["GET"]}}],"collection":[{"href":"https:\/\/hablemosclarotdf.com.ar\/index.php?rest_route=\/wp\/v2\/posts"}],"about":[{"href":"https:\/\/hablemosclarotdf.com.ar\/index.php?rest_route=\/wp\/v2\/types\/post"}],"author":[{"embeddable":true,"href":"https:\/\/hablemosclarotdf.com.ar\/index.php?rest_route=\/wp\/v2\/users\/1"}],"replies":[{"embeddable":true,"href":"https:\/\/hablemosclarotdf.com.ar\/index.php?rest_route=%2Fwp%2Fv2%2Fcomments&post=55551"}],"version-history":[{"count":1,"href":"https:\/\/hablemosclarotdf.com.ar\/index.php?rest_route=\/wp\/v2\/posts\/55551\/revisions"}],"predecessor-version":[{"id":55553,"href":"https:\/\/hablemosclarotdf.com.ar\/index.php?rest_route=\/wp\/v2\/posts\/55551\/revisions\/55553"}],"wp:featuredmedia":[{"embeddable":true,"href":"https:\/\/hablemosclarotdf.com.ar\/index.php?rest_route=\/wp\/v2\/media\/55552"}],"wp:attachment":[{"href":"https:\/\/hablemosclarotdf.com.ar\/index.php?rest_route=%2Fwp%2Fv2%2Fmedia&parent=55551"}],"wp:term":[{"taxonomy":"category","embeddable":true,"href":"https:\/\/hablemosclarotdf.com.ar\/index.php?rest_route=%2Fwp%2Fv2%2Fcategories&post=55551"},{"taxonomy":"post_tag","embeddable":true,"href":"https:\/\/hablemosclarotdf.com.ar\/index.php?rest_route=%2Fwp%2Fv2%2Ftags&post=55551"}],"curies":[{"name":"wp","href":"https:\/\/api.w.org\/{rel}","templated":true}]}}