{"id":55546,"date":"2025-10-23T11:32:06","date_gmt":"2025-10-23T14:32:06","guid":{"rendered":"https:\/\/hablemosclarotdf.com.ar\/?p=55546"},"modified":"2025-10-23T11:32:06","modified_gmt":"2025-10-23T14:32:06","slug":"muy-pocos-candidatos-abrieron-la-boca-y-eso-es-privar-a-la-ciudadania-la-posibilidad-de-escuchar-que-proponen","status":"publish","type":"post","link":"https:\/\/hablemosclarotdf.com.ar\/?p=55546","title":{"rendered":"Muy pocos candidatos abrieron la boca y eso es privar a la ciudadan\u00eda la posibilidad de escuchar qu\u00e9 proponen"},"content":{"rendered":"<p><strong>El senador Pablo Blanco, candidato a la reelecci\u00f3n por Provincias Unidas, cuestion\u00f3 el silencio de los candidatos de las principales fuerzas pol\u00edticas, que tuvieron nulas o escasas participaciones medi\u00e1ticas y estuvieron ausentes en el debate de ayer. En su caso la plataforma fue el trabajo realizado, con 653 proyectos de su autor\u00eda y m\u00e1s de 1.200 como coautor. Defendi\u00f3 el frente que encabezan los gobernadores y asegur\u00f3 que es un proyecto pol\u00edtico para el 2027, confiado en que se sumar\u00e1n m\u00e1s mandatarios despu\u00e9s del 26 de octubre. Sobre el esc\u00e1ndalo que envuelve al diputado libertario Santiago Pauli, observ\u00f3 que \u201ctodo se carga sobre el diputado nacional, que aparentemente es el que regentea todo el espacio pol\u00edtico; pero tambi\u00e9n hay responsabilidad de los legisladores que designan a esa gente\u201d, cargando contra el silencio de Agust\u00edn Coto. Consider\u00f3 que la ayuda de Estados Unidos \u201ces un ahogo al pa\u00eds\u201d, y pronostic\u00f3 que los d\u00f3lares no van a durar porque los van a comprar los argentinos. M\u00e1s all\u00e1 de que LLA tenga un buen resultado, advirti\u00f3 que podr\u00e1n llegar a los 100 diputados, m\u00e1s otros 100 de Fuerza Patria en el mejor de los casos, pero con los 57 que inclinar\u00e1n la balanza se tendr\u00e1n que sentar a negociar.<\/strong><\/p>\n<p>R\u00edo Grande.- El senador radical Pablo Blanco, candidato a la reelecci\u00f3n por el frente Provincias Unidas, evalu\u00f3 en el programa \u2018Buscando el Equilibrio\u2019 por Radio Provincia la campa\u00f1a electoral y consider\u00f3 que \u201cfue una campa\u00f1a bastante rara, porque no se le escuch\u00f3 la voz a los candidatos, salvo a trav\u00e9s de las gacetillas que le\u00ed en los medios. De los candidatos muy pocos abrieron la boca y eso es privar a la ciudadan\u00eda la posibilidad de escuchar qu\u00e9 propone cada uno\u201d, dijo, previo al cierre de la campa\u00f1a que se realiz\u00f3 anoche en la ciudad de R\u00edo Grande.<\/p>\n<p>\u201cYo tengo la tranquilidad de haber sido invitado y le agradezco a los medios de comunicaci\u00f3n que me han dado la posibilidad de explicar cu\u00e1l es mi campa\u00f1a. Para m\u00ed es f\u00e1cil porque lo que tengo que hacer es explicar lo que vengo haciendo y la intenci\u00f3n de seguir defendiendo a la provincia. Creo que es la mejor campa\u00f1a que puedo hacer\u201d, dijo.<\/p>\n<p>Blanco es autor de \u201c653 proyectos y coautor en m\u00e1s de 1.200\u201d, y ha sido una oposici\u00f3n responsable. \u201cLas cosas que he considerado coherentes las he acompa\u00f1ado y no comparto para nada que las opciones sean Milei o Fuerza Patria. En estas elecciones tenemos de un lado el kirchnerismo leg\u00edtimo del intendente de Ushuaia y Melella, y el kirchnerismo light de Mart\u00edn P\u00e9rez, Harrington y el MPF. Esos dos sectores son los responsables de que apareciera el otro sector, que es el desastre del gobierno actual. Hay muchos j\u00f3venes desilusionados, porque ten\u00edan muchas expectativas en el gobierno de los libertarios. Yo le digo a ellos que vayan a votar, porque hay que participar y que, si est\u00e1n tan desilusionados del gobierno de Milei, que nos den la posibilidad a Provincias Unidas\u201d, pidi\u00f3.<\/p>\n<p>&nbsp;<\/p>\n<p><strong>Proyecto para el 2027<\/strong><\/p>\n<p>&nbsp;<\/p>\n<p>Blanco habl\u00f3 de la proyecci\u00f3n del frente de gobernadores y confi\u00f3 en que se seguir\u00e1n sumando otros mandatarios. \u201cSomos un espacio pol\u00edtico que se est\u00e1 conformando con vistas al 2027 y privilegiamos las ideas para cambiar la realidad por sobre las ideolog\u00edas. El problema de este pa\u00eds son las ideolog\u00edas, est\u00e1n los mile\u00edstas y todos los que no piensan como ellos somos kukas o kirchneristas; y est\u00e1n los kirchneristas que son fundamentalistas. Hay que trabajar para mejorar la situaci\u00f3n de la gente y no discutir ideolog\u00edas, porque nunca nos vamos a poner de acuerdo con un peronista o con alguno del PRO. Hay que trabajar en las coincidencias y dejar estas discusiones para otro momento, cuando el pa\u00eds est\u00e9 en otras condiciones\u201d, manifest\u00f3.<\/p>\n<p>\u201cProvincias Unidas es un grito del federalismo real, que viene desde el interior del pa\u00eds. En el gobierno nacional hay una visi\u00f3n muy porte\u00f1o-c\u00e9ntrica, y tambi\u00e9n en la presidencia anterior era todo Buenos Aires. Parece que el resto del pa\u00eds no existe. Nosotros tenemos cinco gobernadores, del sur, del norte y del centro, que se han juntado m\u00e1s all\u00e1 de su ideolog\u00eda pol\u00edtica, con objetivos comunes. Despu\u00e9s de la elecci\u00f3n del 26 va a haber otros gobernadores que se van a sumar\u201d, adelant\u00f3.<\/p>\n<p>\u201cNo me cabe ninguna duda de que Rogelio Frigerio cometi\u00f3 un gran error al regalarle todos los puestos nacionales a La Libertad Avanza. Se compraron el boleto de que, como hab\u00eda ganado en Capital, iba a arrasar en todo el pa\u00eds y le dio los dos primeros senadores y los dos diputados. No me cabe ninguna duda de que \u00e9l coincide plenamente con el pensamiento de Provincias Unidas, lo mismo que el gobernador de Mendoza, que tambi\u00e9n resign\u00f3 posiciones importantes en la lista, a favor de La Libertad Avanza, pensando que iban a pintar el pa\u00eds de violeta\u201d, expres\u00f3.<\/p>\n<p>\u201cMendoza, Entre R\u00edos, Chaco, son otras provincias afines a nuestro pensamiento, porque somos un pa\u00eds federal y los impuestos que se generan en todas las provincias se tienen que repartir como corresponde, con un desarrollo arm\u00f3nico, y no que sea todo para el centro. El gobierno nacional tiene super\u00e1vit fiscal a costa de quedarse con recursos de las provincias\u201d, critic\u00f3.<\/p>\n<p>\u201cEse super\u00e1vit fiscal no alcanza para combatir el d\u00e9ficit social que hay, que es el d\u00e9ficit m\u00e1s importante. Hay gente con necesidades, sin trabajo, con discapacidad sin ning\u00fan tipo de cobertura. Por privilegiar el equilibrio fiscal est\u00e1n aumentando el d\u00e9ficit social. La obligaci\u00f3n del gobernante es no gastar m\u00e1s de lo que tiene, pero asignar correctamente los recursos\u201d, sostuvo.<\/p>\n<p>&nbsp;<\/p>\n<p><strong>Justicia sorda<\/strong><\/p>\n<p>&nbsp;<\/p>\n<p>Por otra parte, cuestion\u00f3 la inacci\u00f3n de la justicia ante el incumplimiento del gobierno nacional de las leyes aprobadas. \u201cHay tres leyes que constitucionalmente est\u00e1n vigentes, que es el financiamiento a las universidades, la emergencia pedi\u00e1trica y la emergencia en discapacidad, y el gobierno est\u00e1 en obligaci\u00f3n de aplicarlas. Busca excusas porque dice que no sabe de d\u00f3nde sacar los recursos. El Poder Judicial debe velar por el cumplimiento de las leyes y se est\u00e1 haciendo el sordo y no act\u00faa donde tiene que actuar. Est\u00e1 esperando que alg\u00fan afectado vaya y reclame. Los fiscales tienen que actuar de oficio, porque el presidente est\u00e1 incumpliendo con los deberes de funcionario p\u00fablico\u201d, asegur\u00f3.<\/p>\n<p>\u201cLas leyes siguieron todo el mecanismo constitucional y se deben cumplir, pero el gobierno hace caso omiso frente a un Poder Judicial que se hace el desentendido. Parece ser que ahora vale todo\u201d, lament\u00f3.<\/p>\n<p>Avizor\u00f3 que Milei \u201cva a seguir con los vetos si hay una ley que no le guste, si se asegura un tercio en la C\u00e1mara de Diputados. En lugar de sentarse a hablar y buscar soluciones en conjunto, si tiene el n\u00famero no aplica la ley. Eso no es un pa\u00eds serio\u201d.<\/p>\n<p>&nbsp;<\/p>\n<p><strong>La ayuda de Estados Unidos<\/strong><\/p>\n<p>&nbsp;<\/p>\n<p>Respecto de la asistencia financiera externa, se\u00f1al\u00f3 que \u201cEstados Unidos le quiere dar una mano pero lo est\u00e1 hundiendo al presidente. Est\u00e1 muerto el plan econ\u00f3mico y la timba financiera que lleva adelante este gobierno. Milei hace lo que quiere con tal de salvar la ropa. Ahora renunci\u00f3 el canciller y para Tierra del Fuego es una p\u00e9rdida muy importante. Lo he visto defender con ah\u00ednco los derechos soberanos de los argentinos en Malvinas en la ONU. Lamentablemente se cans\u00f3\u201d.<\/p>\n<p>\u201cEs una promesa de ayuda financiera y es un ahogo al pa\u00eds. Hay que ver las condiciones que ponen, las empresas norteamericanas pueden hacer actividades de miner\u00eda y est\u00e1n pidiendo garant\u00edas por la extensi\u00f3n de 20 mil millones. Una cosa son los anuncios que hace el secretario del Tesoro, que parece el Ministro de Econom\u00eda de la Argentina, y otra cosa es la realidad. Ellos quieren apostar al d\u00f3lar y se van a quedar sin d\u00f3lares porque los argentinos van a comprar todos\u201d, advirti\u00f3.<\/p>\n<p>\u201cTodo el problema econ\u00f3mico que tenemos nosotros es un problema pol\u00edtico, porque el gobierno no quiere sentarse a buscar soluciones con todos los sectores. Ellos se creen los due\u00f1os de la verdad porque ganaron la elecci\u00f3n en CABA por un punto y medio. Perdieron en Corrientes, perdieron en Jujuy y algunos se comieron la soberbia, como mi amigo Rogelio Frigerio. No s\u00e9 si van a ganar las elecciones aquellos que hicieron acuerdos con los libertarios, porque despu\u00e9s sucedi\u00f3 Espert y un mont\u00f3n de cosas, por las que se van cayendo los velos de la mentira de los que ven\u00edan a traer transparencia e institucionalidad. Es todo una mentira y son peores que los otros, porque en menos tiempo quieren ganar lo mismo que ganaron los otros\u201d, asever\u00f3.<\/p>\n<p>&nbsp;<\/p>\n<p><strong>El esc\u00e1ndalo de Pauli<\/strong><\/p>\n<p>&nbsp;<\/p>\n<p>Tambi\u00e9n se refiri\u00f3 al esc\u00e1ndalo que envuelve a los libertarios de Tierra del Fuego. \u201cLa transparencia de los libertarios comenz\u00f3 a oscurecerse a partir del 14 de febrero, con el caso Libra. Cada d\u00eda est\u00e1n saliendo mayores informaciones, no de la justicia argentina sino de la justicia norteamericana. A lo de Libra se agreg\u00f3 lo de Spagnuolo con los remedios, que no es \u00fanicamente la agencia de discapacidad, sino que hay que analizar la compra de medicamentos del Ministerio de Defensa, el de Seguridad, en el PAMI, en las obras sociales intervenidas por el gobierno nacional, y ah\u00ed nos vamos a dar cuenta de c\u00f3mo este laboratorio pas\u00f3 de la nada a ser el principal proveedor del Estado nacional\u201d, dijo.<\/p>\n<p>\u201cEst\u00e1 la rebaja a cero de las retenciones para los amigos cerealeros, que dur\u00f3 24\/48 horas y cuando pudieron hacer todos los negocios qued\u00f3 sin efecto. Hubo un mont\u00f3n de situaciones, como las adjudicaciones a empresas de funcionarios nacionales en forma directa por montos multimillonarios. Muchos aplaudieron que el Congreso de la naci\u00f3n vendi\u00f3 toda la flota de autos, y ahora hay que averiguar los autos nuevos que compraron, a qui\u00e9n se lo compraron y qui\u00e9n es el due\u00f1o de la concesionaria, que tiene el mismo apellido que el presidente de la C\u00e1mara de Diputados\u201d, afirm\u00f3.<\/p>\n<p>\u201cCriticaban a la casta y tienen toda la casta instalada, porque el apellido Menem es casta y est\u00e1 metido por todos lados, porque por lo menos hay diez. Hay 1.200 funcionarios del gobierno anterior que todav\u00eda est\u00e1n cumpliendo funciones en distintas \u00e1reas del Ejecutivo\u201d, observ\u00f3.<\/p>\n<p>\u201cEn Tierra del Fuego tenemos las manifestaciones que hizo ese agente de los libertarios y resulta ser que todo se carga sobre el diputado nacional, que aparentemente es el que regentea todo el espacio pol\u00edtico; pero tambi\u00e9n hay responsabilidad de los legisladores que designan a esa gente. Quieren hacer creer que los legisladores est\u00e1n pintados, que ponen a Pedro o a Juan y que el que maneja todo es el diputado nacional. Si lo quieren salvar al candidato a senador, est\u00e1n en todo su derecho, pero nos est\u00e1n tomando el pelo, porque son empleados del candidato Agust\u00edn Coto en R\u00edo Grande\u201d, enfatiz\u00f3.<\/p>\n<p>Como ex convencional, record\u00f3 que \u201cel desarraigo es una discusi\u00f3n que viene de la convenci\u00f3n constituyente. Cuando se estableci\u00f3 que la sede de la Legislatura iba a ser Ushuaia surgi\u00f3 que el legislador de Ushuaia ten\u00eda una situaci\u00f3n diferente del de R\u00edo Grande, por eso se incluy\u00f3 en la Constituci\u00f3n el desarraigo para los legisladores, que es un diferencial por el lugar de residencia. Tambi\u00e9n qued\u00f3 claro en la Constituci\u00f3n provincial que la dieta del legislador es un solo concepto. Eso se modific\u00f3 porque ahora los legisladores cobran t\u00edtulo y antig\u00fcedad, que no estaba previsto en la Constituci\u00f3n. Cualquier legislador cobra m\u00e1s que un senador nacional, porque mi sueldo son 6.257.000 por todo concepto, no son 10 millones y medio\u201d, compar\u00f3.<\/p>\n<p>&nbsp;<\/p>\n<p><strong>Ley Bases II<\/strong><\/p>\n<p>&nbsp;<\/p>\n<p>De cara a una nueva presentaci\u00f3n de una ley bases, dijo que \u201cel ministro destructor (Sturzenegger) quiere presentar la segunda etapa de la ley bases, pero veremos qu\u00e9 es lo que dice la gente el domingo. Si yo llego a estar en el Senado y presenta una ley bases II, la analizaremos y la discutiremos como la anterior. Con la reforma laboral que dejen de mentir, porque el radicalismo plante\u00f3 una reforma laboral, que lleg\u00f3 a tener dictamen de comisi\u00f3n, pero cuando hab\u00eda que tratarla en el recinto La Libertad Avanza retir\u00f3 sus diputados para que no hubiera qu\u00f3rum\u201d.<\/p>\n<p>\u201cSon unos farsantes, dicen una cosa y hacen otra. Hablan de la justicia, llevan casi dos a\u00f1os de mandato y no han mandado ni un solo pliego de un juez, salvo los dos de la Corte Suprema. Hay m\u00e1s de 300 vacantes en el Poder Judicial y despu\u00e9s hablan de la administraci\u00f3n de la justicia\u201d, fustig\u00f3.<\/p>\n<p>\u201cEllos van a llegar seguramente con una mejor representaci\u00f3n legislativa, porque arrancan de seis senadores y de treinta diputados. Seguramente van a aumentar, pero para cualquier ley que quieran sacar en el Congreso van a tener que meterse en la cabeza que no van a tener mayor\u00eda. Pueden llegar a 100 diputados con el PRO. Si Fuerza Patria hace una buena elecci\u00f3n va a tener otros 100. Son 200 y faltan 57. Esos 57 son los que van a inclinar para un lado u otro la balanza y se van a tener que sentar a hablar, como corresponde en la pol\u00edtica\u201d, sentenci\u00f3.<\/p>\n<p>\u201cSea cual sea el resultado se van a tener que sentar a negociar, y van a tener que negociar con los gobernadores que durante un a\u00f1o le acompa\u00f1aron todo\u201d, apunt\u00f3.<\/p>\n<p>&nbsp;<\/p>\n<p><strong>Sin actividad legislativa<\/strong><\/p>\n<p>&nbsp;<\/p>\n<p>Consultado sobre el convenio del gobierno con YPF, se\u00f1al\u00f3 que \u201cnecesariamente tiene que estar en conocimiento de la Legislatura, que lo debe aprobar. No es \u00e1rea de mi incumbencia, porque los legisladores son los que tienen que discutirlo y aprobarlo. Es un desaf\u00edo importante para Tierra del Fuego porque el solo hecho de haber creado una empresa no es la soluci\u00f3n. Si Terra Ignis se hace cargo de lo que deja YPF, honestamente creo que no est\u00e1 en condiciones t\u00e9cnicas ni econ\u00f3micas para llevar adelante ese trabajo. Eso es responsabilidad de la Legislatura, que hace varios meses que parece que no existe m\u00e1s\u201d.<\/p>\n<p>\u201cHay Legislatura para cobrar los sueldos, para cobrar los desarraigos, pero no hay Legislatura funcionando, y ese es un severo llamado de atenci\u00f3n, porque nosotros reclamamos institucionalidad al gobierno nacional y no nos fijamos en la institucionalidad en el \u00e1mbito de la provincia\u201d, expres\u00f3.<\/p>\n<p>&nbsp;<\/p>\n<p><strong>Proyectos de desarrollo<\/strong><\/p>\n<p>&nbsp;<\/p>\n<p>Dentro de los proyectos que viene impulsando, mencion\u00f3 uno \u201csobre la reconversi\u00f3n econ\u00f3mica de Tierra del Fuego, que tiene que ver con la pol\u00edtica ant\u00e1rtica, la base naval integrada, el polo log\u00edstico ant\u00e1rtico. Es un proyecto de ley bastante extenso y en parte lo hab\u00eda presentado el ingeniero Garramu\u00f1o cuando fue senador. Tambi\u00e9n en parte lo trabajamos con Mat\u00edas Rodr\u00edguez y yo lo termin\u00e9 de presentar\u201d.<\/p>\n<p>\u201cEl rompehielos, cuando no est\u00e1 en la campa\u00f1a ant\u00e1rtica queda en Puerto Madero, el museo de la Ant\u00e1rtida est\u00e1 en Buenos Aires, lo mismo el museo de Malvinas. La direcci\u00f3n de Malvinas est\u00e1 en Buenos Aires y algunos ni conocen Tierra del Fuego. El gobierno nacional exige que Tierra del Fuego reconvierta su econom\u00eda y ese es un proyecto. La provincia no est\u00e1 en condiciones de solventar ese proyecto y el gobierno nacional tiene que ponerse a trabajar en ese sentido. Estaba el FONDEF para las fuerzas armadas y en el presupuesto que envi\u00f3 el gobierno nacional lo deja sin efecto. Hablan de la reconversi\u00f3n, pero para ellos el pa\u00eds es la zona centro. Los recursos del FONDEF hay que utilizarlos equitativamente, porque la mayor\u00eda de esos recursos tienen origen en f\u00e1bricas radicadas en R\u00edo Grande y los proyectos aprobados se hacen en Ushuaia\u201d, indic\u00f3.<\/p>\n<p>&nbsp;<\/p>\n<p><strong>Cierre de campa\u00f1a<\/strong><\/p>\n<p>&nbsp;<\/p>\n<p>Por \u00faltimo, se refiri\u00f3 al cierre de campa\u00f1a, que se realiz\u00f3 anoche en R\u00edo Grande, donde estuvieron los integrantes de la lista, tanto candidatos titulares como suplentes, el presidente del partido Maximiliano Ybars y el acompa\u00f1amiento de la gente.<\/p>\n<p>\u201cEl objetivo principal es continuar con lo que uno est\u00e1 haciendo en el Senado y agradecer a todos los que han estado trabajando en la campa\u00f1a, con mucho esfuerzo y muy pocos recursos, sin estructuras. Nosotros no tenemos los presupuestos provinciales y municipales para salir a hacer campa\u00f1a\u201d, dijo.<\/p>\n<p>\u201cYo conf\u00edo en la gente y, si cree que hice medianamente bien las cosas, me va a acompa\u00f1ar. Si no me acompa\u00f1an, tampoco se acaba la vida por eso y elegir\u00e1n a los que consideran que van a representar mejor a la provincia. Hasta el 10 de diciembre si no me reeligen, yo voy a seguir defendiendo a R\u00edo Grande, como ning\u00fan representante nacional desde hace muchos a\u00f1os. Me plant\u00e9 en el Congreso y en los medios de comunicaci\u00f3n, que es donde hay que ir a poner la cara para defender los beneficios de Tierra del Fuego\u201d, remarc\u00f3.<\/p>\n<p>\u201cHay que plantarse, sea quien sea el oficialismo de turno, por eso no acepto a los libertarios que quieren ir al Congreso para acompa\u00f1ar todo lo que diga el presidente. El candidato a diputado de los libertarios dice que ve con buenos ojos que si el presidente quiere poner una base militar con Norteam\u00e9rica en Ushuaia est\u00e1 todo b\u00e1rbaro. Yo quiero una base argentina\u201d, concluy\u00f3.<\/p>\n<p>&nbsp;<\/p>\n<div class=\"addtoany_share_save_container addtoany_content addtoany_content_bottom\"><img loading=\"lazy\" decoding=\"async\" class=\"alignnone size-full wp-image-55548\" src=\"https:\/\/hablemosclarotdf.com.ar\/wp-content\/uploads\/2025\/10\/blanco-1-1-300x225-1.jpg\" alt=\"\" width=\"300\" height=\"225\" \/> <img loading=\"lazy\" decoding=\"async\" class=\"alignnone size-medium wp-image-55549\" src=\"https:\/\/hablemosclarotdf.com.ar\/wp-content\/uploads\/2025\/10\/blanco-2-1-300x225-1.jpg\" alt=\"\" width=\"300\" height=\"225\" \/><\/div>\n<div><\/div>\n<div>FUENTE : PROVINCIA 23.<\/div>\n","protected":false},"excerpt":{"rendered":"<p>El senador Pablo Blanco, candidato a la reelecci\u00f3n por Provincias Unidas, cuestion\u00f3 el silencio de&#8230;<\/p>\n","protected":false},"author":1,"featured_media":55547,"comment_status":"closed","ping_status":"closed","sticky":false,"template":"","format":"standard","meta":{"footnotes":""},"categories":[3],"tags":[],"class_list":["post-55546","post","type-post","status-publish","format-standard","has-post-thumbnail","hentry","category-noticias"],"jetpack_featured_media_url":"https:\/\/hablemosclarotdf.com.ar\/wp-content\/uploads\/2025\/10\/fb1c220b-d555-4c0f-8bf3-4b9c44c55620-820x360-1.jpg","_links":{"self":[{"href":"https:\/\/hablemosclarotdf.com.ar\/index.php?rest_route=\/wp\/v2\/posts\/55546","targetHints":{"allow":["GET"]}}],"collection":[{"href":"https:\/\/hablemosclarotdf.com.ar\/index.php?rest_route=\/wp\/v2\/posts"}],"about":[{"href":"https:\/\/hablemosclarotdf.com.ar\/index.php?rest_route=\/wp\/v2\/types\/post"}],"author":[{"embeddable":true,"href":"https:\/\/hablemosclarotdf.com.ar\/index.php?rest_route=\/wp\/v2\/users\/1"}],"replies":[{"embeddable":true,"href":"https:\/\/hablemosclarotdf.com.ar\/index.php?rest_route=%2Fwp%2Fv2%2Fcomments&post=55546"}],"version-history":[{"count":1,"href":"https:\/\/hablemosclarotdf.com.ar\/index.php?rest_route=\/wp\/v2\/posts\/55546\/revisions"}],"predecessor-version":[{"id":55550,"href":"https:\/\/hablemosclarotdf.com.ar\/index.php?rest_route=\/wp\/v2\/posts\/55546\/revisions\/55550"}],"wp:featuredmedia":[{"embeddable":true,"href":"https:\/\/hablemosclarotdf.com.ar\/index.php?rest_route=\/wp\/v2\/media\/55547"}],"wp:attachment":[{"href":"https:\/\/hablemosclarotdf.com.ar\/index.php?rest_route=%2Fwp%2Fv2%2Fmedia&parent=55546"}],"wp:term":[{"taxonomy":"category","embeddable":true,"href":"https:\/\/hablemosclarotdf.com.ar\/index.php?rest_route=%2Fwp%2Fv2%2Fcategories&post=55546"},{"taxonomy":"post_tag","embeddable":true,"href":"https:\/\/hablemosclarotdf.com.ar\/index.php?rest_route=%2Fwp%2Fv2%2Ftags&post=55546"}],"curies":[{"name":"wp","href":"https:\/\/api.w.org\/{rel}","templated":true}]}}