{"id":55503,"date":"2025-10-22T18:43:09","date_gmt":"2025-10-22T21:43:09","guid":{"rendered":"https:\/\/hablemosclarotdf.com.ar\/?p=55503"},"modified":"2025-10-22T18:43:09","modified_gmt":"2025-10-22T21:43:09","slug":"rio-grande-despide-a-oscar-mingo-gutierrez","status":"publish","type":"post","link":"https:\/\/hablemosclarotdf.com.ar\/?p=55503","title":{"rendered":"R\u00cdO GRANDE DESPIDE A OSCAR \u201cMINGO\u201d GUTI\u00c9RREZ"},"content":{"rendered":"<p>El Municipio decreta duelo por el t\u00e9rmino de tres d\u00edas, a partir de este mi\u00e9rcoles 22 de octubre, con motivo del fallecimiento del concejal mandato cumplido Oscar Domingo Guti\u00e9rrez. Se dispondr\u00e1 las banderas a media asta en todos los espacios p\u00fablicos de la ciudad, en memoria y reconocimiento de quien en vida fuera Ciudadano Ilustre de R\u00edo Grande.<\/p>\n<p>\u201cMingo\u201d se desempe\u00f1\u00f3 como periodista, historiador, docente y escritor. Dedic\u00f3 m\u00e1s de cuatro d\u00e9cadas de su vida al rescate y la difusi\u00f3n de la historia y la cultura fueguina, convirti\u00e9ndose en una figura central en la construcci\u00f3n de la identidad riograndense y en un referente indiscutido de la memoria colectiva de Tierra del Fuego.<\/p>\n<p>Fue parte de una generaci\u00f3n de pioneros que, desde distintos \u00e1mbitos, trabajaron para construir una identidad com\u00fan en una tierra lejana y desafiante. Su aporte form\u00f3 a distintas generaciones de riograndenses, transmitiendo no s\u00f3lo conocimiento, sino tambi\u00e9n amor por la historia, la palabra y la tierra fueguina.<\/p>\n<p>El legado de Mingo, forjado desde la palabra, la ense\u00f1anza y el compromiso social, permanecer\u00e1 vivo en la historia de R\u00edo Grande.<\/p>\n<p>Las y los riograndenses lo despiden con profundo respeto y gratitud, reconociendo en \u00e9l no s\u00f3lo al periodista, escritor y docente, sino tambi\u00e9n al vecino comprometido que supo contar, como pocos, la historia de nuestro pueblo.<\/p>\n<p>El decreto fue firmado por la presidenta del Concejo Deliberante, Guadalupe Zamora, quien se encontraba a cargo de la Intendencia.<\/p>\n","protected":false},"excerpt":{"rendered":"<p>El Municipio decreta duelo por el t\u00e9rmino de tres d\u00edas, a partir de este mi\u00e9rcoles&#8230;<\/p>\n","protected":false},"author":1,"featured_media":55504,"comment_status":"closed","ping_status":"closed","sticky":false,"template":"","format":"standard","meta":{"footnotes":""},"categories":[3],"tags":[],"class_list":["post-55503","post","type-post","status-publish","format-standard","has-post-thumbnail","hentry","category-noticias"],"jetpack_featured_media_url":"https:\/\/hablemosclarotdf.com.ar\/wp-content\/uploads\/2025\/10\/photo_2025-10-22_18-42-41.jpg","_links":{"self":[{"href":"https:\/\/hablemosclarotdf.com.ar\/index.php?rest_route=\/wp\/v2\/posts\/55503","targetHints":{"allow":["GET"]}}],"collection":[{"href":"https:\/\/hablemosclarotdf.com.ar\/index.php?rest_route=\/wp\/v2\/posts"}],"about":[{"href":"https:\/\/hablemosclarotdf.com.ar\/index.php?rest_route=\/wp\/v2\/types\/post"}],"author":[{"embeddable":true,"href":"https:\/\/hablemosclarotdf.com.ar\/index.php?rest_route=\/wp\/v2\/users\/1"}],"replies":[{"embeddable":true,"href":"https:\/\/hablemosclarotdf.com.ar\/index.php?rest_route=%2Fwp%2Fv2%2Fcomments&post=55503"}],"version-history":[{"count":1,"href":"https:\/\/hablemosclarotdf.com.ar\/index.php?rest_route=\/wp\/v2\/posts\/55503\/revisions"}],"predecessor-version":[{"id":55505,"href":"https:\/\/hablemosclarotdf.com.ar\/index.php?rest_route=\/wp\/v2\/posts\/55503\/revisions\/55505"}],"wp:featuredmedia":[{"embeddable":true,"href":"https:\/\/hablemosclarotdf.com.ar\/index.php?rest_route=\/wp\/v2\/media\/55504"}],"wp:attachment":[{"href":"https:\/\/hablemosclarotdf.com.ar\/index.php?rest_route=%2Fwp%2Fv2%2Fmedia&parent=55503"}],"wp:term":[{"taxonomy":"category","embeddable":true,"href":"https:\/\/hablemosclarotdf.com.ar\/index.php?rest_route=%2Fwp%2Fv2%2Fcategories&post=55503"},{"taxonomy":"post_tag","embeddable":true,"href":"https:\/\/hablemosclarotdf.com.ar\/index.php?rest_route=%2Fwp%2Fv2%2Ftags&post=55503"}],"curies":[{"name":"wp","href":"https:\/\/api.w.org\/{rel}","templated":true}]}}