{"id":55493,"date":"2025-10-22T18:36:18","date_gmt":"2025-10-22T21:36:18","guid":{"rendered":"https:\/\/hablemosclarotdf.com.ar\/?p=55493"},"modified":"2025-10-22T18:36:18","modified_gmt":"2025-10-22T21:36:18","slug":"ushuaia-la-secretaria-de-cultura-y-educacion-acompanara-este-viernes-31-de-octubre-la-presentacion-del-libro-plavo-more-entre-dos-oceanos","status":"publish","type":"post","link":"https:\/\/hablemosclarotdf.com.ar\/?p=55493","title":{"rendered":"USHUAIA : LA SECRETAR\u00cdA DE CULTURA Y EDUCACI\u00d3N ACOMPA\u00d1AR\u00c1 ESTE VIERNES 31 DE OCTUBRE LA PRESENTACI\u00d3N DEL LIBRO \u201cPLAVO MORE ENTRE DOS OC\u00c9ANOS\u201d"},"content":{"rendered":"<p>La iniciativa se realizar\u00e1 en la Antigua Casa Beban a partir de las 18:00 horas<\/p>\n<p>La Secretar\u00eda de Cultura y Educaci\u00f3n de la Municipalidad de Ushuaia acompa\u00f1ar\u00e1 este viernes 31 de octubre a las 18:00 horas en la Antigua Casa Beban la presentaci\u00f3n del libro \u201cPlavo More Entre dos oc\u00e9anos\u201d de la autora fueguina Silvina Mariel Biott.<br \/>\nDicha iniciativa, que se realiza en articulaci\u00f3n con la Asociaci\u00f3n de Croatas en Argentina filial Ushuaia, expondr\u00e1 esta obra biling\u00fce en croata y espa\u00f1ol que fue presentada en la Feria Provincial del Libro y en la capital de Croacia, Zagreb. All\u00ed, poes\u00edas y relatos breves inspirados en el mar conectan el Mar Austral natal de la escritora, as\u00ed como el Adri\u00e1tico de sus ra\u00edces croatas.<br \/>\nBel\u00e9n Molina, secretaria de Cultura y Educaci\u00f3n, subray\u00f3 \u201cla importancia de acompa\u00f1ar este tipo de propuestas que acercan a la comunidad a nuestras y nuestros autores fueguinos. Nos llena de orgullo ser parte de esta presentaci\u00f3n donde Silvina nos comparte el puente de las culturas croata y fueguina, inspir\u00e1ndose en el maravilloso paisaje de ambos mares\u201d.<br \/>\nPor su parte la autora, Silvina Mariel Biott, destac\u00f3 que \u201cen las p\u00e1ginas de este libro habita la emoci\u00f3n de este viaje, la memoria de mis antepasados y la calma que nos regala el mar. Es un puente entre culturas, orillas y tiempos generacionales, siendo mi manera de agradecer al mar por su inspiraci\u00f3n, belleza, fuerza y la posibilidad que me dio de transitar el mismo camino que mi familia hizo\u201d.<br \/>\nPara conocer m\u00e1s sobre la presentaci\u00f3n del libro \u201cPlavo More Entre dos oc\u00e9anos\u201d, las y los interesados podr\u00e1n visitar las redes sociales de la Secretar\u00eda de Cultura y Educaci\u00f3n en @culturayeducacionush.<\/p>\n","protected":false},"excerpt":{"rendered":"<p>La iniciativa se realizar\u00e1 en la Antigua Casa Beban a partir de las 18:00 horas&#8230;<\/p>\n","protected":false},"author":1,"featured_media":55494,"comment_status":"closed","ping_status":"closed","sticky":false,"template":"","format":"standard","meta":{"footnotes":""},"categories":[3],"tags":[],"class_list":["post-55493","post","type-post","status-publish","format-standard","has-post-thumbnail","hentry","category-noticias"],"jetpack_featured_media_url":"https:\/\/hablemosclarotdf.com.ar\/wp-content\/uploads\/2025\/10\/photo_2025-10-22_18-35-49.jpg","_links":{"self":[{"href":"https:\/\/hablemosclarotdf.com.ar\/index.php?rest_route=\/wp\/v2\/posts\/55493","targetHints":{"allow":["GET"]}}],"collection":[{"href":"https:\/\/hablemosclarotdf.com.ar\/index.php?rest_route=\/wp\/v2\/posts"}],"about":[{"href":"https:\/\/hablemosclarotdf.com.ar\/index.php?rest_route=\/wp\/v2\/types\/post"}],"author":[{"embeddable":true,"href":"https:\/\/hablemosclarotdf.com.ar\/index.php?rest_route=\/wp\/v2\/users\/1"}],"replies":[{"embeddable":true,"href":"https:\/\/hablemosclarotdf.com.ar\/index.php?rest_route=%2Fwp%2Fv2%2Fcomments&post=55493"}],"version-history":[{"count":1,"href":"https:\/\/hablemosclarotdf.com.ar\/index.php?rest_route=\/wp\/v2\/posts\/55493\/revisions"}],"predecessor-version":[{"id":55495,"href":"https:\/\/hablemosclarotdf.com.ar\/index.php?rest_route=\/wp\/v2\/posts\/55493\/revisions\/55495"}],"wp:featuredmedia":[{"embeddable":true,"href":"https:\/\/hablemosclarotdf.com.ar\/index.php?rest_route=\/wp\/v2\/media\/55494"}],"wp:attachment":[{"href":"https:\/\/hablemosclarotdf.com.ar\/index.php?rest_route=%2Fwp%2Fv2%2Fmedia&parent=55493"}],"wp:term":[{"taxonomy":"category","embeddable":true,"href":"https:\/\/hablemosclarotdf.com.ar\/index.php?rest_route=%2Fwp%2Fv2%2Fcategories&post=55493"},{"taxonomy":"post_tag","embeddable":true,"href":"https:\/\/hablemosclarotdf.com.ar\/index.php?rest_route=%2Fwp%2Fv2%2Ftags&post=55493"}],"curies":[{"name":"wp","href":"https:\/\/api.w.org\/{rel}","templated":true}]}}