{"id":55484,"date":"2025-10-22T11:57:09","date_gmt":"2025-10-22T14:57:09","guid":{"rendered":"https:\/\/hablemosclarotdf.com.ar\/?p=55484"},"modified":"2025-10-22T11:57:09","modified_gmt":"2025-10-22T14:57:09","slug":"provincias-unidas-viene-a-cerrar-la-grieta-entre-milei-y-los-k-pablo-blanco-cierra-campana-esta-noche-en-rio-grande","status":"publish","type":"post","link":"https:\/\/hablemosclarotdf.com.ar\/?p=55484","title":{"rendered":"PROVINCIAS UNIDAS VIENE A CERRAR LA GRIETA ENTRE MILEI Y LOS K: PABLO BLANCO CIERRA CAMPA\u00d1A ESTA NOCHE EN R\u00cdO GRANDE"},"content":{"rendered":"<div>\n<p><strong>R\u00edo Grande, 22 de octubre de 2025<\/strong>\u00a0\u2013 Con un fuerte mensaje de unidad y compromiso federal, el senador nacional\u00a0<strong>Pablo Daniel Blanco<\/strong>, representante de\u00a0<strong>Tierra del Fuego<\/strong>\u00a0y\u00a0 candidato a renovar su banca por el espacio\u00a0<strong>Provincias Unidas<\/strong>, realizar\u00e1 esta noche a las\u00a0<strong>20:00 hs<\/strong>\u00a0su acto de\u00a0<strong>cierre de campa\u00f1a<\/strong>\u00a0en el\u00a0<strong>Comit\u00e9 de la UCR, ubicado en Elcano 681, R\u00edo Grande<\/strong>.<\/p>\n<p>&#8220;<strong>Provincias Unidas viene a cerrar la grieta entre Milei y los K. Venimos a construir desde el interior, con ideas claras, sin ataduras ideol\u00f3gicas ni obediencia partidaria ciega<\/strong>&#8220;, afirm\u00f3 Blanco, convocando a los fueguinos y fueguinas a participar y acompa\u00f1ar esta propuesta en las elecciones del\u00a0<strong>domingo 26 de octubre<\/strong>.<\/p>\n<p>Durante la campa\u00f1a, el legislador remarc\u00f3 en varias oportunidades el sentido profundo del espacio: \u201c<strong>Provincias Unidas es un grito federal. Nacimos para defender los intereses del interior productivo en el Congreso y terminar con las peleas que no dejan avanzar al pa\u00eds<\/strong>\u201d.<\/p>\n<p>\u201c<strong>Nos une el compromiso con la producci\u00f3n, el trabajo y la necesidad urgente de una Argentina que crezca sin depender de los extremos. Hay otra forma de hacer pol\u00edtica: sin imposiciones, con di\u00e1logo y con responsabilidad fiscal<\/strong>\u201d, se\u00f1al\u00f3 Blanco.<\/p>\n<p>En su mensaje a los fueguinos, Blanco fue enf\u00e1tico:<br \/>\n\u201c<strong>El Congreso necesita representantes que defiendan los intereses de Tierra del Fuego, no levanta manos del Gobierno nacional. Necesitamos legisladores que cuiden nuestra industria, nuestro trabajo, y sobre todo, nuestra soberan\u00eda y nuestra ubicaci\u00f3n estrat\u00e9gica<\/strong>\u201d.<\/p>\n<p>El senador fueguino tambi\u00e9n destac\u00f3 que el proyecto de\u00a0<em>Provincias Unidas<\/em>\u00a0prioriza las ideas sobre las ideolog\u00edas: \u201c<strong>No nos define la grieta, nos definen las convicciones. No vamos a responder a l\u00f3gicas partidarias que nos alejan de la gente<\/strong>\u201d.<\/p>\n<p>\u201c<strong>Este 26 de octubre vamos a elegir si seguimos discutiendo el pasado o si empezamos a construir un futuro distinto. Por eso los invito a todos esta noche a las 20:00 hs en Elcano 681. Vamos a cerrar esta campa\u00f1a como la empezamos: con convicciones, con respeto y con la firme decisi\u00f3n de representar a Tierra del Fuego con la verdad<\/strong>\u201d, concluy\u00f3.<\/p>\n<\/div>\n<div><\/div>\n","protected":false},"excerpt":{"rendered":"<p>R\u00edo Grande, 22 de octubre de 2025\u00a0\u2013 Con un fuerte mensaje de unidad y compromiso&#8230;<\/p>\n","protected":false},"author":1,"featured_media":55264,"comment_status":"closed","ping_status":"closed","sticky":false,"template":"","format":"standard","meta":{"footnotes":""},"categories":[3],"tags":[],"class_list":["post-55484","post","type-post","status-publish","format-standard","has-post-thumbnail","hentry","category-noticias"],"jetpack_featured_media_url":"https:\/\/hablemosclarotdf.com.ar\/wp-content\/uploads\/2025\/10\/0-8.jpg","_links":{"self":[{"href":"https:\/\/hablemosclarotdf.com.ar\/index.php?rest_route=\/wp\/v2\/posts\/55484","targetHints":{"allow":["GET"]}}],"collection":[{"href":"https:\/\/hablemosclarotdf.com.ar\/index.php?rest_route=\/wp\/v2\/posts"}],"about":[{"href":"https:\/\/hablemosclarotdf.com.ar\/index.php?rest_route=\/wp\/v2\/types\/post"}],"author":[{"embeddable":true,"href":"https:\/\/hablemosclarotdf.com.ar\/index.php?rest_route=\/wp\/v2\/users\/1"}],"replies":[{"embeddable":true,"href":"https:\/\/hablemosclarotdf.com.ar\/index.php?rest_route=%2Fwp%2Fv2%2Fcomments&post=55484"}],"version-history":[{"count":1,"href":"https:\/\/hablemosclarotdf.com.ar\/index.php?rest_route=\/wp\/v2\/posts\/55484\/revisions"}],"predecessor-version":[{"id":55485,"href":"https:\/\/hablemosclarotdf.com.ar\/index.php?rest_route=\/wp\/v2\/posts\/55484\/revisions\/55485"}],"wp:featuredmedia":[{"embeddable":true,"href":"https:\/\/hablemosclarotdf.com.ar\/index.php?rest_route=\/wp\/v2\/media\/55264"}],"wp:attachment":[{"href":"https:\/\/hablemosclarotdf.com.ar\/index.php?rest_route=%2Fwp%2Fv2%2Fmedia&parent=55484"}],"wp:term":[{"taxonomy":"category","embeddable":true,"href":"https:\/\/hablemosclarotdf.com.ar\/index.php?rest_route=%2Fwp%2Fv2%2Fcategories&post=55484"},{"taxonomy":"post_tag","embeddable":true,"href":"https:\/\/hablemosclarotdf.com.ar\/index.php?rest_route=%2Fwp%2Fv2%2Ftags&post=55484"}],"curies":[{"name":"wp","href":"https:\/\/api.w.org\/{rel}","templated":true}]}}