{"id":55481,"date":"2025-10-22T11:45:58","date_gmt":"2025-10-22T14:45:58","guid":{"rendered":"https:\/\/hablemosclarotdf.com.ar\/?p=55481"},"modified":"2025-10-22T11:45:58","modified_gmt":"2025-10-22T14:45:58","slug":"defendemos-la-industria-fueguina-y-nacional-frente-al-ajuste-que-destruye-el-pais","status":"publish","type":"post","link":"https:\/\/hablemosclarotdf.com.ar\/?p=55481","title":{"rendered":"\u201cDEFENDEMOS LA INDUSTRIA FUEGUINA Y NACIONAL FRENTE AL AJUSTE QUE DESTRUYE EL PA\u00cdS\u201d"},"content":{"rendered":"<p>El Gobernador de Tierra del Fuego AeIAS, Gustavo Melella, destac\u00f3 la competitividad de la industria nacional, en especial la fueguina, y critic\u00f3 duramente las pol\u00edticas del Presidente Javier Milei, a las que calific\u00f3 como un \u201cajuste inhumano\u201d que \u201cdestruye la industria\u201d y \u201cempobrece a la poblaci\u00f3n\u201d.<\/p>\n<p>\u201cEl Gobierno de Milei no defiende la industria nacional\u201d afirm\u00f3 el Mandatario. Adem\u00e1s, centr\u00f3 sus cr\u00edticas en el impacto de las medidas econ\u00f3micas en el consumo y la producci\u00f3n local. \u201cLo que hacen con los textiles es tremendo. \u00bfA qui\u00e9n le vamos a vender nuestros productos si la persona se debate entre comer o no comer? Ellos la hicieron subir de manera inhumana a la pobreza y ahora la hacen bajar. Si al problema del consumo le abr\u00eds la importaci\u00f3n, termin\u00e1s matando la industria\u201d, asegur\u00f3.<\/p>\n<p>El Gobernador manifest\u00f3 su respaldo total a las empresas Sue\u00f1o Fueguino S.A. y BARPLA S.A., como a todas las firmas del rubro, que enfrentan una situaci\u00f3n cr\u00edtica tras los decretos del Gobierno nacional que las excluyeron del r\u00e9gimen promocional de la Ley 19.640.<\/p>\n<p>\u201cEllos se van a presentar con un amparo ante la Justicia y el Gobierno va a acompa\u00f1ar ese amparo\u201d, anunci\u00f3 Melella, y sentenci\u00f3: \u201cNo vamos a permitir que se debilite una de las pocas pol\u00edticas federales activas que tiene la Argentina, que adem\u00e1s ha demostrado su capacidad de generar empleo formal y valor agregado en el extremo sur del pa\u00eds\u201d.<\/p>\n<p>Melella acus\u00f3 al Gobierno nacional de desatender las provincias: \u201cNo les interesa el interior, el pa\u00eds. Les voltean sectores productivos, a nosotros nos castigan por otro lado. No nos dan Aportes del Tesoro Nacional, programas, nada de nada\u201d.<\/p>\n<p>El Mandatario alert\u00f3 sobre las consecuencias de la actual pol\u00edtica econ\u00f3mica: \u201cSi no hay un cambio de rumbo, la industria textil, tecnol\u00f3gica, el turismo, la construcci\u00f3n, son todos los sectores que se ven afectados\u201d.<\/p>\n<p>\u201cNo hay consumo en el pa\u00eds porque empobrecen cada vez m\u00e1s a la gente, abren importaciones indiscriminadas, bajan aranceles y destruyen la industria tecnol\u00f3gica, y la automotriz\u201d, analiz\u00f3, y concluy\u00f3 con un llamado a la acci\u00f3n: \u201cPor eso hay que ponerle un l\u00edmite a Milei y ese l\u00edmite es Fuerza Patria\u201d.<\/p>\n","protected":false},"excerpt":{"rendered":"<p>El Gobernador de Tierra del Fuego AeIAS, Gustavo Melella, destac\u00f3 la competitividad de la industria&#8230;<\/p>\n","protected":false},"author":1,"featured_media":55482,"comment_status":"closed","ping_status":"closed","sticky":false,"template":"","format":"standard","meta":{"footnotes":""},"categories":[3],"tags":[],"class_list":["post-55481","post","type-post","status-publish","format-standard","has-post-thumbnail","hentry","category-noticias"],"jetpack_featured_media_url":"https:\/\/hablemosclarotdf.com.ar\/wp-content\/uploads\/2025\/10\/photo_2025-10-22_11-45-20.jpg","_links":{"self":[{"href":"https:\/\/hablemosclarotdf.com.ar\/index.php?rest_route=\/wp\/v2\/posts\/55481","targetHints":{"allow":["GET"]}}],"collection":[{"href":"https:\/\/hablemosclarotdf.com.ar\/index.php?rest_route=\/wp\/v2\/posts"}],"about":[{"href":"https:\/\/hablemosclarotdf.com.ar\/index.php?rest_route=\/wp\/v2\/types\/post"}],"author":[{"embeddable":true,"href":"https:\/\/hablemosclarotdf.com.ar\/index.php?rest_route=\/wp\/v2\/users\/1"}],"replies":[{"embeddable":true,"href":"https:\/\/hablemosclarotdf.com.ar\/index.php?rest_route=%2Fwp%2Fv2%2Fcomments&post=55481"}],"version-history":[{"count":1,"href":"https:\/\/hablemosclarotdf.com.ar\/index.php?rest_route=\/wp\/v2\/posts\/55481\/revisions"}],"predecessor-version":[{"id":55483,"href":"https:\/\/hablemosclarotdf.com.ar\/index.php?rest_route=\/wp\/v2\/posts\/55481\/revisions\/55483"}],"wp:featuredmedia":[{"embeddable":true,"href":"https:\/\/hablemosclarotdf.com.ar\/index.php?rest_route=\/wp\/v2\/media\/55482"}],"wp:attachment":[{"href":"https:\/\/hablemosclarotdf.com.ar\/index.php?rest_route=%2Fwp%2Fv2%2Fmedia&parent=55481"}],"wp:term":[{"taxonomy":"category","embeddable":true,"href":"https:\/\/hablemosclarotdf.com.ar\/index.php?rest_route=%2Fwp%2Fv2%2Fcategories&post=55481"},{"taxonomy":"post_tag","embeddable":true,"href":"https:\/\/hablemosclarotdf.com.ar\/index.php?rest_route=%2Fwp%2Fv2%2Ftags&post=55481"}],"curies":[{"name":"wp","href":"https:\/\/api.w.org\/{rel}","templated":true}]}}