{"id":55475,"date":"2025-10-22T11:41:51","date_gmt":"2025-10-22T14:41:51","guid":{"rendered":"https:\/\/hablemosclarotdf.com.ar\/?p=55475"},"modified":"2025-10-22T11:41:51","modified_gmt":"2025-10-22T14:41:51","slug":"abren-las-inscripciones-para-capacitacion-integral-de-inclusion-laboral","status":"publish","type":"post","link":"https:\/\/hablemosclarotdf.com.ar\/?p=55475","title":{"rendered":"ABREN LAS INSCRIPCIONES PARA CAPACITACI\u00d3N INTEGRAL DE INCLUSI\u00d3N LABORAL"},"content":{"rendered":"<p>El Ministerio de Trabajo y Empleo, a trav\u00e9s de la Subsecretar\u00eda de Pol\u00edticas y Vinculaci\u00f3n Comunitaria, en conjunto con el Ministerio de Bienestar Ciudadano y Justicia, inicia las inscripciones para una nueva edici\u00f3n de la Capacitaci\u00f3n Integral de Inclusi\u00f3n Laboral. La misma se llevar\u00e1 a cabo en Tolhuin el pr\u00f3ximo 27 de octubre en la Casa del Deporte (Seriot 321).<\/p>\n<p>Durante la jornada se abordar\u00e1n distintos ejes vinculados al mundo del trabajo de manera participativa, pr\u00e1ctica y orientada a resolver las inquietudes de los participantes. Entre ellos, la elaboraci\u00f3n de curr\u00edculum vitae con estrategias para destacar habilidades y experiencias; la preparaci\u00f3n para entrevistas laborales, incorporando herramientas de comunicaci\u00f3n efectiva y autoconfianza; nociones fundamentales de higiene y seguridad en el \u00e1mbito laboral; asesoramiento jur\u00eddico gratuito en materia de derechos laborales y herramientas para la prevenci\u00f3n de la violencia y\/o acoso laboral.<\/p>\n<p>La propuesta es gratuita y est\u00e1 orientada tanto a personas que se encuentran en la b\u00fasqueda de empleo como a trabajadores en actividad. Las personas interesadas en participar podr\u00e1n inscribirse completando el formulario de inscripci\u00f3n:<\/p>\n<p>https:\/\/forms.gle\/niL8yz39qCWrhkTZ7<\/p>\n<p>Tambi\u00e9n podr\u00e1n hacerlo de manera presencial en la delegaci\u00f3n del Ministerio de Trabajo y Empleo en Tolhuin, ubicada en Pedro Oliva 526, de lunes a viernes, de 9:00 a 15:00 horas.<\/p>\n","protected":false},"excerpt":{"rendered":"<p>El Ministerio de Trabajo y Empleo, a trav\u00e9s de la Subsecretar\u00eda de Pol\u00edticas y Vinculaci\u00f3n&#8230;<\/p>\n","protected":false},"author":1,"featured_media":55476,"comment_status":"closed","ping_status":"closed","sticky":false,"template":"","format":"standard","meta":{"footnotes":""},"categories":[3],"tags":[],"class_list":["post-55475","post","type-post","status-publish","format-standard","has-post-thumbnail","hentry","category-noticias"],"jetpack_featured_media_url":"https:\/\/hablemosclarotdf.com.ar\/wp-content\/uploads\/2025\/10\/photo_2025-10-22_11-41-13.jpg","_links":{"self":[{"href":"https:\/\/hablemosclarotdf.com.ar\/index.php?rest_route=\/wp\/v2\/posts\/55475","targetHints":{"allow":["GET"]}}],"collection":[{"href":"https:\/\/hablemosclarotdf.com.ar\/index.php?rest_route=\/wp\/v2\/posts"}],"about":[{"href":"https:\/\/hablemosclarotdf.com.ar\/index.php?rest_route=\/wp\/v2\/types\/post"}],"author":[{"embeddable":true,"href":"https:\/\/hablemosclarotdf.com.ar\/index.php?rest_route=\/wp\/v2\/users\/1"}],"replies":[{"embeddable":true,"href":"https:\/\/hablemosclarotdf.com.ar\/index.php?rest_route=%2Fwp%2Fv2%2Fcomments&post=55475"}],"version-history":[{"count":1,"href":"https:\/\/hablemosclarotdf.com.ar\/index.php?rest_route=\/wp\/v2\/posts\/55475\/revisions"}],"predecessor-version":[{"id":55477,"href":"https:\/\/hablemosclarotdf.com.ar\/index.php?rest_route=\/wp\/v2\/posts\/55475\/revisions\/55477"}],"wp:featuredmedia":[{"embeddable":true,"href":"https:\/\/hablemosclarotdf.com.ar\/index.php?rest_route=\/wp\/v2\/media\/55476"}],"wp:attachment":[{"href":"https:\/\/hablemosclarotdf.com.ar\/index.php?rest_route=%2Fwp%2Fv2%2Fmedia&parent=55475"}],"wp:term":[{"taxonomy":"category","embeddable":true,"href":"https:\/\/hablemosclarotdf.com.ar\/index.php?rest_route=%2Fwp%2Fv2%2Fcategories&post=55475"},{"taxonomy":"post_tag","embeddable":true,"href":"https:\/\/hablemosclarotdf.com.ar\/index.php?rest_route=%2Fwp%2Fv2%2Ftags&post=55475"}],"curies":[{"name":"wp","href":"https:\/\/api.w.org\/{rel}","templated":true}]}}