{"id":55423,"date":"2025-10-21T16:05:54","date_gmt":"2025-10-21T19:05:54","guid":{"rendered":"https:\/\/hablemosclarotdf.com.ar\/?p=55423"},"modified":"2025-10-21T16:05:54","modified_gmt":"2025-10-21T19:05:54","slug":"rio-grande-el-municipio-acompano-la-muestra-cultural-las-lenguas-estan-vivas-en-vos-del-polivalente-de-arte","status":"publish","type":"post","link":"https:\/\/hablemosclarotdf.com.ar\/?p=55423","title":{"rendered":"RIO GRANDE : EL MUNICIPIO ACOMPA\u00d1\u00d3 LA MUESTRA CULTURAL \u201cLAS LENGUAS EST\u00c1N VIVAS EN VOS\u201d DEL POLIVALENTE DE ARTE"},"content":{"rendered":"<p>Organizada por el Centro Polivalente de Arte &#8220;Diana Cotorruelo&#8221;, la jornada cont\u00f3 con la participaci\u00f3n de estudiantes de todos los a\u00f1os de la instituci\u00f3n e invitados especiales de la Escuela Provincial N\u00ba 5 \u201cDr. Esteban Laureano Maradona\u201d, quienes compartieron producciones art\u00edsticas y expresiones culturales en diferentes lenguas.<\/p>\n<p>Como parte del acompa\u00f1amiento, el Municipio repar\u00f3 20 atriles y entreg\u00f3 9 atriles nuevos, fortaleciendo los recursos con los que cuenta el establecimiento para sus actividades educativas y art\u00edsticas.<\/p>\n<p>Durante el encuentro estuvieron presentes el secretario de Gesti\u00f3n Ciudadana, Gonzalo Ferro; la secretaria de Obras P\u00fablicas, Arq. Silvina M\u00f3naco; la subsecretaria de Participaci\u00f3n Ciudadana, D\u00e9bora Galichini; y el director de Juventudes, Franco Ciarlante, quienes compartieron con la comunidad educativa y destacaron el valor del arte y los idiomas como herramientas de expresi\u00f3n, inclusi\u00f3n y encuentro.<\/p>\n<p>Desde el Municipio se resalt\u00f3 la importancia de acompa\u00f1ar y fortalecer las propuestas que promueven la creatividad, la identidad cultural y la formaci\u00f3n integral de los y las estudiantes, reafirmando el compromiso con las instituciones educativas de la ciudad.<\/p>\n<p><img loading=\"lazy\" decoding=\"async\" class=\"alignnone size-medium wp-image-55425\" src=\"https:\/\/hablemosclarotdf.com.ar\/wp-content\/uploads\/2025\/10\/photo_2025-10-21_16-04-39-300x187.jpg\" alt=\"\" width=\"300\" height=\"187\" srcset=\"https:\/\/hablemosclarotdf.com.ar\/wp-content\/uploads\/2025\/10\/photo_2025-10-21_16-04-39-300x187.jpg 300w, https:\/\/hablemosclarotdf.com.ar\/wp-content\/uploads\/2025\/10\/photo_2025-10-21_16-04-39-1024x639.jpg 1024w, https:\/\/hablemosclarotdf.com.ar\/wp-content\/uploads\/2025\/10\/photo_2025-10-21_16-04-39-768x479.jpg 768w, https:\/\/hablemosclarotdf.com.ar\/wp-content\/uploads\/2025\/10\/photo_2025-10-21_16-04-39-800x500.jpg 800w, https:\/\/hablemosclarotdf.com.ar\/wp-content\/uploads\/2025\/10\/photo_2025-10-21_16-04-39-400x250.jpg 400w, https:\/\/hablemosclarotdf.com.ar\/wp-content\/uploads\/2025\/10\/photo_2025-10-21_16-04-39.jpg 1280w\" sizes=\"auto, (max-width: 300px) 100vw, 300px\" \/> <img loading=\"lazy\" decoding=\"async\" class=\"alignnone size-medium wp-image-55426\" src=\"https:\/\/hablemosclarotdf.com.ar\/wp-content\/uploads\/2025\/10\/photo_2025-10-21_16-04-43-300x200.jpg\" alt=\"\" width=\"300\" height=\"200\" srcset=\"https:\/\/hablemosclarotdf.com.ar\/wp-content\/uploads\/2025\/10\/photo_2025-10-21_16-04-43-300x200.jpg 300w, https:\/\/hablemosclarotdf.com.ar\/wp-content\/uploads\/2025\/10\/photo_2025-10-21_16-04-43-1024x682.jpg 1024w, https:\/\/hablemosclarotdf.com.ar\/wp-content\/uploads\/2025\/10\/photo_2025-10-21_16-04-43-768x512.jpg 768w, https:\/\/hablemosclarotdf.com.ar\/wp-content\/uploads\/2025\/10\/photo_2025-10-21_16-04-43.jpg 1280w\" sizes=\"auto, (max-width: 300px) 100vw, 300px\" \/><\/p>\n","protected":false},"excerpt":{"rendered":"<p>Organizada por el Centro Polivalente de Arte &#8220;Diana Cotorruelo&#8221;, la jornada cont\u00f3 con la participaci\u00f3n&#8230;<\/p>\n","protected":false},"author":1,"featured_media":55424,"comment_status":"closed","ping_status":"closed","sticky":false,"template":"","format":"standard","meta":{"footnotes":""},"categories":[3],"tags":[],"class_list":["post-55423","post","type-post","status-publish","format-standard","has-post-thumbnail","hentry","category-noticias"],"jetpack_featured_media_url":"https:\/\/hablemosclarotdf.com.ar\/wp-content\/uploads\/2025\/10\/photo_2025-10-21_16-04-31.jpg","_links":{"self":[{"href":"https:\/\/hablemosclarotdf.com.ar\/index.php?rest_route=\/wp\/v2\/posts\/55423","targetHints":{"allow":["GET"]}}],"collection":[{"href":"https:\/\/hablemosclarotdf.com.ar\/index.php?rest_route=\/wp\/v2\/posts"}],"about":[{"href":"https:\/\/hablemosclarotdf.com.ar\/index.php?rest_route=\/wp\/v2\/types\/post"}],"author":[{"embeddable":true,"href":"https:\/\/hablemosclarotdf.com.ar\/index.php?rest_route=\/wp\/v2\/users\/1"}],"replies":[{"embeddable":true,"href":"https:\/\/hablemosclarotdf.com.ar\/index.php?rest_route=%2Fwp%2Fv2%2Fcomments&post=55423"}],"version-history":[{"count":1,"href":"https:\/\/hablemosclarotdf.com.ar\/index.php?rest_route=\/wp\/v2\/posts\/55423\/revisions"}],"predecessor-version":[{"id":55427,"href":"https:\/\/hablemosclarotdf.com.ar\/index.php?rest_route=\/wp\/v2\/posts\/55423\/revisions\/55427"}],"wp:featuredmedia":[{"embeddable":true,"href":"https:\/\/hablemosclarotdf.com.ar\/index.php?rest_route=\/wp\/v2\/media\/55424"}],"wp:attachment":[{"href":"https:\/\/hablemosclarotdf.com.ar\/index.php?rest_route=%2Fwp%2Fv2%2Fmedia&parent=55423"}],"wp:term":[{"taxonomy":"category","embeddable":true,"href":"https:\/\/hablemosclarotdf.com.ar\/index.php?rest_route=%2Fwp%2Fv2%2Fcategories&post=55423"},{"taxonomy":"post_tag","embeddable":true,"href":"https:\/\/hablemosclarotdf.com.ar\/index.php?rest_route=%2Fwp%2Fv2%2Ftags&post=55423"}],"curies":[{"name":"wp","href":"https:\/\/api.w.org\/{rel}","templated":true}]}}