{"id":55410,"date":"2025-10-21T15:39:28","date_gmt":"2025-10-21T18:39:28","guid":{"rendered":"https:\/\/hablemosclarotdf.com.ar\/?p=55410"},"modified":"2025-10-21T15:39:28","modified_gmt":"2025-10-21T18:39:28","slug":"rio-grande-inicia-el-taller-integral-re-nacer-juntas-acompanar-el-transito-cuestionar-el-mito","status":"publish","type":"post","link":"https:\/\/hablemosclarotdf.com.ar\/?p=55410","title":{"rendered":"RIO GRANDE : INICIA EL TALLER INTEGRAL \u201cRE-NACER JUNTAS: ACOMPA\u00d1AR EL TR\u00c1NSITO, CUESTIONAR EL MITO\u201d"},"content":{"rendered":"<p>La Secretar\u00eda de G\u00e9nero y Desarrollo Comunitario, junto a la Secretar\u00eda de Salud, invitan a personas que est\u00e9n transitando el postparto, a sumarse a esta iniciativa que tiene por objetivo crear un espacio de encuentro, reflexi\u00f3n y acompa\u00f1amiento; se propone cuestionar en conjunto los mitos de los procesos propios de esta etapa que se idealizan en el imaginario social.<\/p>\n<p>El Municipio de R\u00edo Grande llevar\u00e1 adelante el taller integral &#8220;RE-NACER JUNTAS&#8221;, una propuesta que busca acompa\u00f1ar a cada participante a transitar su puerperio \u201clibre de culpa\u201d, recorriendo las aventuras y desavenencias personales sin perjuicios propios o de terceros.<\/p>\n<p>El taller propone un espacio de escucha activa, acompa\u00f1amiento, reflexi\u00f3n y generaci\u00f3n de redes, que permitan identificar la posici\u00f3n en la cual se encuentran por sobre el ideal social; recuperar su voz y expresar, en primera persona, sus expectativas.<\/p>\n<p>El mismo se llevar\u00e1 adelante el martes 28 de octubre, 4 y 18 de noviembre y 2 de diciembre, en el Centro Municipal de Desarrollo Comunitario (Rafaela Ishton 1148), desde las 15 hasta las 16:30 horas.<\/p>\n<p>Quienes est\u00e9n interesadas en participar podr\u00e1n inscribirse a trav\u00e9s del siguiente link: https:\/\/bit.ly\/3E4AtTr. Para m\u00e1s informaci\u00f3n pueden comunicarse por WhatsApp al 2964574608.<\/p>\n<p>A trav\u00e9s de estas iniciativas, y durante todo el a\u00f1o, el Municipio brinda espacios de contenci\u00f3n y recreaci\u00f3n para los vecinos y vecinas de la ciudad.<\/p>\n","protected":false},"excerpt":{"rendered":"<p>La Secretar\u00eda de G\u00e9nero y Desarrollo Comunitario, junto a la Secretar\u00eda de Salud, invitan a&#8230;<\/p>\n","protected":false},"author":1,"featured_media":55411,"comment_status":"closed","ping_status":"closed","sticky":false,"template":"","format":"standard","meta":{"footnotes":""},"categories":[3],"tags":[],"class_list":["post-55410","post","type-post","status-publish","format-standard","has-post-thumbnail","hentry","category-noticias"],"jetpack_featured_media_url":"https:\/\/hablemosclarotdf.com.ar\/wp-content\/uploads\/2025\/10\/photo_2025-10-21_15-38-21.jpg","_links":{"self":[{"href":"https:\/\/hablemosclarotdf.com.ar\/index.php?rest_route=\/wp\/v2\/posts\/55410","targetHints":{"allow":["GET"]}}],"collection":[{"href":"https:\/\/hablemosclarotdf.com.ar\/index.php?rest_route=\/wp\/v2\/posts"}],"about":[{"href":"https:\/\/hablemosclarotdf.com.ar\/index.php?rest_route=\/wp\/v2\/types\/post"}],"author":[{"embeddable":true,"href":"https:\/\/hablemosclarotdf.com.ar\/index.php?rest_route=\/wp\/v2\/users\/1"}],"replies":[{"embeddable":true,"href":"https:\/\/hablemosclarotdf.com.ar\/index.php?rest_route=%2Fwp%2Fv2%2Fcomments&post=55410"}],"version-history":[{"count":1,"href":"https:\/\/hablemosclarotdf.com.ar\/index.php?rest_route=\/wp\/v2\/posts\/55410\/revisions"}],"predecessor-version":[{"id":55412,"href":"https:\/\/hablemosclarotdf.com.ar\/index.php?rest_route=\/wp\/v2\/posts\/55410\/revisions\/55412"}],"wp:featuredmedia":[{"embeddable":true,"href":"https:\/\/hablemosclarotdf.com.ar\/index.php?rest_route=\/wp\/v2\/media\/55411"}],"wp:attachment":[{"href":"https:\/\/hablemosclarotdf.com.ar\/index.php?rest_route=%2Fwp%2Fv2%2Fmedia&parent=55410"}],"wp:term":[{"taxonomy":"category","embeddable":true,"href":"https:\/\/hablemosclarotdf.com.ar\/index.php?rest_route=%2Fwp%2Fv2%2Fcategories&post=55410"},{"taxonomy":"post_tag","embeddable":true,"href":"https:\/\/hablemosclarotdf.com.ar\/index.php?rest_route=%2Fwp%2Fv2%2Ftags&post=55410"}],"curies":[{"name":"wp","href":"https:\/\/api.w.org\/{rel}","templated":true}]}}