{"id":55359,"date":"2025-10-21T13:31:31","date_gmt":"2025-10-21T16:31:31","guid":{"rendered":"https:\/\/hablemosclarotdf.com.ar\/?p=55359"},"modified":"2025-10-21T13:31:31","modified_gmt":"2025-10-21T16:31:31","slug":"rio-grande-juventudes-disfrutaron-del-spinetta-day-en-el-espacio-joven-zona-sur","status":"publish","type":"post","link":"https:\/\/hablemosclarotdf.com.ar\/?p=55359","title":{"rendered":"RIO GRANDE : JUVENTUDES DISFRUTARON DEL &#8220;SPINETTA DAY&#8221; EN EL ESPACIO JOVEN ZONA SUR"},"content":{"rendered":"<p>El Espacio Joven de la zona sur fue escenario del Spinetta Day, una jornada pensada para celebrar la obra y el legado de uno de los m\u00fasicos m\u00e1s influyentes del rock nacional.<\/p>\n<p>Durante la tarde se presentaron diversas bandas y artistas locales -Manuel Caire; Triana Aguirre y Alejandra Benitez; Cristian Rodriguez; Santiago Le\u00f3n; y el DJ Fabian Castro-, quienes interpretaron canciones de todas las etapas musicales del \u201cFlaco\u201d, generando un ambiente de emoci\u00f3n, arte y disfrute colectivo.<\/p>\n<p>Adem\u00e1s de las presentaciones musicales, el espacio cont\u00f3 con propuestas gastron\u00f3micas, un DJ en vivo y la participaci\u00f3n de j\u00f3venes y familias que se acercaron a compartir una jornada distinta, uniendo generaciones a trav\u00e9s de la m\u00fasica.<\/p>\n<p>Al respecto, la subsecretaria de Participaci\u00f3n Ciudadana, D\u00e9bora Galichini, destac\u00f3 la importancia de estos espacios culturales: \u201cpensamos estos puntos para acercar a la cultura, pero sobre todo para compartir en familia, que nuestros j\u00f3venes tengan un espacio de contenci\u00f3n. Queremos seguir haciendo grande a la cultura fueguina, as\u00ed que muchas gracias a todos los que formaron parte\u201d.<\/p>\n<p>Galichini tambi\u00e9n felicit\u00f3 a los y las participantes de los talleres del Espacio Joven y al profesor Facundo Vargas, quien coordin\u00f3 las presentaciones que hicieron posible esta celebraci\u00f3n.<\/p>\n<p>El Spinetta Day fue una muestra m\u00e1s del compromiso del Municipio con la promoci\u00f3n de la cultura local y la creaci\u00f3n de espacios donde las juventudes puedan expresarse, aprender y disfrutar en comunidad.<\/p>\n<p>&nbsp;<\/p>\n<p><img loading=\"lazy\" decoding=\"async\" class=\"alignnone size-medium wp-image-55361\" src=\"https:\/\/hablemosclarotdf.com.ar\/wp-content\/uploads\/2025\/10\/photo_2025-10-21_13-30-10-300x188.jpg\" alt=\"\" width=\"300\" height=\"188\" srcset=\"https:\/\/hablemosclarotdf.com.ar\/wp-content\/uploads\/2025\/10\/photo_2025-10-21_13-30-10-300x188.jpg 300w, https:\/\/hablemosclarotdf.com.ar\/wp-content\/uploads\/2025\/10\/photo_2025-10-21_13-30-10-1024x640.jpg 1024w, https:\/\/hablemosclarotdf.com.ar\/wp-content\/uploads\/2025\/10\/photo_2025-10-21_13-30-10-768x480.jpg 768w, https:\/\/hablemosclarotdf.com.ar\/wp-content\/uploads\/2025\/10\/photo_2025-10-21_13-30-10-800x500.jpg 800w, https:\/\/hablemosclarotdf.com.ar\/wp-content\/uploads\/2025\/10\/photo_2025-10-21_13-30-10-540x340.jpg 540w, https:\/\/hablemosclarotdf.com.ar\/wp-content\/uploads\/2025\/10\/photo_2025-10-21_13-30-10-400x250.jpg 400w, https:\/\/hablemosclarotdf.com.ar\/wp-content\/uploads\/2025\/10\/photo_2025-10-21_13-30-10.jpg 1280w\" sizes=\"auto, (max-width: 300px) 100vw, 300px\" \/> <img loading=\"lazy\" decoding=\"async\" class=\"alignnone size-medium wp-image-55362\" src=\"https:\/\/hablemosclarotdf.com.ar\/wp-content\/uploads\/2025\/10\/photo_2025-10-21_13-30-13-300x187.jpg\" alt=\"\" width=\"300\" height=\"187\" srcset=\"https:\/\/hablemosclarotdf.com.ar\/wp-content\/uploads\/2025\/10\/photo_2025-10-21_13-30-13-300x187.jpg 300w, https:\/\/hablemosclarotdf.com.ar\/wp-content\/uploads\/2025\/10\/photo_2025-10-21_13-30-13-1024x639.jpg 1024w, https:\/\/hablemosclarotdf.com.ar\/wp-content\/uploads\/2025\/10\/photo_2025-10-21_13-30-13-768x479.jpg 768w, https:\/\/hablemosclarotdf.com.ar\/wp-content\/uploads\/2025\/10\/photo_2025-10-21_13-30-13-800x500.jpg 800w, https:\/\/hablemosclarotdf.com.ar\/wp-content\/uploads\/2025\/10\/photo_2025-10-21_13-30-13-400x250.jpg 400w, https:\/\/hablemosclarotdf.com.ar\/wp-content\/uploads\/2025\/10\/photo_2025-10-21_13-30-13.jpg 1280w\" sizes=\"auto, (max-width: 300px) 100vw, 300px\" \/><\/p>\n","protected":false},"excerpt":{"rendered":"<p>El Espacio Joven de la zona sur fue escenario del Spinetta Day, una jornada pensada&#8230;<\/p>\n","protected":false},"author":1,"featured_media":55360,"comment_status":"closed","ping_status":"closed","sticky":false,"template":"","format":"standard","meta":{"footnotes":""},"categories":[3],"tags":[],"class_list":["post-55359","post","type-post","status-publish","format-standard","has-post-thumbnail","hentry","category-noticias"],"jetpack_featured_media_url":"https:\/\/hablemosclarotdf.com.ar\/wp-content\/uploads\/2025\/10\/photo_2025-10-21_13-29-59.jpg","_links":{"self":[{"href":"https:\/\/hablemosclarotdf.com.ar\/index.php?rest_route=\/wp\/v2\/posts\/55359","targetHints":{"allow":["GET"]}}],"collection":[{"href":"https:\/\/hablemosclarotdf.com.ar\/index.php?rest_route=\/wp\/v2\/posts"}],"about":[{"href":"https:\/\/hablemosclarotdf.com.ar\/index.php?rest_route=\/wp\/v2\/types\/post"}],"author":[{"embeddable":true,"href":"https:\/\/hablemosclarotdf.com.ar\/index.php?rest_route=\/wp\/v2\/users\/1"}],"replies":[{"embeddable":true,"href":"https:\/\/hablemosclarotdf.com.ar\/index.php?rest_route=%2Fwp%2Fv2%2Fcomments&post=55359"}],"version-history":[{"count":1,"href":"https:\/\/hablemosclarotdf.com.ar\/index.php?rest_route=\/wp\/v2\/posts\/55359\/revisions"}],"predecessor-version":[{"id":55363,"href":"https:\/\/hablemosclarotdf.com.ar\/index.php?rest_route=\/wp\/v2\/posts\/55359\/revisions\/55363"}],"wp:featuredmedia":[{"embeddable":true,"href":"https:\/\/hablemosclarotdf.com.ar\/index.php?rest_route=\/wp\/v2\/media\/55360"}],"wp:attachment":[{"href":"https:\/\/hablemosclarotdf.com.ar\/index.php?rest_route=%2Fwp%2Fv2%2Fmedia&parent=55359"}],"wp:term":[{"taxonomy":"category","embeddable":true,"href":"https:\/\/hablemosclarotdf.com.ar\/index.php?rest_route=%2Fwp%2Fv2%2Fcategories&post=55359"},{"taxonomy":"post_tag","embeddable":true,"href":"https:\/\/hablemosclarotdf.com.ar\/index.php?rest_route=%2Fwp%2Fv2%2Ftags&post=55359"}],"curies":[{"name":"wp","href":"https:\/\/api.w.org\/{rel}","templated":true}]}}