{"id":55351,"date":"2025-10-21T10:38:48","date_gmt":"2025-10-21T13:38:48","guid":{"rendered":"https:\/\/hablemosclarotdf.com.ar\/?p=55351"},"modified":"2025-10-21T10:38:48","modified_gmt":"2025-10-21T13:38:48","slug":"rio-grande-el-futsal-es-identidad-historia-y-cultura-riograndense","status":"publish","type":"post","link":"https:\/\/hablemosclarotdf.com.ar\/?p=55351","title":{"rendered":"RIO GRANDE : \u201cEL FUTSAL ES IDENTIDAD, HISTORIA Y CULTURA RIOGRANDENSE\u201d"},"content":{"rendered":"<p>As\u00ed lo afirm\u00f3 el intendente Mart\u00edn Perez, en el marco de un encuentro con autoridades de la Liga Oficial de Futbol de la ciudad y deportistas. Durante el mismo, Perez ratific\u00f3 el acompa\u00f1amiento del Municipal a la Selecci\u00f3n de Futsal de R\u00edo Grande que viajar\u00e1 a Posadas, Misiones, para participar del Torneo Nacional Masculino de Selecciones de Ligas 2025.<\/p>\n<p>El intendente Mart\u00edn Perez, mantuvo una reuni\u00f3n con Guillermo Vargas, presidente de la Liga Oficial de F\u00fatbol y deportistas de la ciudad. Tambi\u00e9n estuvieron presentes el gerente ejecutivo de la Agencia Municipal de Deportes, Cultura y Turismo, Sebasti\u00e1n Benda\u00f1a; el subsecretario de Deportes, Diego Radwanitzer y la directora de Deportes, Antonela Soto.<\/p>\n<p>Durante la reuni\u00f3n, las autoridades concretaron la entrega de pasajes a la Selecci\u00f3n de R\u00edo Grande, que representar\u00e1 a la ciudad en el Torneo Nacional Masculino de Selecciones de Ligas 2025. Dicho certamen se desarrollar\u00e1 del 4 al 9 de noviembre en Posadas, Misiones.<\/p>\n<p>Al respecto, el intendente Mart\u00edn Perez expres\u00f3: \u201csabemos que, como jugadores, ustedes representan de la mejor manera a R\u00edo Grande. Llevan consigo la identidad riograndense mediante el futsal. Este deporte es parte de nuestra historia deportiva y cultural, y ustedes son los encargados de dar a conocer lo que eso significa\u201d.<\/p>\n<p>Perez subray\u00f3 que \u201ccon el compromiso de los \u00e1rbitros, entrenadores, dirigentes y deportistas, se refleja el esfuerzo conjunto de una comunidad que valora el desarrollo del deporte local como parte de la identidad de R\u00edo Grande\u201d.<\/p>\n<p>\u201cDesde el Municipio decidimos acompa\u00f1ar y estar presentes con recursos propios porque creemos en el deporte. En tiempos donde el Gobierno Nacional decide correrse, nosotros reafirmamos nuestra decisi\u00f3n de estar cerca mediante un esfuerzo en comunidad. Cada vecino y vecina que cumple con sus aportes contribuye tambi\u00e9n a que nuestros deportistas puedan representar a la ciudad en este importante torneo nacional\u201d, concluy\u00f3.<\/p>\n<p>Por su parte, el presidente de la Liga Oficial de F\u00fatbol, Guillermo Vargas destac\u00f3 que \u201cnuestros jugadores podr\u00e1n participar del Torneo Nacional representando a la selecci\u00f3n de la ciudad, y eso nos llena de orgullo. Como Presidente de la Liga quiero valorar que, a trav\u00e9s de la gesti\u00f3n y el compromiso del Intendente, nuestros deportistas cuentan con la seguridad y las condiciones necesarias para competir\u201d.<\/p>\n<p>Asimismo, Vargas se\u00f1al\u00f3 que \u201chace muchos a\u00f1os que no encontr\u00e1bamos las garant\u00edas que hoy tenemos con la actual gesti\u00f3n municipal y como Liga es fundamental poder responder con la misma seriedad al trabajo que realiza el Municipio\u201d.<\/p>\n<p>Durante el encuentro, adem\u00e1s, se hizo entrega de indumentaria personalizada a cada \u00e1rbitro de Futsal AFA de la ciudad, con el objetivo de que cada miembro pueda desempe\u00f1ar su tarea con un uniforme oficial.<\/p>\n","protected":false},"excerpt":{"rendered":"<p>As\u00ed lo afirm\u00f3 el intendente Mart\u00edn Perez, en el marco de un encuentro con autoridades&#8230;<\/p>\n","protected":false},"author":1,"featured_media":55352,"comment_status":"closed","ping_status":"closed","sticky":false,"template":"","format":"standard","meta":{"footnotes":""},"categories":[3],"tags":[],"class_list":["post-55351","post","type-post","status-publish","format-standard","has-post-thumbnail","hentry","category-noticias"],"jetpack_featured_media_url":"https:\/\/hablemosclarotdf.com.ar\/wp-content\/uploads\/2025\/10\/photo_2025-10-21_10-38-27.jpg","_links":{"self":[{"href":"https:\/\/hablemosclarotdf.com.ar\/index.php?rest_route=\/wp\/v2\/posts\/55351","targetHints":{"allow":["GET"]}}],"collection":[{"href":"https:\/\/hablemosclarotdf.com.ar\/index.php?rest_route=\/wp\/v2\/posts"}],"about":[{"href":"https:\/\/hablemosclarotdf.com.ar\/index.php?rest_route=\/wp\/v2\/types\/post"}],"author":[{"embeddable":true,"href":"https:\/\/hablemosclarotdf.com.ar\/index.php?rest_route=\/wp\/v2\/users\/1"}],"replies":[{"embeddable":true,"href":"https:\/\/hablemosclarotdf.com.ar\/index.php?rest_route=%2Fwp%2Fv2%2Fcomments&post=55351"}],"version-history":[{"count":1,"href":"https:\/\/hablemosclarotdf.com.ar\/index.php?rest_route=\/wp\/v2\/posts\/55351\/revisions"}],"predecessor-version":[{"id":55353,"href":"https:\/\/hablemosclarotdf.com.ar\/index.php?rest_route=\/wp\/v2\/posts\/55351\/revisions\/55353"}],"wp:featuredmedia":[{"embeddable":true,"href":"https:\/\/hablemosclarotdf.com.ar\/index.php?rest_route=\/wp\/v2\/media\/55352"}],"wp:attachment":[{"href":"https:\/\/hablemosclarotdf.com.ar\/index.php?rest_route=%2Fwp%2Fv2%2Fmedia&parent=55351"}],"wp:term":[{"taxonomy":"category","embeddable":true,"href":"https:\/\/hablemosclarotdf.com.ar\/index.php?rest_route=%2Fwp%2Fv2%2Fcategories&post=55351"},{"taxonomy":"post_tag","embeddable":true,"href":"https:\/\/hablemosclarotdf.com.ar\/index.php?rest_route=%2Fwp%2Fv2%2Ftags&post=55351"}],"curies":[{"name":"wp","href":"https:\/\/api.w.org\/{rel}","templated":true}]}}