{"id":55348,"date":"2025-10-21T10:36:02","date_gmt":"2025-10-21T13:36:02","guid":{"rendered":"https:\/\/hablemosclarotdf.com.ar\/?p=55348"},"modified":"2025-10-21T10:36:02","modified_gmt":"2025-10-21T13:36:02","slug":"rio-grande-condolencias-fallecio-domingo-mingo-gutierrez","status":"publish","type":"post","link":"https:\/\/hablemosclarotdf.com.ar\/?p=55348","title":{"rendered":"RIO GRANDE : CONDOLENCIAS FALLECIO Domingo \u201cMingo\u201d Guti\u00e9rrez,"},"content":{"rendered":"<p>El intendente Mart\u00edn Perez, miembros del gabinete y trabajadores municipales expresan su m\u00e1s profundo pesar por el fallecimiento de Domingo \u201cMingo\u201d Guti\u00e9rrez, periodista, historiador y ex concejal de nuestra ciudad.<\/p>\n<p>Mingo fue un vecino comprometido con la historia y la identidad de R\u00edo Grande. Su trabajo como periodista, docente e historiador contribuy\u00f3 enormemente a rescatar la memoria colectiva y el valor de nuestra comunidad.<\/p>\n<p>El Intendente y los trabajadores municipales acompa\u00f1an con afecto a sus familiares, amigos y colegas, reconociendo en Mingo a un hombre apasionado por su tierra, por su gente y por la verdad.<\/p>\n<p>Su legado permanecer\u00e1 vivo en cada relato sobre la historia de R\u00edo Grande y en el cari\u00f1o de quienes compartieron con \u00e9l su vocaci\u00f3n y su compromiso con la ciudad.<\/p>\n","protected":false},"excerpt":{"rendered":"<p>El intendente Mart\u00edn Perez, miembros del gabinete y trabajadores municipales expresan su m\u00e1s profundo pesar&#8230;<\/p>\n","protected":false},"author":1,"featured_media":55349,"comment_status":"closed","ping_status":"closed","sticky":false,"template":"","format":"standard","meta":{"footnotes":""},"categories":[3],"tags":[],"class_list":["post-55348","post","type-post","status-publish","format-standard","has-post-thumbnail","hentry","category-noticias"],"jetpack_featured_media_url":"https:\/\/hablemosclarotdf.com.ar\/wp-content\/uploads\/2025\/10\/download-6.jpg","_links":{"self":[{"href":"https:\/\/hablemosclarotdf.com.ar\/index.php?rest_route=\/wp\/v2\/posts\/55348","targetHints":{"allow":["GET"]}}],"collection":[{"href":"https:\/\/hablemosclarotdf.com.ar\/index.php?rest_route=\/wp\/v2\/posts"}],"about":[{"href":"https:\/\/hablemosclarotdf.com.ar\/index.php?rest_route=\/wp\/v2\/types\/post"}],"author":[{"embeddable":true,"href":"https:\/\/hablemosclarotdf.com.ar\/index.php?rest_route=\/wp\/v2\/users\/1"}],"replies":[{"embeddable":true,"href":"https:\/\/hablemosclarotdf.com.ar\/index.php?rest_route=%2Fwp%2Fv2%2Fcomments&post=55348"}],"version-history":[{"count":1,"href":"https:\/\/hablemosclarotdf.com.ar\/index.php?rest_route=\/wp\/v2\/posts\/55348\/revisions"}],"predecessor-version":[{"id":55350,"href":"https:\/\/hablemosclarotdf.com.ar\/index.php?rest_route=\/wp\/v2\/posts\/55348\/revisions\/55350"}],"wp:featuredmedia":[{"embeddable":true,"href":"https:\/\/hablemosclarotdf.com.ar\/index.php?rest_route=\/wp\/v2\/media\/55349"}],"wp:attachment":[{"href":"https:\/\/hablemosclarotdf.com.ar\/index.php?rest_route=%2Fwp%2Fv2%2Fmedia&parent=55348"}],"wp:term":[{"taxonomy":"category","embeddable":true,"href":"https:\/\/hablemosclarotdf.com.ar\/index.php?rest_route=%2Fwp%2Fv2%2Fcategories&post=55348"},{"taxonomy":"post_tag","embeddable":true,"href":"https:\/\/hablemosclarotdf.com.ar\/index.php?rest_route=%2Fwp%2Fv2%2Ftags&post=55348"}],"curies":[{"name":"wp","href":"https:\/\/api.w.org\/{rel}","templated":true}]}}