{"id":55306,"date":"2025-10-20T17:56:38","date_gmt":"2025-10-20T20:56:38","guid":{"rendered":"https:\/\/hablemosclarotdf.com.ar\/?p=55306"},"modified":"2025-10-20T17:56:38","modified_gmt":"2025-10-20T20:56:38","slug":"ushuaia-el-municipio-convoca-a-emprendedores-para-una-nueva-edicion-de-la-expo-feria","status":"publish","type":"post","link":"https:\/\/hablemosclarotdf.com.ar\/?p=55306","title":{"rendered":"USHUAIA : EL MUNICIPIO  CONVOCA A EMPRENDEDORES PARA UNA NUEVA EDICI\u00d3N DE LA EXPO FERIA"},"content":{"rendered":"<p>La Municipalidad de Ushuaia, a trav\u00e9s de la Secretar\u00eda de Pol\u00edticas Sociales, Sanitarias y Derechos Humanos, invita a emprendedores, emprendedoras y cooperativas de la ciudad a participar en una nueva edici\u00f3n de la Expo Feria y Mercado Concentrador que se desarrollar\u00e1 los d\u00edas 8 y 9 de noviembre en el microestadio municipal Jos\u00e9 \u201cCochocho\u201d Vargas<br \/>\nEl objetivo de la propuesta es continuar fortaleciendo los espacios de comercializaci\u00f3n local, promoviendo el consumo interno y visibilizando el trabajo de quienes producen en Ushuaia.<br \/>\nLas personas interesadas en participar podr\u00e1n inscribirse a trav\u00e9s del formulario online disponible en https:\/\/inscripciones.website\/expo-feria-mercado-concentrador\/, completando sus datos y rubro correspondiente.<\/p>\n","protected":false},"excerpt":{"rendered":"<p>La Municipalidad de Ushuaia, a trav\u00e9s de la Secretar\u00eda de Pol\u00edticas Sociales, Sanitarias y Derechos&#8230;<\/p>\n","protected":false},"author":1,"featured_media":55307,"comment_status":"closed","ping_status":"closed","sticky":false,"template":"","format":"standard","meta":{"footnotes":""},"categories":[3],"tags":[],"class_list":["post-55306","post","type-post","status-publish","format-standard","has-post-thumbnail","hentry","category-noticias"],"jetpack_featured_media_url":"https:\/\/hablemosclarotdf.com.ar\/wp-content\/uploads\/2025\/10\/photo_2025-10-20_17-55-55.jpg","_links":{"self":[{"href":"https:\/\/hablemosclarotdf.com.ar\/index.php?rest_route=\/wp\/v2\/posts\/55306","targetHints":{"allow":["GET"]}}],"collection":[{"href":"https:\/\/hablemosclarotdf.com.ar\/index.php?rest_route=\/wp\/v2\/posts"}],"about":[{"href":"https:\/\/hablemosclarotdf.com.ar\/index.php?rest_route=\/wp\/v2\/types\/post"}],"author":[{"embeddable":true,"href":"https:\/\/hablemosclarotdf.com.ar\/index.php?rest_route=\/wp\/v2\/users\/1"}],"replies":[{"embeddable":true,"href":"https:\/\/hablemosclarotdf.com.ar\/index.php?rest_route=%2Fwp%2Fv2%2Fcomments&post=55306"}],"version-history":[{"count":1,"href":"https:\/\/hablemosclarotdf.com.ar\/index.php?rest_route=\/wp\/v2\/posts\/55306\/revisions"}],"predecessor-version":[{"id":55308,"href":"https:\/\/hablemosclarotdf.com.ar\/index.php?rest_route=\/wp\/v2\/posts\/55306\/revisions\/55308"}],"wp:featuredmedia":[{"embeddable":true,"href":"https:\/\/hablemosclarotdf.com.ar\/index.php?rest_route=\/wp\/v2\/media\/55307"}],"wp:attachment":[{"href":"https:\/\/hablemosclarotdf.com.ar\/index.php?rest_route=%2Fwp%2Fv2%2Fmedia&parent=55306"}],"wp:term":[{"taxonomy":"category","embeddable":true,"href":"https:\/\/hablemosclarotdf.com.ar\/index.php?rest_route=%2Fwp%2Fv2%2Fcategories&post=55306"},{"taxonomy":"post_tag","embeddable":true,"href":"https:\/\/hablemosclarotdf.com.ar\/index.php?rest_route=%2Fwp%2Fv2%2Ftags&post=55306"}],"curies":[{"name":"wp","href":"https:\/\/api.w.org\/{rel}","templated":true}]}}