{"id":55288,"date":"2025-10-20T15:42:09","date_gmt":"2025-10-20T18:42:09","guid":{"rendered":"https:\/\/hablemosclarotdf.com.ar\/?p=55288"},"modified":"2025-10-20T15:42:09","modified_gmt":"2025-10-20T18:42:09","slug":"blanco-trump-reconocio-que-el-plan-economico-de-milei-fracaso","status":"publish","type":"post","link":"https:\/\/hablemosclarotdf.com.ar\/?p=55288","title":{"rendered":"Blanco: \u201cTrump reconoci\u00f3 que el plan econ\u00f3mico de Milei fracas\u00f3\u201d"},"content":{"rendered":"<p><center><\/p>\n<table id=\"m_-619220227244721305bodyTable\" border=\"0\" width=\"100%\" cellspacing=\"0\" cellpadding=\"0\" align=\"center\">\n<tbody>\n<tr>\n<td id=\"m_-619220227244721305bodyCell\" align=\"left\" valign=\"top\">\n<table class=\"m_-619220227244721305templateContainer\" border=\"0\" width=\"100%\" cellspacing=\"0\" cellpadding=\"0\">\n<tbody>\n<tr>\n<td id=\"m_-619220227244721305templateFooter\" valign=\"top\">\n<table border=\"0\" width=\"100%\" cellspacing=\"0\" cellpadding=\"0\">\n<tbody>\n<tr>\n<td valign=\"top\">\n<table class=\"m_-619220227244721305mcnTextContentContainer\" border=\"0\" width=\"100%\" cellspacing=\"0\" cellpadding=\"0\" align=\"left\">\n<tbody>\n<tr>\n<td class=\"m_-619220227244721305mcnTextContent\" valign=\"top\">\n<div><strong>Lunes 20 de octubre<\/strong>. El senador nacional por Tierra del Fuego, Pablo Daniel Blanco (Provincias Unidas), cuestion\u00f3 con dureza las recientes declaraciones del presidente de Estados Unidos, Donald Trump, quien al justificar el apoyo financiero a la Argentina afirm\u00f3:<\/p>\n<p>\u201cNo tienen dinero, no tienen nada, est\u00e1n luchando fuerte para sobrevivir\u2026 Si puedo ayudarlos a sobrevivir en un mundo libre\u2026 El presidente de Argentina est\u00e1 haciendo lo mejor que puede, pero est\u00e1n muriendo.\u201d<\/p>\n<p>Blanco consider\u00f3 que esas palabras reflejan la grave dependencia y vulnerabilidad en la que el Gobierno nacional ha colocado al pa\u00eds.<\/p>\n<p>\u201cNo lo digo yo, lo dio Trump. Dijo que los argentinos est\u00e1n muriendo y eso es la aceptaci\u00f3n impl\u00edcita del fracaso total de las pol\u00edticas de ajuste sin la menor sensibilidad social que est\u00e1 llevando a cabo el gobierno libertario. Milei nos quiere vender que todo est\u00e1 bien pero el salvataje condicionado que le est\u00e1 dando el gobierno de Estados Unidos nos advierte claramente de lo contrario\u201d.<\/p>\n<p>\u201cAhora resulta que -adem\u00e1s- nos quieren comprar carne como una manera extra de hacernos llegar unos d\u00f3lares m\u00e1s. Habr\u00e1 que ver cu\u00e1les son los frigor\u00edficos que se favorecen con este negocio y si el impacto de esta l\u00ednea de comercio ser\u00e1 transitoria o permanente\u201d, se\u00f1al\u00f3 Blanco.<\/p>\n<p>\u201cA m\u00ed me preocupa el costo en t\u00e9rminos de soberan\u00eda que puede aparejar esta ayuda\u201d, continu\u00f3 Blanco. \u201cEn este mundo nadie regala nada y muchos menos Donald Trump. El gobierno norteamericano no da puntada sin hilo y esta asistencia no nos va a salir gratis. Yo tengo fundadas sospechas de que este plan platita que Trump le otorga a Milei tendr\u00e1 serias consecuencias para Tierra del Fuego, para nuestra industria y para nuestro rol geopol\u00edtico en el concierto de las naciones\u201d.<\/p>\n<p>\u201cCada gesto de Milei hacia el norte viene acompa\u00f1ado de una cesi\u00f3n. Si ese es el precio de la ayuda, estamos hipotecando el futuro. La Argentina no puede convertirse en un protectorado disfrazado de rep\u00fablica\u201d, expres\u00f3.<\/p>\n<p>Finalmente, el senador reiter\u00f3 su compromiso en la defensa de la soberan\u00eda fueguina y nacional:<\/p>\n<p>\u201cTierra del Fuego es frontera y s\u00edmbolo de soberan\u00eda. No vamos a permitir que se negocie nuestra provincia ni el Atl\u00e1ntico Sur en acuerdos secretos. Milei podr\u00e1 buscar la aprobaci\u00f3n de Trump, pero los fueguinos y los argentinos vamos a seguir defendiendo lo que es nuestro\u201d, concluy\u00f3 Blanco.<\/p><\/div>\n<\/td>\n<\/tr>\n<\/tbody>\n<\/table>\n<\/td>\n<\/tr>\n<\/tbody>\n<\/table>\n<\/td>\n<\/tr>\n<\/tbody>\n<\/table>\n<\/td>\n<\/tr>\n<\/tbody>\n<\/table>\n<p><\/center><\/p>\n","protected":false},"excerpt":{"rendered":"<p>Lunes 20 de octubre. El senador nacional por Tierra del Fuego, Pablo Daniel Blanco (Provincias&#8230;<\/p>\n","protected":false},"author":1,"featured_media":55289,"comment_status":"closed","ping_status":"closed","sticky":false,"template":"","format":"standard","meta":{"footnotes":""},"categories":[3],"tags":[],"class_list":["post-55288","post","type-post","status-publish","format-standard","has-post-thumbnail","hentry","category-noticias"],"jetpack_featured_media_url":"https:\/\/hablemosclarotdf.com.ar\/wp-content\/uploads\/2025\/10\/milei-y-trump-01.webp","_links":{"self":[{"href":"https:\/\/hablemosclarotdf.com.ar\/index.php?rest_route=\/wp\/v2\/posts\/55288","targetHints":{"allow":["GET"]}}],"collection":[{"href":"https:\/\/hablemosclarotdf.com.ar\/index.php?rest_route=\/wp\/v2\/posts"}],"about":[{"href":"https:\/\/hablemosclarotdf.com.ar\/index.php?rest_route=\/wp\/v2\/types\/post"}],"author":[{"embeddable":true,"href":"https:\/\/hablemosclarotdf.com.ar\/index.php?rest_route=\/wp\/v2\/users\/1"}],"replies":[{"embeddable":true,"href":"https:\/\/hablemosclarotdf.com.ar\/index.php?rest_route=%2Fwp%2Fv2%2Fcomments&post=55288"}],"version-history":[{"count":1,"href":"https:\/\/hablemosclarotdf.com.ar\/index.php?rest_route=\/wp\/v2\/posts\/55288\/revisions"}],"predecessor-version":[{"id":55290,"href":"https:\/\/hablemosclarotdf.com.ar\/index.php?rest_route=\/wp\/v2\/posts\/55288\/revisions\/55290"}],"wp:featuredmedia":[{"embeddable":true,"href":"https:\/\/hablemosclarotdf.com.ar\/index.php?rest_route=\/wp\/v2\/media\/55289"}],"wp:attachment":[{"href":"https:\/\/hablemosclarotdf.com.ar\/index.php?rest_route=%2Fwp%2Fv2%2Fmedia&parent=55288"}],"wp:term":[{"taxonomy":"category","embeddable":true,"href":"https:\/\/hablemosclarotdf.com.ar\/index.php?rest_route=%2Fwp%2Fv2%2Fcategories&post=55288"},{"taxonomy":"post_tag","embeddable":true,"href":"https:\/\/hablemosclarotdf.com.ar\/index.php?rest_route=%2Fwp%2Fv2%2Ftags&post=55288"}],"curies":[{"name":"wp","href":"https:\/\/api.w.org\/{rel}","templated":true}]}}