{"id":55247,"date":"2025-10-20T11:33:26","date_gmt":"2025-10-20T14:33:26","guid":{"rendered":"https:\/\/hablemosclarotdf.com.ar\/?p=55247"},"modified":"2025-10-20T11:33:26","modified_gmt":"2025-10-20T14:33:26","slug":"c-d-tolhuin-sesion-extraordinaria-el-concejo-ordeno-temas-clave-para-tolhuin","status":"publish","type":"post","link":"https:\/\/hablemosclarotdf.com.ar\/?p=55247","title":{"rendered":"C.D.TOLHUIN : SESI\u00d3N EXTRAORDINARIA EL CONCEJO ORDEN\u00d3 TEMAS CLAVE PARA TOLHUIN"},"content":{"rendered":"<p>El pasado lunes 16 , el Concejo Deliberante llev\u00f3 adelante una Sesi\u00f3n Extraordinaria para tratar temas clave que ven\u00edan siendo postergados por sucesivos vetos del Ejecutivo y que son fundamentales para el orden institucional y el fortalecimiento del trabajo municipal.<\/p>\n<p>La sesi\u00f3n fue presidida por Matias Rodriguez Ojeda y cont\u00f3 con la asistencia de la totalidad del Cuerpo de concejales.<\/p>\n<p>Entre los asuntos abordados se destacan:<\/p>\n<p>\u2705 Bolet\u00edn Oficial con fechas fijas: Se estableci\u00f3 el d\u00eda 20 de cada mes como plazo para la publicaci\u00f3n del Bolet\u00edn Oficial Municipal. El objetivo es garantizar el acceso a la informaci\u00f3n p\u00fablica y dar seguimiento a las decisiones que se toman desde el Ejecutivo.<\/p>\n<p>\u2705 Veh\u00edculos municipales identificados: Se insisti\u00f3 en una ordenanza que obliga a que todos los veh\u00edculos oficiales, propios o alquilados, est\u00e9n identificados con escudo y numeraci\u00f3n visible. Esta medida busca ordenar el uso de los recursos del Estado y evitar confusiones sobre su destino.<\/p>\n<p>\u2705 Control legislativo sobre recursos naturales: Se propuso modificar la normativa que dejaba en manos exclusivas del Ejecutivo la definici\u00f3n de minerales de tercera categor\u00eda. La intenci\u00f3n es que este tipo de decisiones, que tienen impacto ambiental y econ\u00f3mico directo en Tolhuin, vuelvan a pasar por el Concejo. Esto permite que haya mayor control pol\u00edtico y asegura que los recursos de la ciudad no queden en manos de decisiones unilaterales o sin justificaci\u00f3n p\u00fablica.<\/p>\n<p>\u2705 Ampliaci\u00f3n presupuestaria del Concejo: Se aprob\u00f3 una ampliaci\u00f3n de partidas que garantiza el funcionamiento del cuerpo legislativo hasta fin de a\u00f1o, incluyendo sueldos y aguinaldos. Esta medida fue necesaria ante la falta de respuesta del Ejecutivo y se cubrir\u00e1 con fondos no ejecutados del propio Municipio.<\/p>\n<p>Con estas acciones, el Concejo refuerza su rol como espacio de control, seguimiento y toma de decisiones. En un contexto econ\u00f3mico complejo a nivel nacional, provincial y local, es clave que las instituciones trabajen de forma \u00e1gil, clara y comprometida con los intereses<\/p>\n<p><img loading=\"lazy\" decoding=\"async\" class=\"alignnone size-medium wp-image-55249\" src=\"https:\/\/hablemosclarotdf.com.ar\/wp-content\/uploads\/2025\/10\/photo_2025-10-20_11-29-15-300x225.jpg\" alt=\"\" width=\"300\" height=\"225\" srcset=\"https:\/\/hablemosclarotdf.com.ar\/wp-content\/uploads\/2025\/10\/photo_2025-10-20_11-29-15-300x225.jpg 300w, https:\/\/hablemosclarotdf.com.ar\/wp-content\/uploads\/2025\/10\/photo_2025-10-20_11-29-15-1024x768.jpg 1024w, https:\/\/hablemosclarotdf.com.ar\/wp-content\/uploads\/2025\/10\/photo_2025-10-20_11-29-15-768x576.jpg 768w, https:\/\/hablemosclarotdf.com.ar\/wp-content\/uploads\/2025\/10\/photo_2025-10-20_11-29-15.jpg 1280w\" sizes=\"auto, (max-width: 300px) 100vw, 300px\" \/> <img loading=\"lazy\" decoding=\"async\" class=\"alignnone size-medium wp-image-55250\" src=\"https:\/\/hablemosclarotdf.com.ar\/wp-content\/uploads\/2025\/10\/photo_2025-10-20_11-29-24-300x225.jpg\" alt=\"\" width=\"300\" height=\"225\" srcset=\"https:\/\/hablemosclarotdf.com.ar\/wp-content\/uploads\/2025\/10\/photo_2025-10-20_11-29-24-300x225.jpg 300w, https:\/\/hablemosclarotdf.com.ar\/wp-content\/uploads\/2025\/10\/photo_2025-10-20_11-29-24-1024x768.jpg 1024w, https:\/\/hablemosclarotdf.com.ar\/wp-content\/uploads\/2025\/10\/photo_2025-10-20_11-29-24-768x576.jpg 768w, https:\/\/hablemosclarotdf.com.ar\/wp-content\/uploads\/2025\/10\/photo_2025-10-20_11-29-24.jpg 1280w\" sizes=\"auto, (max-width: 300px) 100vw, 300px\" \/> <img loading=\"lazy\" decoding=\"async\" class=\"alignnone size-medium wp-image-55251\" src=\"https:\/\/hablemosclarotdf.com.ar\/wp-content\/uploads\/2025\/10\/photo_2025-10-20_11-29-29-300x225.jpg\" alt=\"\" width=\"300\" height=\"225\" srcset=\"https:\/\/hablemosclarotdf.com.ar\/wp-content\/uploads\/2025\/10\/photo_2025-10-20_11-29-29-300x225.jpg 300w, https:\/\/hablemosclarotdf.com.ar\/wp-content\/uploads\/2025\/10\/photo_2025-10-20_11-29-29-1024x768.jpg 1024w, https:\/\/hablemosclarotdf.com.ar\/wp-content\/uploads\/2025\/10\/photo_2025-10-20_11-29-29-768x576.jpg 768w, https:\/\/hablemosclarotdf.com.ar\/wp-content\/uploads\/2025\/10\/photo_2025-10-20_11-29-29.jpg 1280w\" sizes=\"auto, (max-width: 300px) 100vw, 300px\" \/><\/p>\n","protected":false},"excerpt":{"rendered":"<p>El pasado lunes 16 , el Concejo Deliberante llev\u00f3 adelante una Sesi\u00f3n Extraordinaria para tratar&#8230;<\/p>\n","protected":false},"author":1,"featured_media":55248,"comment_status":"closed","ping_status":"closed","sticky":false,"template":"","format":"standard","meta":{"footnotes":""},"categories":[3],"tags":[],"class_list":["post-55247","post","type-post","status-publish","format-standard","has-post-thumbnail","hentry","category-noticias"],"jetpack_featured_media_url":"https:\/\/hablemosclarotdf.com.ar\/wp-content\/uploads\/2025\/10\/photo_2025-10-20_11-28-57.jpg","_links":{"self":[{"href":"https:\/\/hablemosclarotdf.com.ar\/index.php?rest_route=\/wp\/v2\/posts\/55247","targetHints":{"allow":["GET"]}}],"collection":[{"href":"https:\/\/hablemosclarotdf.com.ar\/index.php?rest_route=\/wp\/v2\/posts"}],"about":[{"href":"https:\/\/hablemosclarotdf.com.ar\/index.php?rest_route=\/wp\/v2\/types\/post"}],"author":[{"embeddable":true,"href":"https:\/\/hablemosclarotdf.com.ar\/index.php?rest_route=\/wp\/v2\/users\/1"}],"replies":[{"embeddable":true,"href":"https:\/\/hablemosclarotdf.com.ar\/index.php?rest_route=%2Fwp%2Fv2%2Fcomments&post=55247"}],"version-history":[{"count":1,"href":"https:\/\/hablemosclarotdf.com.ar\/index.php?rest_route=\/wp\/v2\/posts\/55247\/revisions"}],"predecessor-version":[{"id":55252,"href":"https:\/\/hablemosclarotdf.com.ar\/index.php?rest_route=\/wp\/v2\/posts\/55247\/revisions\/55252"}],"wp:featuredmedia":[{"embeddable":true,"href":"https:\/\/hablemosclarotdf.com.ar\/index.php?rest_route=\/wp\/v2\/media\/55248"}],"wp:attachment":[{"href":"https:\/\/hablemosclarotdf.com.ar\/index.php?rest_route=%2Fwp%2Fv2%2Fmedia&parent=55247"}],"wp:term":[{"taxonomy":"category","embeddable":true,"href":"https:\/\/hablemosclarotdf.com.ar\/index.php?rest_route=%2Fwp%2Fv2%2Fcategories&post=55247"},{"taxonomy":"post_tag","embeddable":true,"href":"https:\/\/hablemosclarotdf.com.ar\/index.php?rest_route=%2Fwp%2Fv2%2Ftags&post=55247"}],"curies":[{"name":"wp","href":"https:\/\/api.w.org\/{rel}","templated":true}]}}