{"id":55240,"date":"2025-10-20T10:15:03","date_gmt":"2025-10-20T13:15:03","guid":{"rendered":"https:\/\/hablemosclarotdf.com.ar\/?p=55240"},"modified":"2025-10-20T10:15:03","modified_gmt":"2025-10-20T13:15:03","slug":"el-gobierno-provincial-invita-a-participar-en-las-jornadas-de-higiene-y-seguridad-en-el-trabajo-en-rio-grande","status":"publish","type":"post","link":"https:\/\/hablemosclarotdf.com.ar\/?p=55240","title":{"rendered":"EL GOBIERNO PROVINCIAL INVITA A PARTICIPAR EN LAS JORNADAS DE HIGIENE Y SEGURIDAD EN EL TRABAJO EN R\u00cdO GRANDE"},"content":{"rendered":"<p>El Gobierno de la Provincia llevar\u00e1 adelante las Jornadas de Higiene y Seguridad en el Trabajo, que se desarrollar\u00e1n los d\u00edas 28 y 29 de octubre en el SUM de la Fundaci\u00f3n Mirgor (Islas Malvinas 2150, ingreso por Leloir), en la ciudad de R\u00edo Grande.<\/p>\n<p>Estas jornadas, organizadas por Ministerio de Trabajo y Empleo, en articulaci\u00f3n con la Superintendencia de Riesgos del Trabajo (SRT), tienen como prop\u00f3sito informar, sensibilizar y capacitar a los distintos actores del \u00e1mbito laboral sobre las \u00faltimas actualizaciones en materia de seguridad y salud en el trabajo.<\/p>\n<p>La actividad es gratuitita y est\u00e1 abierta a trabajadores, empleadores, profesionales en Higiene y Seguridad, representantes sindicales y p\u00fablico en general interesado en fortalecer la prevenci\u00f3n y la seguridad laboral.<\/p>\n<p>Durante los encuentros se abordar\u00e1n temas vinculados a ex\u00e1menes m\u00e9dicos laborales, informaci\u00f3n a aseguradoras y obligaciones del empleador, carga t\u00e9rmica, Resoluci\u00f3n SRT N\u00b0 30\/2023, especificaciones t\u00e9cnicas sobre carga t\u00e9rmica, estr\u00e9s por calor, programa de monitoreo de casos graves, funcionamiento de las comisiones m\u00e9dicas, prevenci\u00f3n 4.0 y seguridad en trabajos en altura \u2013 Resoluci\u00f3n SRT. 61\/2023.<\/p>\n<p>Todas las exposiciones estar\u00e1n a cargo de especialistas de la Superintendencia de Riesgos del Trabajo (SRT), quienes compartir\u00e1n herramientas actualizadas, experiencias y buenas pr\u00e1cticas orientadas a promover la prevenci\u00f3n y el cumplimiento de las normativas laborales vigentes.<\/p>\n<p>Al respecto, la ministra de Trabajo y Empleo, Sonia Castiglione, destac\u00f3 la importancia de promover estos espacios de encuentro y aprendizaje colectivo. \u201cEstas jornadas reflejan el compromiso del Gobierno con la promoci\u00f3n de ambientes laborales seguros, donde la prevenci\u00f3n y el conocimiento son las principales herramientas para cuidar la salud los trabajadores en los distintos sectores de la provincia\u201d, afirm\u00f3.<\/p>\n<p>En la misma l\u00ednea, Castiglione valor\u00f3 el trabajo conjunto con la Superintendencia de Riesgos del Trabajo, destacando que \u201cestas jornadas de actualizaci\u00f3n consolidan un modelo de gesti\u00f3n basado en la cooperaci\u00f3n y la capacitaci\u00f3n continua, que permite a empleadores, trabajadores y profesionales contar con herramientas concretas para fortalecer la cultura de la prevenci\u00f3n y garantizar ambientes laborales m\u00e1s seguros y saludables\u201d.<\/p>\n<p>Los cupos son limitados. Las personas interesadas en participar podr\u00e1n inscribirse completando el siguiente formulario: https:\/\/forms.gle\/g85fc7eHDvEYbfrWA<\/p>\n<p>Tambi\u00e9n podr\u00e1n acercarse de 9:00 a 15:00 horas a la delegaci\u00f3n del Ministerio de Trabajo y Empleo, ubicada en Obligado 750, en R\u00edo Grande.<\/p>\n","protected":false},"excerpt":{"rendered":"<p>El Gobierno de la Provincia llevar\u00e1 adelante las Jornadas de Higiene y Seguridad en el&#8230;<\/p>\n","protected":false},"author":1,"featured_media":55241,"comment_status":"closed","ping_status":"closed","sticky":false,"template":"","format":"standard","meta":{"footnotes":""},"categories":[3],"tags":[],"class_list":["post-55240","post","type-post","status-publish","format-standard","has-post-thumbnail","hentry","category-noticias"],"jetpack_featured_media_url":"https:\/\/hablemosclarotdf.com.ar\/wp-content\/uploads\/2025\/10\/photo_2025-10-20_10-14-26.jpg","_links":{"self":[{"href":"https:\/\/hablemosclarotdf.com.ar\/index.php?rest_route=\/wp\/v2\/posts\/55240","targetHints":{"allow":["GET"]}}],"collection":[{"href":"https:\/\/hablemosclarotdf.com.ar\/index.php?rest_route=\/wp\/v2\/posts"}],"about":[{"href":"https:\/\/hablemosclarotdf.com.ar\/index.php?rest_route=\/wp\/v2\/types\/post"}],"author":[{"embeddable":true,"href":"https:\/\/hablemosclarotdf.com.ar\/index.php?rest_route=\/wp\/v2\/users\/1"}],"replies":[{"embeddable":true,"href":"https:\/\/hablemosclarotdf.com.ar\/index.php?rest_route=%2Fwp%2Fv2%2Fcomments&post=55240"}],"version-history":[{"count":1,"href":"https:\/\/hablemosclarotdf.com.ar\/index.php?rest_route=\/wp\/v2\/posts\/55240\/revisions"}],"predecessor-version":[{"id":55242,"href":"https:\/\/hablemosclarotdf.com.ar\/index.php?rest_route=\/wp\/v2\/posts\/55240\/revisions\/55242"}],"wp:featuredmedia":[{"embeddable":true,"href":"https:\/\/hablemosclarotdf.com.ar\/index.php?rest_route=\/wp\/v2\/media\/55241"}],"wp:attachment":[{"href":"https:\/\/hablemosclarotdf.com.ar\/index.php?rest_route=%2Fwp%2Fv2%2Fmedia&parent=55240"}],"wp:term":[{"taxonomy":"category","embeddable":true,"href":"https:\/\/hablemosclarotdf.com.ar\/index.php?rest_route=%2Fwp%2Fv2%2Fcategories&post=55240"},{"taxonomy":"post_tag","embeddable":true,"href":"https:\/\/hablemosclarotdf.com.ar\/index.php?rest_route=%2Fwp%2Fv2%2Ftags&post=55240"}],"curies":[{"name":"wp","href":"https:\/\/api.w.org\/{rel}","templated":true}]}}