{"id":55237,"date":"2025-10-20T10:08:52","date_gmt":"2025-10-20T13:08:52","guid":{"rendered":"https:\/\/hablemosclarotdf.com.ar\/?p=55237"},"modified":"2025-10-20T10:08:52","modified_gmt":"2025-10-20T13:08:52","slug":"rio-grande-elige-la-prevencion-el-municipio-llevara-adelante-el-programa-de-prevencion-de-cancer-de-prostata","status":"publish","type":"post","link":"https:\/\/hablemosclarotdf.com.ar\/?p=55237","title":{"rendered":"R\u00cdO GRANDE ELIGE LA PREVENCI\u00d3N: EL MUNICIPIO LLEVAR\u00c1 ADELANTE EL PROGRAMA DE PREVENCI\u00d3N DE C\u00c1NCER DE PR\u00d3STATA"},"content":{"rendered":"<p>Durante todo el mes de noviembre, y por segundo a\u00f1o consecutivo, el Municipio de R\u00edo Grande pondr\u00e1 en marcha esta pol\u00edtica. Est\u00e1 dirigida a todos los varones mayores de 45 a\u00f1os -con o sin obra social-. En los pr\u00f3ximos d\u00edas se informar\u00e1 la modalidad para acceder a las atenciones. La gesti\u00f3n municipal ratifica una vez m\u00e1s su compromiso con la salud de los vecinos, a partir de la prevenci\u00f3n y el diagn\u00f3stico temprano de enfermedades.<\/p>\n<p>El Municipio de R\u00edo Grande llevar\u00e1 adelante por segundo a\u00f1o consecutivo el Programa de Prevenci\u00f3n de C\u00e1ncer de Pr\u00f3stata. Esta decisi\u00f3n es en virtud de la gran convocatoria que tuvo su primera edici\u00f3n en 2024, durante la cual se logr\u00f3 detectar a tiempo casos de c\u00e1ncer de pr\u00f3stata en estadios iniciales, permitiendo que los pacientes recibieran tratamientos curativos y hoy se encuentren en control y seguimiento activo por parte del equipo m\u00e9dico urol\u00f3gico.<\/p>\n<p>Este a\u00f1o, la campa\u00f1a se renueva y crece. Podr\u00e1n acceder todos los varones mayores de 45 a\u00f1os -con o sin obra social-, quienes se realizar\u00e1n una evaluaci\u00f3n gratuita y completa a fin de continuar salvando vidas mediante la detecci\u00f3n temprana de los signos y s\u00edntomas iniciales de esta enfermedad.<\/p>\n<p>Los lugares de atenci\u00f3n ser\u00e1n el Centro de Especialidades M\u00e9dicas (Av. San Mart\u00edn 28) y en los Centros Municipales de Salud N.\u00b0 1 (Hna. Luisa Rosso 779), N.\u00ba 2 (Hna. Taparello 389); N.\u00b0 3 (El Alambrador 212) y N.\u00b0 4 (\u00c1guila Mora 2348).<\/p>\n<p>Cabe destacar que las atenciones son totalmente gratuitas y est\u00e1n coordinadas por el equipo de salud municipal, reafirmando el compromiso de la Gesti\u00f3n Municipal con la prevenci\u00f3n entendiendo que la misma es la herramienta m\u00e1s poderosa para cuidar la vida de los vecinos.<\/p>\n<p>En los pr\u00f3ximos d\u00edas se informar\u00e1 la modalidad para acceder a los controles propiamente dichos.<\/p>\n<p>De esta forma, R\u00edo Grande contin\u00faa fortaleciendo su sistema municipal de salud p\u00fablica, acercando programas de prevenci\u00f3n a cada barrio. Sumando distintas acciones, m\u00e1s vecinos acceden gratuitamente a atenci\u00f3n m\u00e9dica, generando mayor conciencia sobre la importancia del cuidado preventivo y promoviendo una ciudad m\u00e1s saludable y comprometida con la vida.<\/p>\n","protected":false},"excerpt":{"rendered":"<p>Durante todo el mes de noviembre, y por segundo a\u00f1o consecutivo, el Municipio de R\u00edo&#8230;<\/p>\n","protected":false},"author":1,"featured_media":55238,"comment_status":"closed","ping_status":"closed","sticky":false,"template":"","format":"standard","meta":{"footnotes":""},"categories":[3],"tags":[],"class_list":["post-55237","post","type-post","status-publish","format-standard","has-post-thumbnail","hentry","category-noticias"],"jetpack_featured_media_url":"https:\/\/hablemosclarotdf.com.ar\/wp-content\/uploads\/2025\/10\/photo_2025-10-20_10-08-23.jpg","_links":{"self":[{"href":"https:\/\/hablemosclarotdf.com.ar\/index.php?rest_route=\/wp\/v2\/posts\/55237","targetHints":{"allow":["GET"]}}],"collection":[{"href":"https:\/\/hablemosclarotdf.com.ar\/index.php?rest_route=\/wp\/v2\/posts"}],"about":[{"href":"https:\/\/hablemosclarotdf.com.ar\/index.php?rest_route=\/wp\/v2\/types\/post"}],"author":[{"embeddable":true,"href":"https:\/\/hablemosclarotdf.com.ar\/index.php?rest_route=\/wp\/v2\/users\/1"}],"replies":[{"embeddable":true,"href":"https:\/\/hablemosclarotdf.com.ar\/index.php?rest_route=%2Fwp%2Fv2%2Fcomments&post=55237"}],"version-history":[{"count":1,"href":"https:\/\/hablemosclarotdf.com.ar\/index.php?rest_route=\/wp\/v2\/posts\/55237\/revisions"}],"predecessor-version":[{"id":55239,"href":"https:\/\/hablemosclarotdf.com.ar\/index.php?rest_route=\/wp\/v2\/posts\/55237\/revisions\/55239"}],"wp:featuredmedia":[{"embeddable":true,"href":"https:\/\/hablemosclarotdf.com.ar\/index.php?rest_route=\/wp\/v2\/media\/55238"}],"wp:attachment":[{"href":"https:\/\/hablemosclarotdf.com.ar\/index.php?rest_route=%2Fwp%2Fv2%2Fmedia&parent=55237"}],"wp:term":[{"taxonomy":"category","embeddable":true,"href":"https:\/\/hablemosclarotdf.com.ar\/index.php?rest_route=%2Fwp%2Fv2%2Fcategories&post=55237"},{"taxonomy":"post_tag","embeddable":true,"href":"https:\/\/hablemosclarotdf.com.ar\/index.php?rest_route=%2Fwp%2Fv2%2Ftags&post=55237"}],"curies":[{"name":"wp","href":"https:\/\/api.w.org\/{rel}","templated":true}]}}