{"id":55074,"date":"2025-10-18T13:13:24","date_gmt":"2025-10-18T16:13:24","guid":{"rendered":"https:\/\/hablemosclarotdf.com.ar\/?p=55074"},"modified":"2025-10-18T13:13:24","modified_gmt":"2025-10-18T16:13:24","slug":"rio-grande-finaliza-el-programa-municipal-de-formacion-sobre-neurodesarrollo-para-la-comunidad-educativa","status":"publish","type":"post","link":"https:\/\/hablemosclarotdf.com.ar\/?p=55074","title":{"rendered":"RIO GRANDE : FINALIZA EL PROGRAMA MUNICIPAL DE FORMACI\u00d3N SOBRE NEURODESARROLLO PARA LA COMUNIDAD EDUCATIVA"},"content":{"rendered":"<p>El Municipio de R\u00edo Grande, a trav\u00e9s del Centro Municipal de las Infancias -dependiente de la Secretar\u00eda de Salud-, llevar\u00e1 adelante el 4\u00b0 encuentro del Programa Municipal de Formaci\u00f3n sobre Neurodesarrollo para la Comunidad Educativa de Tierra del Fuego, una propuesta que culmina un valioso ciclo de capacitaciones destinado a fortalecer los conocimientos y herramientas de docentes, equipos t\u00e9cnicos y familias en torno al abordaje integral del desarrollo infantil en el \u00e1mbito escolar.<\/p>\n<p>En esta oportunidad, el encuentro se titula \u201cComprendiendo el TEA en el \u00e1mbito escolar\u201d y estar\u00e1 a cargo del Lic. Nicol\u00e1s Cataldo, neuropsic\u00f3logo especializado en el acompa\u00f1amiento de trayectorias escolares diversas.<\/p>\n<p>Durante la jornada se trabajar\u00e1 sobre la comprensi\u00f3n del Trastorno del Espectro Autista (TEA), su manifestaci\u00f3n en el aula, el impacto en el entorno escolar y las estrategias que pueden implementarse desde la docencia y la familia para promover una educaci\u00f3n m\u00e1s inclusiva y respetuosa de las particularidades de cada ni\u00f1o y ni\u00f1a.<\/p>\n<p>La capacitaci\u00f3n se desarrollar\u00e1 en modalidad virtual, el viernes 24 a las 19 horas, con acceso libre y gratuito, mediante inscripci\u00f3n previa a trav\u00e9s del siguiente enlace: http:\/\/bit.ly\/4ncJgmX. Esta propuesta cuenta con resoluci\u00f3n ministerial en tr\u00e1mite y representa el cierre de un ciclo de formaci\u00f3n que inici\u00f3 en julio de este a\u00f1o, brindando a la comunidad educativa herramientas fundamentales para comprender los distintos procesos de neurodesarrollo y acompa\u00f1ar de manera efectiva a las infancias fueguinas.<\/p>\n<p>Bajo la gesti\u00f3n del intendente Mart\u00edn Perez, el Municipio de R\u00edo Grande reafirma su compromiso con el cuidado integral de las infancias, promoviendo instancias de aprendizaje y reflexi\u00f3n que contribuyan a una educaci\u00f3n m\u00e1s inclusiva, emp\u00e1tica y respetuosa del desarrollo de cada ni\u00f1o y ni\u00f1a.<\/p>\n","protected":false},"excerpt":{"rendered":"<p>El Municipio de R\u00edo Grande, a trav\u00e9s del Centro Municipal de las Infancias -dependiente de&#8230;<\/p>\n","protected":false},"author":1,"featured_media":55075,"comment_status":"closed","ping_status":"closed","sticky":false,"template":"","format":"standard","meta":{"footnotes":""},"categories":[3],"tags":[],"class_list":["post-55074","post","type-post","status-publish","format-standard","has-post-thumbnail","hentry","category-noticias"],"jetpack_featured_media_url":"https:\/\/hablemosclarotdf.com.ar\/wp-content\/uploads\/2025\/10\/photo_2025-10-18_13-08-51.jpg","_links":{"self":[{"href":"https:\/\/hablemosclarotdf.com.ar\/index.php?rest_route=\/wp\/v2\/posts\/55074","targetHints":{"allow":["GET"]}}],"collection":[{"href":"https:\/\/hablemosclarotdf.com.ar\/index.php?rest_route=\/wp\/v2\/posts"}],"about":[{"href":"https:\/\/hablemosclarotdf.com.ar\/index.php?rest_route=\/wp\/v2\/types\/post"}],"author":[{"embeddable":true,"href":"https:\/\/hablemosclarotdf.com.ar\/index.php?rest_route=\/wp\/v2\/users\/1"}],"replies":[{"embeddable":true,"href":"https:\/\/hablemosclarotdf.com.ar\/index.php?rest_route=%2Fwp%2Fv2%2Fcomments&post=55074"}],"version-history":[{"count":1,"href":"https:\/\/hablemosclarotdf.com.ar\/index.php?rest_route=\/wp\/v2\/posts\/55074\/revisions"}],"predecessor-version":[{"id":55076,"href":"https:\/\/hablemosclarotdf.com.ar\/index.php?rest_route=\/wp\/v2\/posts\/55074\/revisions\/55076"}],"wp:featuredmedia":[{"embeddable":true,"href":"https:\/\/hablemosclarotdf.com.ar\/index.php?rest_route=\/wp\/v2\/media\/55075"}],"wp:attachment":[{"href":"https:\/\/hablemosclarotdf.com.ar\/index.php?rest_route=%2Fwp%2Fv2%2Fmedia&parent=55074"}],"wp:term":[{"taxonomy":"category","embeddable":true,"href":"https:\/\/hablemosclarotdf.com.ar\/index.php?rest_route=%2Fwp%2Fv2%2Fcategories&post=55074"},{"taxonomy":"post_tag","embeddable":true,"href":"https:\/\/hablemosclarotdf.com.ar\/index.php?rest_route=%2Fwp%2Fv2%2Ftags&post=55074"}],"curies":[{"name":"wp","href":"https:\/\/api.w.org\/{rel}","templated":true}]}}