{"id":55071,"date":"2025-10-18T13:06:58","date_gmt":"2025-10-18T16:06:58","guid":{"rendered":"https:\/\/hablemosclarotdf.com.ar\/?p=55071"},"modified":"2025-10-18T13:06:58","modified_gmt":"2025-10-18T16:06:58","slug":"agenda-de-actividades-del-fin-de-semana-14","status":"publish","type":"post","link":"https:\/\/hablemosclarotdf.com.ar\/?p=55071","title":{"rendered":"AGENDA DE ACTIVIDADES DEL FIN DE SEMANA"},"content":{"rendered":"<p>\ud83d\udcc5 \ud835\udde6\ud835\uddd4\ud835\uddd5\ud835\uddd4\ud835\uddd7\ud835\udde2 \ud835\udfed\ud835\udff4 \ud835\uddd7\ud835\uddd8 \ud835\udde2\ud835\uddd6\ud835\udde7\ud835\udde8\ud835\uddd5\ud835\udde5\ud835\uddd8<\/p>\n<p>\ud83d\udccdTOLHUIN<\/p>\n<p>\u2022\ud83c\udfc0 Encuentro Provincial de B\u00e1squet<br \/>\n10 a 18 h | Casa del Deporte<\/p>\n<p>\ud83d\udccdUSHUAIA<\/p>\n<p>\u2022\ud83d\udc5f Atletismo: Concentraci\u00f3n seleccionado provincial Araucan\u00eda<br \/>\n10 a 13 h | Pista Municipal<\/p>\n<p>\u2022\ud83e\udd4bJudo: Concentraci\u00f3n seleccionado provincial Araucan\u00eda<br \/>\n10 a 11:30 &#8211; 14 a 20 h | Dojo Municipal<\/p>\n<p>\u2022\ud83e\uddea Semana Fueguina de la Ciencia y la Tecnolog\u00eda:<br \/>\n\ud83d\udd2cRecorrida por las distintas \u00e1reas del CADIC<br \/>\n10:30 a 17 h | CADIC (Houssay 200)<br \/>\n\ud83c\udf9fEntrada libre y gratuita<\/p>\n<p>* \ud83d\udca14\u00b0 Edici\u00f3n Expo Pyme Fueguina<br \/>\n16 a 20 h | Hotel Albatros: Sal\u00f3n Maip\u00fa (Av. Maip\u00fa 505)<\/p>\n<p>\ud83d\udccdR\u00cdO GRANDE<\/p>\n<p>* \ud83c\udfe5 Salud m\u00e1s cerca: Asesor\u00edas integrales de salud<br \/>\n11 a 13:30 h | Comedor Angelito Negro (Uani N\u00b0 443 &#8211; B\u00b0 Austral, Margen Sur)<\/p>\n<p>\u2022\ud83d\udecd Feria en el SUM Patagonia<br \/>\n13 a 18 h | SUM Patagonia ( Patagonia 470 &#8211; B\u00b0 Chacra II)<\/p>\n<p>\u2022\ud83c\udfa8Vidriera de Artistas<br \/>\n15 a 19 h | Museo Fueguino de Arte Nin\u00ed Bernadello (Belgrano 319)<\/p>\n<p>\u2022\ud83d\uddbcXXVIII Feria Provincial del Libro:<br \/>\n-Taller sobre T\u00edteres y cuentos | 16 a 17 h<br \/>\n-Taller Afiche Urgente | 17 a 19 h<br \/>\nMuseo Fueguino de Arte Nin\u00ed Bernadello (Belgrano 319)<\/p>\n<p>* \ud83e\udea9 Matin\u00e9 +60: D\u00eda de las Maternidades<br \/>\n20 h | Gim. Escuela N\u00b0 2 (Rivadavia 611)<\/p>\n<p>\ud83d\udcc5 \ud835\uddd7\ud835\udde2\ud835\udde0\ud835\udddc\ud835\udde1\ud835\uddda\ud835\udde2 \ud835\udfed\ud835\udff5 \ud835\uddd7\ud835\uddd8 \ud835\udde2\ud835\uddd6\ud835\udde7\ud835\udde8\ud835\uddd5\ud835\udde5\ud835\uddd8<\/p>\n<p>\ud83d\udccdR\u00cdO GRANDE<br \/>\n\ud83d\uddbc XXVIII Feria Provincial del Libro: Taller de Editorial artesanal<br \/>\n16 a 18 h | Museo Fueguino de Arte Nin\u00ed Bernadello (Belgrano 319)<\/p>\n","protected":false},"excerpt":{"rendered":"<p>\ud83d\udcc5 \ud835\udde6\ud835\uddd4\ud835\uddd5\ud835\uddd4\ud835\uddd7\ud835\udde2 \ud835\udfed\ud835\udff4 \ud835\uddd7\ud835\uddd8 \ud835\udde2\ud835\uddd6\ud835\udde7\ud835\udde8\ud835\uddd5\ud835\udde5\ud835\uddd8 \ud83d\udccdTOLHUIN \u2022\ud83c\udfc0 Encuentro Provincial de B\u00e1squet 10 a 18 h&#8230;<\/p>\n","protected":false},"author":1,"featured_media":55072,"comment_status":"closed","ping_status":"closed","sticky":false,"template":"","format":"standard","meta":{"footnotes":""},"categories":[3],"tags":[],"class_list":["post-55071","post","type-post","status-publish","format-standard","has-post-thumbnail","hentry","category-noticias"],"jetpack_featured_media_url":"https:\/\/hablemosclarotdf.com.ar\/wp-content\/uploads\/2025\/10\/photo_2025-10-18_13-06-25.jpg","_links":{"self":[{"href":"https:\/\/hablemosclarotdf.com.ar\/index.php?rest_route=\/wp\/v2\/posts\/55071","targetHints":{"allow":["GET"]}}],"collection":[{"href":"https:\/\/hablemosclarotdf.com.ar\/index.php?rest_route=\/wp\/v2\/posts"}],"about":[{"href":"https:\/\/hablemosclarotdf.com.ar\/index.php?rest_route=\/wp\/v2\/types\/post"}],"author":[{"embeddable":true,"href":"https:\/\/hablemosclarotdf.com.ar\/index.php?rest_route=\/wp\/v2\/users\/1"}],"replies":[{"embeddable":true,"href":"https:\/\/hablemosclarotdf.com.ar\/index.php?rest_route=%2Fwp%2Fv2%2Fcomments&post=55071"}],"version-history":[{"count":1,"href":"https:\/\/hablemosclarotdf.com.ar\/index.php?rest_route=\/wp\/v2\/posts\/55071\/revisions"}],"predecessor-version":[{"id":55073,"href":"https:\/\/hablemosclarotdf.com.ar\/index.php?rest_route=\/wp\/v2\/posts\/55071\/revisions\/55073"}],"wp:featuredmedia":[{"embeddable":true,"href":"https:\/\/hablemosclarotdf.com.ar\/index.php?rest_route=\/wp\/v2\/media\/55072"}],"wp:attachment":[{"href":"https:\/\/hablemosclarotdf.com.ar\/index.php?rest_route=%2Fwp%2Fv2%2Fmedia&parent=55071"}],"wp:term":[{"taxonomy":"category","embeddable":true,"href":"https:\/\/hablemosclarotdf.com.ar\/index.php?rest_route=%2Fwp%2Fv2%2Fcategories&post=55071"},{"taxonomy":"post_tag","embeddable":true,"href":"https:\/\/hablemosclarotdf.com.ar\/index.php?rest_route=%2Fwp%2Fv2%2Ftags&post=55071"}],"curies":[{"name":"wp","href":"https:\/\/api.w.org\/{rel}","templated":true}]}}