{"id":55033,"date":"2025-10-17T19:10:59","date_gmt":"2025-10-17T22:10:59","guid":{"rendered":"https:\/\/hablemosclarotdf.com.ar\/?p=55033"},"modified":"2025-10-17T19:10:59","modified_gmt":"2025-10-17T22:10:59","slug":"rio-grande-tendra-un-fin-de-semana-con-diferentes-propuestas","status":"publish","type":"post","link":"https:\/\/hablemosclarotdf.com.ar\/?p=55033","title":{"rendered":"R\u00cdO GRANDE TENDR\u00c1 UN FIN DE SEMANA CON DIFERENTES PROPUESTAS"},"content":{"rendered":"<p>\u201cRGA ALIMENTOS\u201d EN EL PASEO CANTO DEL VIENTO<\/p>\n<p>El punto de venta, ubicado en Fagnano 650, abre sus puertas este viernes y s\u00e1bado de 10 a 20 horas; mientras que el domingo el horario ser\u00e1 de 10 a 13 horas. Durante el fin de semana los y las riograndenses podr\u00e1n adquirir pollos de la marca local \u201cRGA Alimentos\u201d, as\u00ed como alimentos de productores locales como pescado, carne porcina y huevos.<\/p>\n<p>DISFRUT\u00c1 DE LA CALESITA DE ZONA SUR<\/p>\n<p>Este divertido espacio destinado a la recreaci\u00f3n y entretenimiento de las infancias de la ciudad se encuentra ubicado en Rafaela Ishton y Tolhuin. La calesita est\u00e1 abierta de mi\u00e9rcoles a domingos, desde las 15 hasta las 18 horas, con entrada libre y gratuita. El funcionamiento de la misma est\u00e1 sujeta a las condiciones clim\u00e1ticas.<\/p>\n<p>RECORR\u00c9 EL &#8220;PASEO EN FAMILIA&#8221;<\/p>\n<p>Este viernes, s\u00e1bado y domingo, el Paseo \u201cCanto del Viento\u201d, ubicado en Fagnano 650, abrir\u00e1 sus puertas, de 16 a 20 horas, para que las vecinas y vecinos disfruten de un entretenido recorrido que incluye stands con emprendedores locales, artesanos y manualistas de nuestra ciudad.<\/p>\n<p>DISFRUT\u00c1 LOS RECITALES DE LA PANTALLA DEL \u201cPARQUE DE LOS 100 A\u00d1OS\u201d<\/p>\n<p>A partir de las 22 horas, durante este fin de semana, en el Parque de los 100 A\u00f1os, vecinos y vecinas podr\u00e1n disfrutar de un amplio repertorio musical, a trav\u00e9s de la pantalla. El viernes se transmitir\u00e1 \u201cCasa Parlante: Amar Azul\u201d; el s\u00e1bado proyectar\u00e1 \u201cCuarteto en Un Poco de Ruido\u201d. Mientras que el domingo se podr\u00e1 disfrutar de \u201cKaramelo Santo \u2013 El Baile Oficial\u201d. Quienes asistan en veh\u00edculo podr\u00e1n sintonizar el audio desde la radio en el dial 89.5.<\/p>\n<p>NUEVA JORNADA DE VACUNACI\u00d3N ANTIRR\u00c1BICA<\/p>\n<p>Se realizar\u00e1 este s\u00e1bado 18 de octubre, de 8 a 14 horas, en la Direcci\u00f3n de Servicios Veterinarios que est\u00e1 ubicada en 25 de Mayo 2937. Se solicita que los perros asistan con correa y collar, mientras que los gatos deben trasladarse en canil, garantizando as\u00ed la seguridad de todas las mascotas y del personal que participa de la jornada.<\/p>\n<p>VISIT\u00c1 EL MUSEO MUNICIPAL VIRGINIA CHOQUINTEL<\/p>\n<p>Este s\u00e1bado abre sus puertas de 15 a 18 horas, en Alberdi 555. En este espacio cultural, vecinos y vecinas aprender\u00e1n sobre la Causa Malvinas; los pueblos originarios; el \u00e1rea de Ciencias Naturales con la biodiversidad fueguina; los ambientes marinos y terrestres; el sector de Historia con los principales sucesos hist\u00f3ricos de la ciudad y otros aspectos que son parte de nuestra identidad riograndenses. Asimismo, estar\u00e1 disponible la muestra interactiva &#8220;Ruta de estrellas&#8221;, en el marco de los 90 a\u00f1os de la llegada del 1\u00b0 vuelo de la Aeroposta Argentina a R\u00edo Grande.<\/p>\n<p>VEN\u00cd A HOMENAJEAR AL FLACO EN \u201cSPINETTA DAY\u201d<\/p>\n<p>Este s\u00e1bado 18 de octubre, de 16 a 20 horas, en Espacio Joven de zona Sur (El Alambrador 204), la comunidad podr\u00e1 disfrutar de la presencia y el talento de artistas locales que brindar\u00e1n homenaje al \u201cFlaco\u201d Spinetta. Quienes asistan pueden llevar su mate.<\/p>\n","protected":false},"excerpt":{"rendered":"<p>\u201cRGA ALIMENTOS\u201d EN EL PASEO CANTO DEL VIENTO El punto de venta, ubicado en Fagnano&#8230;<\/p>\n","protected":false},"author":1,"featured_media":55034,"comment_status":"closed","ping_status":"closed","sticky":false,"template":"","format":"standard","meta":{"footnotes":""},"categories":[3],"tags":[],"class_list":["post-55033","post","type-post","status-publish","format-standard","has-post-thumbnail","hentry","category-noticias"],"jetpack_featured_media_url":"https:\/\/hablemosclarotdf.com.ar\/wp-content\/uploads\/2025\/10\/photo_2025-10-17_19-10-28.jpg","_links":{"self":[{"href":"https:\/\/hablemosclarotdf.com.ar\/index.php?rest_route=\/wp\/v2\/posts\/55033","targetHints":{"allow":["GET"]}}],"collection":[{"href":"https:\/\/hablemosclarotdf.com.ar\/index.php?rest_route=\/wp\/v2\/posts"}],"about":[{"href":"https:\/\/hablemosclarotdf.com.ar\/index.php?rest_route=\/wp\/v2\/types\/post"}],"author":[{"embeddable":true,"href":"https:\/\/hablemosclarotdf.com.ar\/index.php?rest_route=\/wp\/v2\/users\/1"}],"replies":[{"embeddable":true,"href":"https:\/\/hablemosclarotdf.com.ar\/index.php?rest_route=%2Fwp%2Fv2%2Fcomments&post=55033"}],"version-history":[{"count":1,"href":"https:\/\/hablemosclarotdf.com.ar\/index.php?rest_route=\/wp\/v2\/posts\/55033\/revisions"}],"predecessor-version":[{"id":55035,"href":"https:\/\/hablemosclarotdf.com.ar\/index.php?rest_route=\/wp\/v2\/posts\/55033\/revisions\/55035"}],"wp:featuredmedia":[{"embeddable":true,"href":"https:\/\/hablemosclarotdf.com.ar\/index.php?rest_route=\/wp\/v2\/media\/55034"}],"wp:attachment":[{"href":"https:\/\/hablemosclarotdf.com.ar\/index.php?rest_route=%2Fwp%2Fv2%2Fmedia&parent=55033"}],"wp:term":[{"taxonomy":"category","embeddable":true,"href":"https:\/\/hablemosclarotdf.com.ar\/index.php?rest_route=%2Fwp%2Fv2%2Fcategories&post=55033"},{"taxonomy":"post_tag","embeddable":true,"href":"https:\/\/hablemosclarotdf.com.ar\/index.php?rest_route=%2Fwp%2Fv2%2Ftags&post=55033"}],"curies":[{"name":"wp","href":"https:\/\/api.w.org\/{rel}","templated":true}]}}