{"id":54976,"date":"2025-10-17T12:41:08","date_gmt":"2025-10-17T15:41:08","guid":{"rendered":"https:\/\/hablemosclarotdf.com.ar\/?p=54976"},"modified":"2025-10-17T12:41:08","modified_gmt":"2025-10-17T15:41:08","slug":"ushuaia-habra-corte-parcial-de-transito-por-la-carrera-nocturna-jca-noticias","status":"publish","type":"post","link":"https:\/\/hablemosclarotdf.com.ar\/?p=54976","title":{"rendered":"USHUAIA : HABR\u00c1 CORTE PARCIAL DE TR\u00c1NSITO POR LA CARRERA NOCTURNA \u201cJCA NOTICIAS\u201d"},"content":{"rendered":"<p>La Municipalidad de Ushuaia informa a la comunidad que este s\u00e1bado 18 de octubre se realizar\u00e1 un corte temporal de tr\u00e1nsito con motivo de la carrera nocturna \u201cJCA Noticias\u201d.<\/p>\n<p>La interrupci\u00f3n se llevar\u00e1 a cabo sobre la avenida Hip\u00f3lito Yrigoyen, entre la rotonda Padre Zink (ingreso al camino del aeropuerto) y la rotonda del CADIC (De las Banderas), en el horario de 20:30 a 22:30 horas.<\/p>\n<p>Desde el municipio se recomienda a los vecinos y vecinas evitar circular por la zona de competencia durante ese per\u00edodo y respetar las indicaciones del personal de tr\u00e1nsito y las se\u00f1alizaciones dispuestas para garantizar el desarrollo seguro del evento.<\/p>\n","protected":false},"excerpt":{"rendered":"<p>La Municipalidad de Ushuaia informa a la comunidad que este s\u00e1bado 18 de octubre se&#8230;<\/p>\n","protected":false},"author":1,"featured_media":54977,"comment_status":"closed","ping_status":"closed","sticky":false,"template":"","format":"standard","meta":{"footnotes":""},"categories":[3],"tags":[],"class_list":["post-54976","post","type-post","status-publish","format-standard","has-post-thumbnail","hentry","category-noticias"],"jetpack_featured_media_url":"https:\/\/hablemosclarotdf.com.ar\/wp-content\/uploads\/2025\/10\/photo_2025-10-17_12-40-06.jpg","_links":{"self":[{"href":"https:\/\/hablemosclarotdf.com.ar\/index.php?rest_route=\/wp\/v2\/posts\/54976","targetHints":{"allow":["GET"]}}],"collection":[{"href":"https:\/\/hablemosclarotdf.com.ar\/index.php?rest_route=\/wp\/v2\/posts"}],"about":[{"href":"https:\/\/hablemosclarotdf.com.ar\/index.php?rest_route=\/wp\/v2\/types\/post"}],"author":[{"embeddable":true,"href":"https:\/\/hablemosclarotdf.com.ar\/index.php?rest_route=\/wp\/v2\/users\/1"}],"replies":[{"embeddable":true,"href":"https:\/\/hablemosclarotdf.com.ar\/index.php?rest_route=%2Fwp%2Fv2%2Fcomments&post=54976"}],"version-history":[{"count":1,"href":"https:\/\/hablemosclarotdf.com.ar\/index.php?rest_route=\/wp\/v2\/posts\/54976\/revisions"}],"predecessor-version":[{"id":54978,"href":"https:\/\/hablemosclarotdf.com.ar\/index.php?rest_route=\/wp\/v2\/posts\/54976\/revisions\/54978"}],"wp:featuredmedia":[{"embeddable":true,"href":"https:\/\/hablemosclarotdf.com.ar\/index.php?rest_route=\/wp\/v2\/media\/54977"}],"wp:attachment":[{"href":"https:\/\/hablemosclarotdf.com.ar\/index.php?rest_route=%2Fwp%2Fv2%2Fmedia&parent=54976"}],"wp:term":[{"taxonomy":"category","embeddable":true,"href":"https:\/\/hablemosclarotdf.com.ar\/index.php?rest_route=%2Fwp%2Fv2%2Fcategories&post=54976"},{"taxonomy":"post_tag","embeddable":true,"href":"https:\/\/hablemosclarotdf.com.ar\/index.php?rest_route=%2Fwp%2Fv2%2Ftags&post=54976"}],"curies":[{"name":"wp","href":"https:\/\/api.w.org\/{rel}","templated":true}]}}