{"id":54970,"date":"2025-10-17T12:11:33","date_gmt":"2025-10-17T15:11:33","guid":{"rendered":"https:\/\/hablemosclarotdf.com.ar\/?p=54970"},"modified":"2025-10-17T12:11:33","modified_gmt":"2025-10-17T15:11:33","slug":"rio-grande-celebrara-el-spinetta-day-con-una-tarde-de-musica-y-arte","status":"publish","type":"post","link":"https:\/\/hablemosclarotdf.com.ar\/?p=54970","title":{"rendered":"R\u00cdO GRANDE CELEBRAR\u00c1 EL \u201cSPINETTA DAY\u201d CON UNA TARDE DE M\u00daSICA Y ARTE"},"content":{"rendered":"<p>El Municipio de R\u00edo Grande, a trav\u00e9s de la Secretar\u00eda de Gesti\u00f3n Ciudadana, invita a vecinos y vecinas a participar de \u201cSpinetta Day, vida y arte en compromiso humano\u201d, una jornada cultural en homenaje a Luis Alberto \u201cEl Flaco\u201d Spinetta, uno de los artistas m\u00e1s emblem\u00e1ticos de la m\u00fasica argentina.<\/p>\n<p>El encuentro se realizar\u00e1 el s\u00e1bado 18 de octubre, de 16:00 a 20:00 horas, en el Espacio Joven Zona Sur (El Alambrador 204). La actividad es libre y abierta a toda la comunidad.<\/p>\n<p>Durante la jornada se presentar\u00e1n artistas locales que rendir\u00e1n tributo a Spinetta, compartiendo su legado musical y po\u00e9tico en un espacio pensado para celebrar el arte, la sensibilidad y el compromiso humano que caracteriz\u00f3 su obra.<\/p>\n<p>Desde el Municipio se invita a las y los riograndenses a acercarse y disfrutar de esta propuesta que promueve la cultura, la participaci\u00f3n y el encuentro.<\/p>\n","protected":false},"excerpt":{"rendered":"<p>El Municipio de R\u00edo Grande, a trav\u00e9s de la Secretar\u00eda de Gesti\u00f3n Ciudadana, invita a&#8230;<\/p>\n","protected":false},"author":1,"featured_media":54971,"comment_status":"closed","ping_status":"closed","sticky":false,"template":"","format":"standard","meta":{"footnotes":""},"categories":[3],"tags":[],"class_list":["post-54970","post","type-post","status-publish","format-standard","has-post-thumbnail","hentry","category-noticias"],"jetpack_featured_media_url":"https:\/\/hablemosclarotdf.com.ar\/wp-content\/uploads\/2025\/10\/photo_2025-10-17_12-10-59.jpg","_links":{"self":[{"href":"https:\/\/hablemosclarotdf.com.ar\/index.php?rest_route=\/wp\/v2\/posts\/54970","targetHints":{"allow":["GET"]}}],"collection":[{"href":"https:\/\/hablemosclarotdf.com.ar\/index.php?rest_route=\/wp\/v2\/posts"}],"about":[{"href":"https:\/\/hablemosclarotdf.com.ar\/index.php?rest_route=\/wp\/v2\/types\/post"}],"author":[{"embeddable":true,"href":"https:\/\/hablemosclarotdf.com.ar\/index.php?rest_route=\/wp\/v2\/users\/1"}],"replies":[{"embeddable":true,"href":"https:\/\/hablemosclarotdf.com.ar\/index.php?rest_route=%2Fwp%2Fv2%2Fcomments&post=54970"}],"version-history":[{"count":1,"href":"https:\/\/hablemosclarotdf.com.ar\/index.php?rest_route=\/wp\/v2\/posts\/54970\/revisions"}],"predecessor-version":[{"id":54972,"href":"https:\/\/hablemosclarotdf.com.ar\/index.php?rest_route=\/wp\/v2\/posts\/54970\/revisions\/54972"}],"wp:featuredmedia":[{"embeddable":true,"href":"https:\/\/hablemosclarotdf.com.ar\/index.php?rest_route=\/wp\/v2\/media\/54971"}],"wp:attachment":[{"href":"https:\/\/hablemosclarotdf.com.ar\/index.php?rest_route=%2Fwp%2Fv2%2Fmedia&parent=54970"}],"wp:term":[{"taxonomy":"category","embeddable":true,"href":"https:\/\/hablemosclarotdf.com.ar\/index.php?rest_route=%2Fwp%2Fv2%2Fcategories&post=54970"},{"taxonomy":"post_tag","embeddable":true,"href":"https:\/\/hablemosclarotdf.com.ar\/index.php?rest_route=%2Fwp%2Fv2%2Ftags&post=54970"}],"curies":[{"name":"wp","href":"https:\/\/api.w.org\/{rel}","templated":true}]}}