{"id":54949,"date":"2025-10-17T10:05:55","date_gmt":"2025-10-17T13:05:55","guid":{"rendered":"https:\/\/hablemosclarotdf.com.ar\/?p=54949"},"modified":"2025-10-17T10:05:55","modified_gmt":"2025-10-17T13:05:55","slug":"rio-grande-sera-sede-de-las-3ras-jornadas-municipales-sobre-cuidados-igualitarios","status":"publish","type":"post","link":"https:\/\/hablemosclarotdf.com.ar\/?p=54949","title":{"rendered":"R\u00cdO GRANDE SER\u00c1 SEDE DE LAS 3RAS. JORNADAS MUNICIPALES SOBRE CUIDADOS IGUALITARIOS"},"content":{"rendered":"<p>Las mismas tendr\u00e1n lugar los pr\u00f3ximos lunes 20 y martes 21 de octubre, en el Espacio Tecnol\u00f3gico. Las mismas se desarrollar\u00e1n en nuestra ciudad, con la presencia de reconocidos disertantes y referentes de la materia a nivel regional, nacional e internacional, junto a quienes se abordar\u00e1n los cuidados desde una perspectiva igualitaria y corresponsable.<\/p>\n<p>El Municipio de R\u00edo Grande, a trav\u00e9s de la Secretar\u00eda de G\u00e9nero y Desarrollo Comunitario, llevar\u00e1 a cabo las \u201c3ras. Jornadas Municipales sobre Cuidados Igualitarios\u201d los d\u00edas lunes 20 y martes 21 de octubre, de 09 a 17 horas, en el Espacio Tecnol\u00f3gico. La propuesta tiene como fin promover la visualizaci\u00f3n de los cuidados como responsabilidad social compartida, involucrando al Estado y a los diversos actores sociales.<\/p>\n<p>Las Jornadas est\u00e1n destinada a diversos actores sociales vinculados al desarrollo de esta labor: empresas, cooperativas, comunidad educativa, personal municipal, asociaciones de discapacidad, familia y personas con discapacidad, organizaciones sociales y civiles, gremios, Fuerzas Armadas y de seguridad, trabajadoras de casas particulares, centros de jubilados, colegios profesionales y comunidad en general. Para participar, las y los interesados deber\u00e1n inscribirse al link: https:\/\/bit.ly\/4n7uspy.<\/p>\n<p>Junto a reconocidos profesionales, te\u00f3ricos y funcionarios p\u00fablicos del pa\u00eds, durante las jornadas se buscar\u00e1 construir un espacio de encuentro y debate sobre cu\u00e1les son los avances en t\u00e9rminos legislativos y las buenas acciones en el \u00e1mbito laboral privado. Tambi\u00e9n se brindar\u00e1 el panel \u201cLa ESI como herramienta educativa para la transformaci\u00f3n cultural hacia la igualdad de g\u00e9nero\u201d.<\/p>\n<p>Asimismo, en el marco de estas 3ras. Jornadas Municipales de Cuidados Igualitarios, se realizar\u00e1 la Conferencia \u201cEl Alcance del Derecho al Cuidado: Opini\u00f3n Consultiva de la Corte Interamericana de Derechos Humanos\u201d. La misma estar\u00e1 a cargo de Laura Pautassi, doctora de la Universidad Nacional de Buenos Aires, investigadora principal del CONICET y Presidenta del Equipo Latinoamericano de Justicia y G\u00e9nero (ELA).<\/p>\n<p>Cabe destacar que la propuesta es organizada de manera conjunta con el Colegio P\u00fablico de Abogados de Ushuaia (CPAU) y el Colegio P\u00fablico de Abogados de R\u00edo Grande.<\/p>\n<p>Con la realizaci\u00f3n de estas Jornadas, desde el Municipio se apunta a seguir trabajando en pos de una R\u00edo Grande m\u00e1s justa, igualitaria y con mayor equidad.<\/p>\n<p><img loading=\"lazy\" decoding=\"async\" class=\"alignnone size-medium wp-image-54955\" src=\"https:\/\/hablemosclarotdf.com.ar\/wp-content\/uploads\/2025\/10\/photo_2025-10-17_10-01-42-1-300x200.jpg\" alt=\"\" width=\"300\" height=\"200\" srcset=\"https:\/\/hablemosclarotdf.com.ar\/wp-content\/uploads\/2025\/10\/photo_2025-10-17_10-01-42-1-300x200.jpg 300w, https:\/\/hablemosclarotdf.com.ar\/wp-content\/uploads\/2025\/10\/photo_2025-10-17_10-01-42-1-1024x682.jpg 1024w, https:\/\/hablemosclarotdf.com.ar\/wp-content\/uploads\/2025\/10\/photo_2025-10-17_10-01-42-1-768x512.jpg 768w, https:\/\/hablemosclarotdf.com.ar\/wp-content\/uploads\/2025\/10\/photo_2025-10-17_10-01-42-1.jpg 1280w\" sizes=\"auto, (max-width: 300px) 100vw, 300px\" \/><img loading=\"lazy\" decoding=\"async\" class=\"alignnone size-medium wp-image-54956\" src=\"https:\/\/hablemosclarotdf.com.ar\/wp-content\/uploads\/2025\/10\/photo_2025-10-17_10-01-46-1-300x225.jpg\" alt=\"\" width=\"300\" height=\"225\" srcset=\"https:\/\/hablemosclarotdf.com.ar\/wp-content\/uploads\/2025\/10\/photo_2025-10-17_10-01-46-1-300x225.jpg 300w, https:\/\/hablemosclarotdf.com.ar\/wp-content\/uploads\/2025\/10\/photo_2025-10-17_10-01-46-1-1024x768.jpg 1024w, https:\/\/hablemosclarotdf.com.ar\/wp-content\/uploads\/2025\/10\/photo_2025-10-17_10-01-46-1-768x576.jpg 768w, https:\/\/hablemosclarotdf.com.ar\/wp-content\/uploads\/2025\/10\/photo_2025-10-17_10-01-46-1.jpg 1280w\" sizes=\"auto, (max-width: 300px) 100vw, 300px\" \/><\/p>\n<p><img loading=\"lazy\" decoding=\"async\" class=\"alignnone size-medium wp-image-54957\" src=\"https:\/\/hablemosclarotdf.com.ar\/wp-content\/uploads\/2025\/10\/photo_2025-10-17_10-01-51-1-300x200.jpg\" alt=\"\" width=\"300\" height=\"200\" srcset=\"https:\/\/hablemosclarotdf.com.ar\/wp-content\/uploads\/2025\/10\/photo_2025-10-17_10-01-51-1-300x200.jpg 300w, https:\/\/hablemosclarotdf.com.ar\/wp-content\/uploads\/2025\/10\/photo_2025-10-17_10-01-51-1-1024x682.jpg 1024w, https:\/\/hablemosclarotdf.com.ar\/wp-content\/uploads\/2025\/10\/photo_2025-10-17_10-01-51-1-768x511.jpg 768w, https:\/\/hablemosclarotdf.com.ar\/wp-content\/uploads\/2025\/10\/photo_2025-10-17_10-01-51-1.jpg 1280w\" sizes=\"auto, (max-width: 300px) 100vw, 300px\" \/> <img loading=\"lazy\" decoding=\"async\" class=\"alignnone size-medium wp-image-54958\" src=\"https:\/\/hablemosclarotdf.com.ar\/wp-content\/uploads\/2025\/10\/photo_2025-10-17_10-05-19-300x200.jpg\" alt=\"\" width=\"300\" height=\"200\" srcset=\"https:\/\/hablemosclarotdf.com.ar\/wp-content\/uploads\/2025\/10\/photo_2025-10-17_10-05-19-300x200.jpg 300w, https:\/\/hablemosclarotdf.com.ar\/wp-content\/uploads\/2025\/10\/photo_2025-10-17_10-05-19-1024x682.jpg 1024w, https:\/\/hablemosclarotdf.com.ar\/wp-content\/uploads\/2025\/10\/photo_2025-10-17_10-05-19-768x512.jpg 768w, https:\/\/hablemosclarotdf.com.ar\/wp-content\/uploads\/2025\/10\/photo_2025-10-17_10-05-19.jpg 1280w\" sizes=\"auto, (max-width: 300px) 100vw, 300px\" \/><\/p>\n","protected":false},"excerpt":{"rendered":"<p>Las mismas tendr\u00e1n lugar los pr\u00f3ximos lunes 20 y martes 21 de octubre, en el&#8230;<\/p>\n","protected":false},"author":1,"featured_media":54950,"comment_status":"closed","ping_status":"closed","sticky":false,"template":"","format":"standard","meta":{"footnotes":""},"categories":[3],"tags":[],"class_list":["post-54949","post","type-post","status-publish","format-standard","has-post-thumbnail","hentry","category-noticias"],"jetpack_featured_media_url":"https:\/\/hablemosclarotdf.com.ar\/wp-content\/uploads\/2025\/10\/photo_2025-10-17_10-01-33.jpg","_links":{"self":[{"href":"https:\/\/hablemosclarotdf.com.ar\/index.php?rest_route=\/wp\/v2\/posts\/54949","targetHints":{"allow":["GET"]}}],"collection":[{"href":"https:\/\/hablemosclarotdf.com.ar\/index.php?rest_route=\/wp\/v2\/posts"}],"about":[{"href":"https:\/\/hablemosclarotdf.com.ar\/index.php?rest_route=\/wp\/v2\/types\/post"}],"author":[{"embeddable":true,"href":"https:\/\/hablemosclarotdf.com.ar\/index.php?rest_route=\/wp\/v2\/users\/1"}],"replies":[{"embeddable":true,"href":"https:\/\/hablemosclarotdf.com.ar\/index.php?rest_route=%2Fwp%2Fv2%2Fcomments&post=54949"}],"version-history":[{"count":1,"href":"https:\/\/hablemosclarotdf.com.ar\/index.php?rest_route=\/wp\/v2\/posts\/54949\/revisions"}],"predecessor-version":[{"id":54959,"href":"https:\/\/hablemosclarotdf.com.ar\/index.php?rest_route=\/wp\/v2\/posts\/54949\/revisions\/54959"}],"wp:featuredmedia":[{"embeddable":true,"href":"https:\/\/hablemosclarotdf.com.ar\/index.php?rest_route=\/wp\/v2\/media\/54950"}],"wp:attachment":[{"href":"https:\/\/hablemosclarotdf.com.ar\/index.php?rest_route=%2Fwp%2Fv2%2Fmedia&parent=54949"}],"wp:term":[{"taxonomy":"category","embeddable":true,"href":"https:\/\/hablemosclarotdf.com.ar\/index.php?rest_route=%2Fwp%2Fv2%2Fcategories&post=54949"},{"taxonomy":"post_tag","embeddable":true,"href":"https:\/\/hablemosclarotdf.com.ar\/index.php?rest_route=%2Fwp%2Fv2%2Ftags&post=54949"}],"curies":[{"name":"wp","href":"https:\/\/api.w.org\/{rel}","templated":true}]}}