{"id":54917,"date":"2025-10-16T22:08:22","date_gmt":"2025-10-17T01:08:22","guid":{"rendered":"https:\/\/hablemosclarotdf.com.ar\/?p=54917"},"modified":"2025-10-16T22:08:22","modified_gmt":"2025-10-17T01:08:22","slug":"ushuaia-el-municipio-y-el-instituto-universitario-juan-vucetich-firmaron-un-convenio-de-asistencia-tecnica","status":"publish","type":"post","link":"https:\/\/hablemosclarotdf.com.ar\/?p=54917","title":{"rendered":"USHUAIA : EL MUNICIPIO  Y EL INSTITUTO UNIVERSITARIO \u201cJUAN VUCETICH\u201d FIRMARON UN CONVENIO DE ASISTENCIA T\u00c9CNICA"},"content":{"rendered":"<p>Para capacitar a personal del Ejecutivo<\/p>\n<p>La Municipalidad de Ushuaia y el Instituto Universitario Policial \u201cComisario Honoris Causa Juan Vucetich\u201d firmaron un convenio de asistencia t\u00e9cnica y coordinaci\u00f3n, con el objetivo de implementar \u201cacciones tendientes a desarrollar en forma conjunta programas o proyectos de cooperaci\u00f3n y\/o complementaci\u00f3n de car\u00e1cter acad\u00e9mico, cient\u00edfico, t\u00e9cnico y\/o de investigaci\u00f3n, u otro tipo de actividades en \u00e1reas que resulten de mutuo inter\u00e9s\u201d.<br \/>\nLa r\u00fabrica estuvo a cargo del intendente Walter Vuoto y del rector del instituto, Sergio Berni, y se realiz\u00f3 en la Intendencia capitalina.<br \/>\nEl convenio apunta a \u201cprofundizar las acciones conjuntas necesarias a los fines de fortalecer las capacidades de operativas y de gesti\u00f3n de los funcionarios y personal del Municipio destinado a la aplicaci\u00f3n de pol\u00edticas p\u00fablicas en seguridad, tareas de prevenci\u00f3n e intervenci\u00f3n ante situaciones de conflictividad y violencias\u201d, lo cual se concretar\u00e1 \u201cen el marco del sistema de seguridad p\u00fablica provincial a trav\u00e9s de actividades de capacitaci\u00f3n\u201d.<br \/>\nPara ello se tuvo en cuenta que los municipios \u201ccumplen un rol clave en la gesti\u00f3n de la seguridad\u201d, debido a que \u201cel car\u00e1cter local de los conflictos y la cercan\u00eda de los funcionarios municipales y de distintos organismos del Estado y de organizaciones sociales en los territorios\u201d convierten a los municipios y a los gobiernos locales en \u201c\u00e1mbitos privilegiados para el dise\u00f1o de respuestas y para la construcci\u00f3n de competencias para el abordaje de una problem\u00e1tica tan compleja\u201d.<br \/>\nAdem\u00e1s, se remarc\u00f3 que el Municipio de Ushuaia \u201ctiene entre sus funciones proteger la salud p\u00fablica, la seguridad y el bienestar general de los vecinos, vecinas y las futuras generaciones\u201d, y que tambi\u00e9n \u201cpromueve, planifica y ejecuta pol\u00edticas destinadas a asegurar la prestaci\u00f3n de servicios de seguridad y protecci\u00f3n a los habitantes\u201d.<\/p>\n<p><img loading=\"lazy\" decoding=\"async\" class=\"alignnone size-medium wp-image-54919\" src=\"https:\/\/hablemosclarotdf.com.ar\/wp-content\/uploads\/2025\/10\/photo_2025-10-16_22-06-22-300x200.jpg\" alt=\"\" width=\"300\" height=\"200\" srcset=\"https:\/\/hablemosclarotdf.com.ar\/wp-content\/uploads\/2025\/10\/photo_2025-10-16_22-06-22-300x200.jpg 300w, https:\/\/hablemosclarotdf.com.ar\/wp-content\/uploads\/2025\/10\/photo_2025-10-16_22-06-22-1024x683.jpg 1024w, https:\/\/hablemosclarotdf.com.ar\/wp-content\/uploads\/2025\/10\/photo_2025-10-16_22-06-22-768x512.jpg 768w, https:\/\/hablemosclarotdf.com.ar\/wp-content\/uploads\/2025\/10\/photo_2025-10-16_22-06-22.jpg 1280w\" sizes=\"auto, (max-width: 300px) 100vw, 300px\" \/> <img loading=\"lazy\" decoding=\"async\" class=\"alignnone size-medium wp-image-54920\" src=\"https:\/\/hablemosclarotdf.com.ar\/wp-content\/uploads\/2025\/10\/photo_2025-10-16_22-06-26-300x193.jpg\" alt=\"\" width=\"300\" height=\"193\" srcset=\"https:\/\/hablemosclarotdf.com.ar\/wp-content\/uploads\/2025\/10\/photo_2025-10-16_22-06-26-300x193.jpg 300w, https:\/\/hablemosclarotdf.com.ar\/wp-content\/uploads\/2025\/10\/photo_2025-10-16_22-06-26-1024x660.jpg 1024w, https:\/\/hablemosclarotdf.com.ar\/wp-content\/uploads\/2025\/10\/photo_2025-10-16_22-06-26-768x495.jpg 768w, https:\/\/hablemosclarotdf.com.ar\/wp-content\/uploads\/2025\/10\/photo_2025-10-16_22-06-26-1115x715.jpg 1115w, https:\/\/hablemosclarotdf.com.ar\/wp-content\/uploads\/2025\/10\/photo_2025-10-16_22-06-26.jpg 1132w\" sizes=\"auto, (max-width: 300px) 100vw, 300px\" \/> <img loading=\"lazy\" decoding=\"async\" class=\"alignnone size-medium wp-image-54921\" src=\"https:\/\/hablemosclarotdf.com.ar\/wp-content\/uploads\/2025\/10\/photo_2025-10-16_22-06-30-300x200.jpg\" alt=\"\" width=\"300\" height=\"200\" srcset=\"https:\/\/hablemosclarotdf.com.ar\/wp-content\/uploads\/2025\/10\/photo_2025-10-16_22-06-30-300x200.jpg 300w, https:\/\/hablemosclarotdf.com.ar\/wp-content\/uploads\/2025\/10\/photo_2025-10-16_22-06-30-1024x683.jpg 1024w, https:\/\/hablemosclarotdf.com.ar\/wp-content\/uploads\/2025\/10\/photo_2025-10-16_22-06-30-768x512.jpg 768w, https:\/\/hablemosclarotdf.com.ar\/wp-content\/uploads\/2025\/10\/photo_2025-10-16_22-06-30.jpg 1280w\" sizes=\"auto, (max-width: 300px) 100vw, 300px\" \/> <img loading=\"lazy\" decoding=\"async\" class=\"alignnone size-medium wp-image-54922\" src=\"https:\/\/hablemosclarotdf.com.ar\/wp-content\/uploads\/2025\/10\/photo_2025-10-16_22-06-35-300x200.jpg\" alt=\"\" width=\"300\" height=\"200\" srcset=\"https:\/\/hablemosclarotdf.com.ar\/wp-content\/uploads\/2025\/10\/photo_2025-10-16_22-06-35-300x200.jpg 300w, https:\/\/hablemosclarotdf.com.ar\/wp-content\/uploads\/2025\/10\/photo_2025-10-16_22-06-35-1024x683.jpg 1024w, https:\/\/hablemosclarotdf.com.ar\/wp-content\/uploads\/2025\/10\/photo_2025-10-16_22-06-35-768x512.jpg 768w, https:\/\/hablemosclarotdf.com.ar\/wp-content\/uploads\/2025\/10\/photo_2025-10-16_22-06-35.jpg 1280w\" sizes=\"auto, (max-width: 300px) 100vw, 300px\" \/> <img loading=\"lazy\" decoding=\"async\" class=\"alignnone size-medium wp-image-54923\" src=\"https:\/\/hablemosclarotdf.com.ar\/wp-content\/uploads\/2025\/10\/photo_2025-10-16_22-06-39-300x200.jpg\" alt=\"\" width=\"300\" height=\"200\" srcset=\"https:\/\/hablemosclarotdf.com.ar\/wp-content\/uploads\/2025\/10\/photo_2025-10-16_22-06-39-300x200.jpg 300w, https:\/\/hablemosclarotdf.com.ar\/wp-content\/uploads\/2025\/10\/photo_2025-10-16_22-06-39-1024x683.jpg 1024w, https:\/\/hablemosclarotdf.com.ar\/wp-content\/uploads\/2025\/10\/photo_2025-10-16_22-06-39-768x512.jpg 768w, https:\/\/hablemosclarotdf.com.ar\/wp-content\/uploads\/2025\/10\/photo_2025-10-16_22-06-39.jpg 1280w\" sizes=\"auto, (max-width: 300px) 100vw, 300px\" \/> <img loading=\"lazy\" decoding=\"async\" class=\"alignnone size-medium wp-image-54924\" src=\"https:\/\/hablemosclarotdf.com.ar\/wp-content\/uploads\/2025\/10\/photo_2025-10-16_22-06-43-300x200.jpg\" alt=\"\" width=\"300\" height=\"200\" srcset=\"https:\/\/hablemosclarotdf.com.ar\/wp-content\/uploads\/2025\/10\/photo_2025-10-16_22-06-43-300x200.jpg 300w, https:\/\/hablemosclarotdf.com.ar\/wp-content\/uploads\/2025\/10\/photo_2025-10-16_22-06-43-1024x683.jpg 1024w, https:\/\/hablemosclarotdf.com.ar\/wp-content\/uploads\/2025\/10\/photo_2025-10-16_22-06-43-768x512.jpg 768w, https:\/\/hablemosclarotdf.com.ar\/wp-content\/uploads\/2025\/10\/photo_2025-10-16_22-06-43.jpg 1280w\" sizes=\"auto, (max-width: 300px) 100vw, 300px\" \/><\/p>\n","protected":false},"excerpt":{"rendered":"<p>Para capacitar a personal del Ejecutivo La Municipalidad de Ushuaia y el Instituto Universitario Policial&#8230;<\/p>\n","protected":false},"author":1,"featured_media":54918,"comment_status":"closed","ping_status":"closed","sticky":false,"template":"","format":"standard","meta":{"footnotes":""},"categories":[3],"tags":[],"class_list":["post-54917","post","type-post","status-publish","format-standard","has-post-thumbnail","hentry","category-noticias"],"jetpack_featured_media_url":"https:\/\/hablemosclarotdf.com.ar\/wp-content\/uploads\/2025\/10\/photo_2025-10-16_22-06-17.jpg","_links":{"self":[{"href":"https:\/\/hablemosclarotdf.com.ar\/index.php?rest_route=\/wp\/v2\/posts\/54917","targetHints":{"allow":["GET"]}}],"collection":[{"href":"https:\/\/hablemosclarotdf.com.ar\/index.php?rest_route=\/wp\/v2\/posts"}],"about":[{"href":"https:\/\/hablemosclarotdf.com.ar\/index.php?rest_route=\/wp\/v2\/types\/post"}],"author":[{"embeddable":true,"href":"https:\/\/hablemosclarotdf.com.ar\/index.php?rest_route=\/wp\/v2\/users\/1"}],"replies":[{"embeddable":true,"href":"https:\/\/hablemosclarotdf.com.ar\/index.php?rest_route=%2Fwp%2Fv2%2Fcomments&post=54917"}],"version-history":[{"count":1,"href":"https:\/\/hablemosclarotdf.com.ar\/index.php?rest_route=\/wp\/v2\/posts\/54917\/revisions"}],"predecessor-version":[{"id":54925,"href":"https:\/\/hablemosclarotdf.com.ar\/index.php?rest_route=\/wp\/v2\/posts\/54917\/revisions\/54925"}],"wp:featuredmedia":[{"embeddable":true,"href":"https:\/\/hablemosclarotdf.com.ar\/index.php?rest_route=\/wp\/v2\/media\/54918"}],"wp:attachment":[{"href":"https:\/\/hablemosclarotdf.com.ar\/index.php?rest_route=%2Fwp%2Fv2%2Fmedia&parent=54917"}],"wp:term":[{"taxonomy":"category","embeddable":true,"href":"https:\/\/hablemosclarotdf.com.ar\/index.php?rest_route=%2Fwp%2Fv2%2Fcategories&post=54917"},{"taxonomy":"post_tag","embeddable":true,"href":"https:\/\/hablemosclarotdf.com.ar\/index.php?rest_route=%2Fwp%2Fv2%2Ftags&post=54917"}],"curies":[{"name":"wp","href":"https:\/\/api.w.org\/{rel}","templated":true}]}}