{"id":54912,"date":"2025-10-16T18:23:26","date_gmt":"2025-10-16T21:23:26","guid":{"rendered":"https:\/\/hablemosclarotdf.com.ar\/?p=54912"},"modified":"2025-10-16T18:23:26","modified_gmt":"2025-10-16T21:23:26","slug":"blanco-la-union-de-las-provincias-es-el-camino-para-poner-a-la-argentina-de-pie","status":"publish","type":"post","link":"https:\/\/hablemosclarotdf.com.ar\/?p=54912","title":{"rendered":"Blanco: \u201cLa uni\u00f3n de las provincias es el camino para poner a la Argentina de pie\u201d"},"content":{"rendered":"<table class=\"m_8649651190819691809templateContainer\" border=\"0\" width=\"100%\" cellspacing=\"0\" cellpadding=\"0\" align=\"center\">\n<tbody>\n<tr>\n<td class=\"m_8649651190819691809bodyContainer\" valign=\"top\">\n<table border=\"0\" width=\"100%\" cellspacing=\"0\" cellpadding=\"0\">\n<tbody>\n<tr>\n<td valign=\"top\">\n<table class=\"m_8649651190819691809mcnTextContentContainer\" border=\"0\" width=\"100%\" cellspacing=\"0\" cellpadding=\"0\" align=\"left\">\n<tbody>\n<tr>\n<td class=\"m_8649651190819691809mcnTextContent\" valign=\"top\">Jueves 16 de octubre. El senador nacional por Tierra del Fuego, Pablo Daniel Blanco, particip\u00f3 ayer del acto de Provincias Unidas realizado en la Ciudad de Buenos Aires, donde se reafirm\u00f3 el compromiso del espacio con la construcci\u00f3n de una Argentina federal, productiva y con oportunidades en todo el territorio.<\/p>\n<p>\u201cProvincias Unidas viene a respetar un proyecto que construye con mirada federal. Argentina necesita di\u00e1logo, respeto y consensos. Basta de decisiones tomadas desde un \u00fanico lugar: el pa\u00eds tiene que ser verdaderamente federal\u201d, expres\u00f3 Blanco.<\/p>\n<p>En esa l\u00ednea, el legislador destac\u00f3 que \u201cla uni\u00f3n de las provincias es el camino para construir una Argentina m\u00e1s justa y productiva\u201d, y convoc\u00f3 a acompa\u00f1ar al espacio en las pr\u00f3ximas elecciones legislativas:<\/p>\n<p>\u201cEl primer paso es este 26 de octubre: llevemos al Congreso a representantes que defiendan los intereses de los argentinos y trabajen por el desarrollo de cada provincia\u201d.<\/p>\n<p>Durante la jornada, Blanco tambi\u00e9n particip\u00f3 del programa \u201cOtra Vuelta M\u00e1s\u201d, emitido por Todo Noticias (TN), donde defendi\u00f3 el subr\u00e9gimen industrial fueguino y cuestion\u00f3 las recientes medidas del Gobierno Nacional que afectan a la producci\u00f3n en la isla.<\/p>\n<p>\u201cEs una visi\u00f3n porte\u00f1ocentrista: para muchos, Tierra del Fuego no existe. Importemos, regalemos TDF\u201d, ironiz\u00f3 el senador, al advertir que la Ley 19.640 no tiene un sentido exclusivamente econ\u00f3mico, sino que tambi\u00e9n representa soberan\u00eda y desarrollo para el sur del pa\u00eds.<\/p>\n<p>Asimismo, rechaz\u00f3 la apertura indiscriminada de importaciones:<\/p>\n<p>\u201cAbrir la importaci\u00f3n es un ataque muy certero hacia la industria de Tierra del Fuego y hacia el desarrollo de la provincia. Si el celular de Tierra del Fuego de f\u00e1brica sale 980 d\u00f3lares, \u00bfpor qu\u00e9 se vende a 2.500 en Buenos Aires? Es la cadena de comercializaci\u00f3n, no la producci\u00f3n local\u201d, explic\u00f3 Blanco.<\/p>\n<p>Finalmente, el parlamentario remarc\u00f3 que \u201cel futuro de la Argentina se construye con trabajo, producci\u00f3n y uni\u00f3n entre las provincias\u201d, y reiter\u00f3 su compromiso con la defensa de los intereses fueguinos y del desarrollo federal del pa\u00eds.<\/td>\n<\/tr>\n<\/tbody>\n<\/table>\n<\/td>\n<\/tr>\n<\/tbody>\n<\/table>\n<\/td>\n<\/tr>\n<\/tbody>\n<\/table>\n","protected":false},"excerpt":{"rendered":"<p>Jueves 16 de octubre. El senador nacional por Tierra del Fuego, Pablo Daniel Blanco, particip\u00f3&#8230;<\/p>\n","protected":false},"author":1,"featured_media":54913,"comment_status":"closed","ping_status":"closed","sticky":false,"template":"","format":"standard","meta":{"footnotes":""},"categories":[3],"tags":[],"class_list":["post-54912","post","type-post","status-publish","format-standard","has-post-thumbnail","hentry","category-noticias"],"jetpack_featured_media_url":"https:\/\/hablemosclarotdf.com.ar\/wp-content\/uploads\/2025\/10\/l_1754998383.jpg","_links":{"self":[{"href":"https:\/\/hablemosclarotdf.com.ar\/index.php?rest_route=\/wp\/v2\/posts\/54912","targetHints":{"allow":["GET"]}}],"collection":[{"href":"https:\/\/hablemosclarotdf.com.ar\/index.php?rest_route=\/wp\/v2\/posts"}],"about":[{"href":"https:\/\/hablemosclarotdf.com.ar\/index.php?rest_route=\/wp\/v2\/types\/post"}],"author":[{"embeddable":true,"href":"https:\/\/hablemosclarotdf.com.ar\/index.php?rest_route=\/wp\/v2\/users\/1"}],"replies":[{"embeddable":true,"href":"https:\/\/hablemosclarotdf.com.ar\/index.php?rest_route=%2Fwp%2Fv2%2Fcomments&post=54912"}],"version-history":[{"count":2,"href":"https:\/\/hablemosclarotdf.com.ar\/index.php?rest_route=\/wp\/v2\/posts\/54912\/revisions"}],"predecessor-version":[{"id":54915,"href":"https:\/\/hablemosclarotdf.com.ar\/index.php?rest_route=\/wp\/v2\/posts\/54912\/revisions\/54915"}],"wp:featuredmedia":[{"embeddable":true,"href":"https:\/\/hablemosclarotdf.com.ar\/index.php?rest_route=\/wp\/v2\/media\/54913"}],"wp:attachment":[{"href":"https:\/\/hablemosclarotdf.com.ar\/index.php?rest_route=%2Fwp%2Fv2%2Fmedia&parent=54912"}],"wp:term":[{"taxonomy":"category","embeddable":true,"href":"https:\/\/hablemosclarotdf.com.ar\/index.php?rest_route=%2Fwp%2Fv2%2Fcategories&post=54912"},{"taxonomy":"post_tag","embeddable":true,"href":"https:\/\/hablemosclarotdf.com.ar\/index.php?rest_route=%2Fwp%2Fv2%2Ftags&post=54912"}],"curies":[{"name":"wp","href":"https:\/\/api.w.org\/{rel}","templated":true}]}}