{"id":54837,"date":"2025-10-16T12:03:37","date_gmt":"2025-10-16T15:03:37","guid":{"rendered":"https:\/\/hablemosclarotdf.com.ar\/?p=54837"},"modified":"2025-10-16T12:03:37","modified_gmt":"2025-10-16T15:03:37","slug":"senador-blanco-matias-rodriguez-y-las-lagrimas-de-cocodrilo","status":"publish","type":"post","link":"https:\/\/hablemosclarotdf.com.ar\/?p=54837","title":{"rendered":"SENADOR BLANCO : MAT\u00cdAS RODR\u00cdGUEZ Y LAS L\u00c1GRIMAS DE COCODRILO"},"content":{"rendered":"<p>MAT\u00cdAS RODR\u00cdGUEZ Y LAS L\u00c1GRIMAS DE COCODRILO<\/p>\n<p>&nbsp;<\/p>\n<p>Por Pablo Daniel Blanco \u2013 Senador de la Naci\u00f3n.<\/p>\n<p>&nbsp;<\/p>\n<p>La pol\u00edtica est\u00e1 plagada de alegr\u00edas y sinsabores, de momentos de inmensa dicha y de tragos amargos. La pol\u00edtica nos permite interactuar con la gente y tambi\u00e9n nos hace transitar caminos con otros pol\u00edticos. En ese camino vamos juntos quienes pensamos igual y quienes tenemos otra mirada sobre un mismo\u00a0asunto. La pol\u00edtica, lo he sostenido siempre, no es cuesti\u00f3n de blancos o negros sino de\u00a0colores y\u00a0matices.<\/p>\n<p>En este camino intrincando y lleno de idas y vueltas que es la pol\u00edtica tengo y tuve la satisfacci\u00f3n de hacer gran cantidad de amigos y de conocer gente muy distinta a m\u00ed que me esforc\u00e9 por comprender, de la\u00a0queaprend\u00ed\u00a0mucho y\u00a0a la\u00a0que llegu\u00e9 a apreciar sobremanera. Por supuesto tambi\u00e9n\u00a0me cruc\u00e9 con\u00a0otros y otras con las que no hubo caso ya sea por divergencias insalvables o por natural cuesti\u00f3n humana\u00a0de inevitable antipat\u00eda.<\/p>\n<p>Pero tambi\u00e9n hubo otros con los cuales la identificaci\u00f3n y la sinton\u00eda personal fue instant\u00e1nea. Yo nunca olvido que, detr\u00e1s de las banderas pol\u00edticas y los intereses que ocasionalmente o siempre se defienden, hay personas de carne y hueso llenas de entusiasmo, objetivos y coraz\u00f3n.<\/p>\n<p>Uno de ellos fue\u00a0\u201cmi compa\u00f1ero\u201d\u00a0Mat\u00edas Rodr\u00edguez. Su tr\u00e1gica muerte, jam\u00e1s esclarecida, me conmovi\u00f3 desde el instante en que me enter\u00e9. Mat\u00edas era un tipo lleno ilusiones con toda una vida personal y pol\u00edtica por delante. Desde entonces vengo reclamando no s\u00f3lo que se lo recuerde sino que,\u00a0alg\u00fan d\u00eda,\u00a0podamos saber la verdad oculta de lo que le\u00a0sucedi\u00f3.<\/p>\n<p>Si hay algo que en pol\u00edtica me parece un l\u00edmite imperdonable que jam\u00e1s se debe cruzar es la complicidad con la corrupci\u00f3n y la muerte. Mat\u00edas tambi\u00e9n ten\u00eda esto muy clarito. Por eso, al\u00a0<a name=\"m_4738579045690348990_m_-3930193763930948757__GoBack\"><\/a>cumplirse dos a\u00f1os de su injusta y dolorosa partida\u00a0este pr\u00f3ximo 18 de octubre,\u00a0quisiera que todo el mundo sepa cu\u00e1nto lo admir\u00e9 y lo quise.<\/p>\n<p>Mat\u00edas era una de esas personas que sonr\u00eden con los ojos; esa mirada\u00a0vivaz\u00a0y profunda\u00a0que s\u00f3lo tienen las seres amables e\u00a0inteligentes. Ciertamente no \u00e9ramos del mismo partido; pero nos un\u00eda el amor por Tierra del Fuego y una sana complicidad: la de sabernos amigos.<\/p>\n<p>Me duele que Mat\u00edas no est\u00e9. Estoy seguro\u00a0de que\u00a0\u00e9l podr\u00eda contribuir mucho a que nuestra provincia mejore y a que el pa\u00eds cambie. \u00c9l era un hombre de bien (aunque nuestro actual\u00a0presidente\u00a0considere\u00a0qu<wbr \/>e ese es un\u00a0pedestal\u00a0reservado exclusivamente para los de su bando)\u00a0que a pesar de nuestras diferencias sab\u00eda escuchar y\u00a0construir desde la diferencia.<\/p>\n<p>Por eso me da una pena inmensa cuando escucho el estruendoso silencio de quienes,como a Cristo,\u00a0lo negaron\u00a0mucho\u00a0m\u00e1s\u00a0quetres veces. \u00bfA d\u00f3nde est\u00e1n sus\u00a0\u201camigos\u201d\u00a0que lloraban l\u00e1grimas de cocodrilo? La respuesta es f\u00e1cil no lo eran\u00a0ya que nunca tuvierondignidad.<\/p>\n<p>Pase lo que pase la pol\u00edtica sana seguir\u00e1 recordando a Mat\u00edas Rodr\u00edguez con la alegr\u00eda que \u00e9l siempre ten\u00eda. Ustedes se preguntar\u00e1n por qu\u00e9 y la respuesta es simple:\u00a0porque la pol\u00edtica necesita m\u00e1s gente como \u00e9l.<\/p>\n","protected":false},"excerpt":{"rendered":"<p>MAT\u00cdAS RODR\u00cdGUEZ Y LAS L\u00c1GRIMAS DE COCODRILO &nbsp; Por Pablo Daniel Blanco \u2013 Senador de&#8230;<\/p>\n","protected":false},"author":1,"featured_media":54838,"comment_status":"closed","ping_status":"closed","sticky":false,"template":"","format":"standard","meta":{"footnotes":""},"categories":[3],"tags":[],"class_list":["post-54837","post","type-post","status-publish","format-standard","has-post-thumbnail","hentry","category-noticias"],"jetpack_featured_media_url":"https:\/\/hablemosclarotdf.com.ar\/wp-content\/uploads\/2025\/10\/unnamed.png","_links":{"self":[{"href":"https:\/\/hablemosclarotdf.com.ar\/index.php?rest_route=\/wp\/v2\/posts\/54837","targetHints":{"allow":["GET"]}}],"collection":[{"href":"https:\/\/hablemosclarotdf.com.ar\/index.php?rest_route=\/wp\/v2\/posts"}],"about":[{"href":"https:\/\/hablemosclarotdf.com.ar\/index.php?rest_route=\/wp\/v2\/types\/post"}],"author":[{"embeddable":true,"href":"https:\/\/hablemosclarotdf.com.ar\/index.php?rest_route=\/wp\/v2\/users\/1"}],"replies":[{"embeddable":true,"href":"https:\/\/hablemosclarotdf.com.ar\/index.php?rest_route=%2Fwp%2Fv2%2Fcomments&post=54837"}],"version-history":[{"count":1,"href":"https:\/\/hablemosclarotdf.com.ar\/index.php?rest_route=\/wp\/v2\/posts\/54837\/revisions"}],"predecessor-version":[{"id":54839,"href":"https:\/\/hablemosclarotdf.com.ar\/index.php?rest_route=\/wp\/v2\/posts\/54837\/revisions\/54839"}],"wp:featuredmedia":[{"embeddable":true,"href":"https:\/\/hablemosclarotdf.com.ar\/index.php?rest_route=\/wp\/v2\/media\/54838"}],"wp:attachment":[{"href":"https:\/\/hablemosclarotdf.com.ar\/index.php?rest_route=%2Fwp%2Fv2%2Fmedia&parent=54837"}],"wp:term":[{"taxonomy":"category","embeddable":true,"href":"https:\/\/hablemosclarotdf.com.ar\/index.php?rest_route=%2Fwp%2Fv2%2Fcategories&post=54837"},{"taxonomy":"post_tag","embeddable":true,"href":"https:\/\/hablemosclarotdf.com.ar\/index.php?rest_route=%2Fwp%2Fv2%2Ftags&post=54837"}],"curies":[{"name":"wp","href":"https:\/\/api.w.org\/{rel}","templated":true}]}}