{"id":54815,"date":"2025-10-16T11:44:24","date_gmt":"2025-10-16T14:44:24","guid":{"rendered":"https:\/\/hablemosclarotdf.com.ar\/?p=54815"},"modified":"2025-10-16T11:44:24","modified_gmt":"2025-10-16T14:44:24","slug":"rio-grande-el-municipio-acompano-la-inauguracion-del-espacio-progresar-en-la-utn-rio-grande","status":"publish","type":"post","link":"https:\/\/hablemosclarotdf.com.ar\/?p=54815","title":{"rendered":"RIO GRANDE : EL MUNICIPIO ACOMPA\u00d1\u00d3 LA INAUGURACI\u00d3N DEL ESPACIO PROGRESAR EN LA UTN R\u00cdO GRANDE"},"content":{"rendered":"<p>El Municipio de R\u00edo Grande, a trav\u00e9s de la Secretar\u00eda de Gesti\u00f3n Ciudadana, acompa\u00f1\u00f3 la apertura del Espacio Progresar UTN R\u00edo Grande, un nuevo lugar de coworking y desarrollo tecnol\u00f3gico destinado a estudiantes universitarios. La jornada se realiz\u00f3 en la sede local de la Universidad Tecnol\u00f3gica Nacional, con la participaci\u00f3n de autoridades acad\u00e9micas, municipales y representantes estudiantiles.<\/p>\n<p>El nuevo espacio, equipado con computadoras All in One, netbooks y tablets, busca fortalecer la inclusi\u00f3n digital y el acceso a herramientas tecnol\u00f3gicas que faciliten el trabajo colaborativo, el aprendizaje y la innovaci\u00f3n. Su puesta en marcha forma parte de una pol\u00edtica educativa que, pese al contexto nacional, la UTN contin\u00faa sosteniendo desde el Rectorado y la Secretar\u00eda de Asuntos Estudiantiles, reafirmando su compromiso con la comunidad universitaria.<\/p>\n<p>Durante la inauguraci\u00f3n, se destac\u00f3 el valor del Espacio Progresar como una herramienta que promueve la equidad educativa y el desarrollo profesional, brindando un entorno donde los estudiantes pueden aprender, trabajar en equipo y acceder a tecnolog\u00eda de \u00faltima generaci\u00f3n.<\/p>\n<p>Asimismo, el Municipio entreg\u00f3 notebooks y tablets destinadas a los espacios de coworking de Ushuaia y R\u00edo Grande, fortaleciendo la red de infraestructura educativa en toda la provincia.<\/p>\n<p>Al respecto, el Secretario de Gesti\u00f3n Ciudadana, Gonzalo Ferro, afirm\u00f3 que: &#8220;este es un espacio fundamental para promover el encuentro, la colaboraci\u00f3n, el estudio, entre la comunidad acad\u00e9mica de la universidad y fundamental para pensar el futuro con desarrollo para R\u00edo Grande\u201d.<\/p>\n<p>Adem\u00e1s, agreg\u00f3 que: \u201ccuando a nivel nacional nos plantean recorte en la educaci\u00f3n p\u00fablica, vaciamiento de las universidades, desde R\u00edo Grande, la UTN y el Municipio aportando equipamiento inform\u00e1tico, les decimos que el camino es la inversi\u00f3n en educaci\u00f3n y la creaci\u00f3n de oportunidades a partir de la profesionalizaci\u00f3n de nuestros perfiles j\u00f3venes\u201d.<\/p>\n<p>Por parte del Municipio, acompa\u00f1aron el secretario de Gesti\u00f3n Ciudadana, Gonzalo Ferro, y la subsecretaria de Participaci\u00f3n Ciudadana, D\u00e9bora Galichini, junto a estudiantes y representantes del Centro de Estudiantes UTN-CETEB, encabezado por Julio C\u00e9sar Lozano y Sophia Olivera.<\/p>\n<p>Tambi\u00e9n participaron autoridades de la UTN: el decano, Ing. Mario Ferreyra; el vicedecano, Ing. Francisco \u00c1lvarez; la secretaria de Asuntos Estudiantiles, Ing. Iara Galichini; el secretario Administrativo, Ing. Demian Ferreyra; el secretario de Ciencia y Tecnolog\u00eda, Ing. Gustavo Tielens; y el secretario de Extensi\u00f3n y Cultura, Lic. Fabio Seleme. Estuvieron presentes adem\u00e1s el Ing. Sebasti\u00e1n Sosa, secretario de Asuntos Estudiantiles del Rectorado, y la presidenta de la Federaci\u00f3n Universitaria Tecnol\u00f3gica, Fernanda R\u00edos.<\/p>\n<p>Cabe recordar que el Municipio de R\u00edo Grande tambi\u00e9n cuenta con un espacio de coworking abierto a la comunidad, ubicado en el Espacio Tecnol\u00f3gico (Pellegrini 520), que funciona de 9 a 21 horas, donde vecinos y vecinas pueden acceder libremente para estudiar, trabajar o desarrollar proyectos colaborativos.<\/p>\n<p><img loading=\"lazy\" decoding=\"async\" class=\"alignnone size-medium wp-image-54817\" src=\"https:\/\/hablemosclarotdf.com.ar\/wp-content\/uploads\/2025\/10\/photo_2025-10-16_11-42-14-300x200.jpg\" alt=\"\" width=\"300\" height=\"200\" srcset=\"https:\/\/hablemosclarotdf.com.ar\/wp-content\/uploads\/2025\/10\/photo_2025-10-16_11-42-14-300x200.jpg 300w, https:\/\/hablemosclarotdf.com.ar\/wp-content\/uploads\/2025\/10\/photo_2025-10-16_11-42-14-1024x682.jpg 1024w, https:\/\/hablemosclarotdf.com.ar\/wp-content\/uploads\/2025\/10\/photo_2025-10-16_11-42-14-768x512.jpg 768w, https:\/\/hablemosclarotdf.com.ar\/wp-content\/uploads\/2025\/10\/photo_2025-10-16_11-42-14.jpg 1280w\" sizes=\"auto, (max-width: 300px) 100vw, 300px\" \/> <img loading=\"lazy\" decoding=\"async\" class=\"alignnone size-medium wp-image-54818\" src=\"https:\/\/hablemosclarotdf.com.ar\/wp-content\/uploads\/2025\/10\/photo_2025-10-16_11-42-19-300x200.jpg\" alt=\"\" width=\"300\" height=\"200\" srcset=\"https:\/\/hablemosclarotdf.com.ar\/wp-content\/uploads\/2025\/10\/photo_2025-10-16_11-42-19-300x200.jpg 300w, https:\/\/hablemosclarotdf.com.ar\/wp-content\/uploads\/2025\/10\/photo_2025-10-16_11-42-19-1024x682.jpg 1024w, https:\/\/hablemosclarotdf.com.ar\/wp-content\/uploads\/2025\/10\/photo_2025-10-16_11-42-19-768x512.jpg 768w, https:\/\/hablemosclarotdf.com.ar\/wp-content\/uploads\/2025\/10\/photo_2025-10-16_11-42-19.jpg 1280w\" sizes=\"auto, (max-width: 300px) 100vw, 300px\" \/> <img loading=\"lazy\" decoding=\"async\" class=\"alignnone size-medium wp-image-54819\" src=\"https:\/\/hablemosclarotdf.com.ar\/wp-content\/uploads\/2025\/10\/photo_2025-10-16_11-42-23-300x200.jpg\" alt=\"\" width=\"300\" height=\"200\" srcset=\"https:\/\/hablemosclarotdf.com.ar\/wp-content\/uploads\/2025\/10\/photo_2025-10-16_11-42-23-300x200.jpg 300w, https:\/\/hablemosclarotdf.com.ar\/wp-content\/uploads\/2025\/10\/photo_2025-10-16_11-42-23-1024x682.jpg 1024w, https:\/\/hablemosclarotdf.com.ar\/wp-content\/uploads\/2025\/10\/photo_2025-10-16_11-42-23-768x512.jpg 768w, https:\/\/hablemosclarotdf.com.ar\/wp-content\/uploads\/2025\/10\/photo_2025-10-16_11-42-23.jpg 1280w\" sizes=\"auto, (max-width: 300px) 100vw, 300px\" \/> <img loading=\"lazy\" decoding=\"async\" class=\"alignnone size-medium wp-image-54820\" src=\"https:\/\/hablemosclarotdf.com.ar\/wp-content\/uploads\/2025\/10\/photo_2025-10-16_11-42-27-300x200.jpg\" alt=\"\" width=\"300\" height=\"200\" srcset=\"https:\/\/hablemosclarotdf.com.ar\/wp-content\/uploads\/2025\/10\/photo_2025-10-16_11-42-27-300x200.jpg 300w, https:\/\/hablemosclarotdf.com.ar\/wp-content\/uploads\/2025\/10\/photo_2025-10-16_11-42-27-1024x682.jpg 1024w, https:\/\/hablemosclarotdf.com.ar\/wp-content\/uploads\/2025\/10\/photo_2025-10-16_11-42-27-768x512.jpg 768w, https:\/\/hablemosclarotdf.com.ar\/wp-content\/uploads\/2025\/10\/photo_2025-10-16_11-42-27.jpg 1280w\" sizes=\"auto, (max-width: 300px) 100vw, 300px\" \/> <img loading=\"lazy\" decoding=\"async\" class=\"alignnone size-medium wp-image-54821\" src=\"https:\/\/hablemosclarotdf.com.ar\/wp-content\/uploads\/2025\/10\/photo_2025-10-16_11-42-32-300x200.jpg\" alt=\"\" width=\"300\" height=\"200\" srcset=\"https:\/\/hablemosclarotdf.com.ar\/wp-content\/uploads\/2025\/10\/photo_2025-10-16_11-42-32-300x200.jpg 300w, https:\/\/hablemosclarotdf.com.ar\/wp-content\/uploads\/2025\/10\/photo_2025-10-16_11-42-32-1024x682.jpg 1024w, https:\/\/hablemosclarotdf.com.ar\/wp-content\/uploads\/2025\/10\/photo_2025-10-16_11-42-32-768x512.jpg 768w, https:\/\/hablemosclarotdf.com.ar\/wp-content\/uploads\/2025\/10\/photo_2025-10-16_11-42-32.jpg 1280w\" sizes=\"auto, (max-width: 300px) 100vw, 300px\" \/><\/p>\n","protected":false},"excerpt":{"rendered":"<p>El Municipio de R\u00edo Grande, a trav\u00e9s de la Secretar\u00eda de Gesti\u00f3n Ciudadana, acompa\u00f1\u00f3 la&#8230;<\/p>\n","protected":false},"author":1,"featured_media":54816,"comment_status":"closed","ping_status":"closed","sticky":false,"template":"","format":"standard","meta":{"footnotes":""},"categories":[3],"tags":[],"class_list":["post-54815","post","type-post","status-publish","format-standard","has-post-thumbnail","hentry","category-noticias"],"jetpack_featured_media_url":"https:\/\/hablemosclarotdf.com.ar\/wp-content\/uploads\/2025\/10\/photo_2025-10-16_11-42-11.jpg","_links":{"self":[{"href":"https:\/\/hablemosclarotdf.com.ar\/index.php?rest_route=\/wp\/v2\/posts\/54815","targetHints":{"allow":["GET"]}}],"collection":[{"href":"https:\/\/hablemosclarotdf.com.ar\/index.php?rest_route=\/wp\/v2\/posts"}],"about":[{"href":"https:\/\/hablemosclarotdf.com.ar\/index.php?rest_route=\/wp\/v2\/types\/post"}],"author":[{"embeddable":true,"href":"https:\/\/hablemosclarotdf.com.ar\/index.php?rest_route=\/wp\/v2\/users\/1"}],"replies":[{"embeddable":true,"href":"https:\/\/hablemosclarotdf.com.ar\/index.php?rest_route=%2Fwp%2Fv2%2Fcomments&post=54815"}],"version-history":[{"count":1,"href":"https:\/\/hablemosclarotdf.com.ar\/index.php?rest_route=\/wp\/v2\/posts\/54815\/revisions"}],"predecessor-version":[{"id":54822,"href":"https:\/\/hablemosclarotdf.com.ar\/index.php?rest_route=\/wp\/v2\/posts\/54815\/revisions\/54822"}],"wp:featuredmedia":[{"embeddable":true,"href":"https:\/\/hablemosclarotdf.com.ar\/index.php?rest_route=\/wp\/v2\/media\/54816"}],"wp:attachment":[{"href":"https:\/\/hablemosclarotdf.com.ar\/index.php?rest_route=%2Fwp%2Fv2%2Fmedia&parent=54815"}],"wp:term":[{"taxonomy":"category","embeddable":true,"href":"https:\/\/hablemosclarotdf.com.ar\/index.php?rest_route=%2Fwp%2Fv2%2Fcategories&post=54815"},{"taxonomy":"post_tag","embeddable":true,"href":"https:\/\/hablemosclarotdf.com.ar\/index.php?rest_route=%2Fwp%2Fv2%2Ftags&post=54815"}],"curies":[{"name":"wp","href":"https:\/\/api.w.org\/{rel}","templated":true}]}}