{"id":54781,"date":"2025-10-15T19:07:28","date_gmt":"2025-10-15T22:07:28","guid":{"rendered":"https:\/\/hablemosclarotdf.com.ar\/?p=54781"},"modified":"2025-10-15T19:09:24","modified_gmt":"2025-10-15T22:09:24","slug":"rio-grande-vivio-una-exitosa-jornada-de-zumba-y-yoga-en-el-mes-de-las-maternidades","status":"publish","type":"post","link":"https:\/\/hablemosclarotdf.com.ar\/?p=54781","title":{"rendered":"R\u00cdO GRANDE VIVI\u00d3 UNA EXITOSA JORNADA DE ZUMBA Y YOGA EN EL MES DE LAS MATERNIDADES"},"content":{"rendered":"<p>La Secretar\u00eda de Deportes organiz\u00f3 una actividad que combin\u00f3 ritmo y relajaci\u00f3n, con gran convocatoria. Anuncian un nuevo encuentro de yoga para el s\u00e1bado 18 en el marco de la prevenci\u00f3n del c\u00e1ncer de mama.<\/p>\n<p>Con una gran participaci\u00f3n de la comunidad, se llev\u00f3 a cabo una jornada especial en la Casa del Deporte de R\u00edo Grande, fusionando zumba y yoga para celebrar el mes de las maternidades. El evento, cont\u00f3 con un importante marco de p\u00fablico que disfrut\u00f3 de ambas disciplinas.<\/p>\n<p>La actividad comenz\u00f3 con la energ\u00eda contagiosa de las instructoras Carolina Gallardo y Florencia Gonz\u00e1lez, quienes lideraron las coreograf\u00edas de zumba, llenando el espacio de ritmo y movimiento. Luego, en un cambio de clima, la profesora Cintia Oyarzo gui\u00f3 a todas las participantes en una pr\u00e1ctica de yoga, promoviendo la relajaci\u00f3n y la conexi\u00f3n cuerpo-mente.<\/p>\n<p>La propuesta de combinar estas dos disciplinas opuestas pero complementarias fue muy bien recibida por el p\u00fablico, creando una experiencia integral de actividad f\u00edsica y bienestar. Debido al \u00e9xito del evento, las profesoras a cargo confirmaron que la iniciativa se repetir\u00e1 antes de fin de a\u00f1o.<\/p>\n<p>Pr\u00f3ximo Encuentro: \u201cYoga &#8211; Cuerpo y Alma en Movimiento\u201d<\/p>\n<p>En el marco del mes de la prevenci\u00f3n del c\u00e1ncer de mama, la Secretar\u00eda de Deportes invita al encuentro denominado \u201cYoga &#8211; Cuerpo y Alma en Movimiento\u201d. Se realizar\u00e1 el pr\u00f3ximo s\u00e1bado 18 de octubre, de 10 a 12 horas, en el Polideportivo Mar\u00eda Auxiliadora.<\/p>\n<p>La entrada es libre y gratuita, y la inscripci\u00f3n se realizar\u00e1 directamente en el lugar. Adem\u00e1s de la pr\u00e1ctica de yoga, el evento incluir\u00e1 una charla de concientizaci\u00f3n sobre la prevenci\u00f3n del c\u00e1ncer de mama, que estar\u00e1 a cargo de la doctora Sandra Castro.<\/p>\n<p>Estas iniciativas reflejan el compromiso de la Secretar\u00eda de Deportes con la promoci\u00f3n de h\u00e1bitos saludables y la generaci\u00f3n de espacios de encuentro para la comunidad, abordando diferentes aspectos de la salud y el bienestar general.<\/p>\n<p><img loading=\"lazy\" decoding=\"async\" class=\"alignnone size-medium wp-image-54786\" src=\"https:\/\/hablemosclarotdf.com.ar\/wp-content\/uploads\/2025\/10\/photo_2025-10-15_19-07-55-300x200.jpg\" alt=\"\" width=\"300\" height=\"200\" srcset=\"https:\/\/hablemosclarotdf.com.ar\/wp-content\/uploads\/2025\/10\/photo_2025-10-15_19-07-55-300x200.jpg 300w, https:\/\/hablemosclarotdf.com.ar\/wp-content\/uploads\/2025\/10\/photo_2025-10-15_19-07-55-1024x682.jpg 1024w, https:\/\/hablemosclarotdf.com.ar\/wp-content\/uploads\/2025\/10\/photo_2025-10-15_19-07-55-768x512.jpg 768w, https:\/\/hablemosclarotdf.com.ar\/wp-content\/uploads\/2025\/10\/photo_2025-10-15_19-07-55.jpg 1280w\" sizes=\"auto, (max-width: 300px) 100vw, 300px\" \/> <img loading=\"lazy\" decoding=\"async\" class=\"alignnone size-medium wp-image-54787\" src=\"https:\/\/hablemosclarotdf.com.ar\/wp-content\/uploads\/2025\/10\/photo_2025-10-15_19-07-59-300x200.jpg\" alt=\"\" width=\"300\" height=\"200\" srcset=\"https:\/\/hablemosclarotdf.com.ar\/wp-content\/uploads\/2025\/10\/photo_2025-10-15_19-07-59-300x200.jpg 300w, https:\/\/hablemosclarotdf.com.ar\/wp-content\/uploads\/2025\/10\/photo_2025-10-15_19-07-59-1024x682.jpg 1024w, https:\/\/hablemosclarotdf.com.ar\/wp-content\/uploads\/2025\/10\/photo_2025-10-15_19-07-59-768x512.jpg 768w, https:\/\/hablemosclarotdf.com.ar\/wp-content\/uploads\/2025\/10\/photo_2025-10-15_19-07-59.jpg 1280w\" sizes=\"auto, (max-width: 300px) 100vw, 300px\" \/> <img loading=\"lazy\" decoding=\"async\" class=\"alignnone size-medium wp-image-54788\" src=\"https:\/\/hablemosclarotdf.com.ar\/wp-content\/uploads\/2025\/10\/photo_2025-10-15_19-08-03-300x200.jpg\" alt=\"\" width=\"300\" height=\"200\" srcset=\"https:\/\/hablemosclarotdf.com.ar\/wp-content\/uploads\/2025\/10\/photo_2025-10-15_19-08-03-300x200.jpg 300w, https:\/\/hablemosclarotdf.com.ar\/wp-content\/uploads\/2025\/10\/photo_2025-10-15_19-08-03-1024x682.jpg 1024w, https:\/\/hablemosclarotdf.com.ar\/wp-content\/uploads\/2025\/10\/photo_2025-10-15_19-08-03-768x512.jpg 768w, https:\/\/hablemosclarotdf.com.ar\/wp-content\/uploads\/2025\/10\/photo_2025-10-15_19-08-03.jpg 1280w\" sizes=\"auto, (max-width: 300px) 100vw, 300px\" \/> <img loading=\"lazy\" decoding=\"async\" class=\"alignnone size-medium wp-image-54789\" src=\"https:\/\/hablemosclarotdf.com.ar\/wp-content\/uploads\/2025\/10\/photo_2025-10-15_19-08-07-300x200.jpg\" alt=\"\" width=\"300\" height=\"200\" srcset=\"https:\/\/hablemosclarotdf.com.ar\/wp-content\/uploads\/2025\/10\/photo_2025-10-15_19-08-07-300x200.jpg 300w, https:\/\/hablemosclarotdf.com.ar\/wp-content\/uploads\/2025\/10\/photo_2025-10-15_19-08-07-1024x682.jpg 1024w, https:\/\/hablemosclarotdf.com.ar\/wp-content\/uploads\/2025\/10\/photo_2025-10-15_19-08-07-768x512.jpg 768w, https:\/\/hablemosclarotdf.com.ar\/wp-content\/uploads\/2025\/10\/photo_2025-10-15_19-08-07.jpg 1280w\" sizes=\"auto, (max-width: 300px) 100vw, 300px\" \/><\/p>\n","protected":false},"excerpt":{"rendered":"<p>La Secretar\u00eda de Deportes organiz\u00f3 una actividad que combin\u00f3 ritmo y relajaci\u00f3n, con gran convocatoria&#8230;.<\/p>\n","protected":false},"author":1,"featured_media":54785,"comment_status":"closed","ping_status":"closed","sticky":false,"template":"","format":"standard","meta":{"footnotes":""},"categories":[3],"tags":[],"class_list":["post-54781","post","type-post","status-publish","format-standard","has-post-thumbnail","hentry","category-noticias"],"jetpack_featured_media_url":"https:\/\/hablemosclarotdf.com.ar\/wp-content\/uploads\/2025\/10\/photo_2025-10-15_19-07-47.jpg","_links":{"self":[{"href":"https:\/\/hablemosclarotdf.com.ar\/index.php?rest_route=\/wp\/v2\/posts\/54781","targetHints":{"allow":["GET"]}}],"collection":[{"href":"https:\/\/hablemosclarotdf.com.ar\/index.php?rest_route=\/wp\/v2\/posts"}],"about":[{"href":"https:\/\/hablemosclarotdf.com.ar\/index.php?rest_route=\/wp\/v2\/types\/post"}],"author":[{"embeddable":true,"href":"https:\/\/hablemosclarotdf.com.ar\/index.php?rest_route=\/wp\/v2\/users\/1"}],"replies":[{"embeddable":true,"href":"https:\/\/hablemosclarotdf.com.ar\/index.php?rest_route=%2Fwp%2Fv2%2Fcomments&post=54781"}],"version-history":[{"count":2,"href":"https:\/\/hablemosclarotdf.com.ar\/index.php?rest_route=\/wp\/v2\/posts\/54781\/revisions"}],"predecessor-version":[{"id":54790,"href":"https:\/\/hablemosclarotdf.com.ar\/index.php?rest_route=\/wp\/v2\/posts\/54781\/revisions\/54790"}],"wp:featuredmedia":[{"embeddable":true,"href":"https:\/\/hablemosclarotdf.com.ar\/index.php?rest_route=\/wp\/v2\/media\/54785"}],"wp:attachment":[{"href":"https:\/\/hablemosclarotdf.com.ar\/index.php?rest_route=%2Fwp%2Fv2%2Fmedia&parent=54781"}],"wp:term":[{"taxonomy":"category","embeddable":true,"href":"https:\/\/hablemosclarotdf.com.ar\/index.php?rest_route=%2Fwp%2Fv2%2Fcategories&post=54781"},{"taxonomy":"post_tag","embeddable":true,"href":"https:\/\/hablemosclarotdf.com.ar\/index.php?rest_route=%2Fwp%2Fv2%2Ftags&post=54781"}],"curies":[{"name":"wp","href":"https:\/\/api.w.org\/{rel}","templated":true}]}}