{"id":54778,"date":"2025-10-15T19:06:07","date_gmt":"2025-10-15T22:06:07","guid":{"rendered":"https:\/\/hablemosclarotdf.com.ar\/?p=54778"},"modified":"2025-10-15T19:06:07","modified_gmt":"2025-10-15T22:06:07","slug":"el-gobierno-provincial-comenzo-los-trabajos-de-mejora-y-ampliacion-en-el-sector-del-estacionamiento-de-laguna-esmeralda","status":"publish","type":"post","link":"https:\/\/hablemosclarotdf.com.ar\/?p=54778","title":{"rendered":"EL GOBIERNO PROVINCIAL COMENZ\u00d3 LOS TRABAJOS DE MEJORA Y AMPLIACI\u00d3N EN EL SECTOR DEL ESTACIONAMIENTO DE LAGUNA ESMERALDA"},"content":{"rendered":"<p>Los trabajos comenzaron este mi\u00e9rcoles 15 y continuar\u00e1n el jueves 16 de octubre de 10 a 17 h., por lo que se solicita a los conductores transitar con extrema precauci\u00f3n.<\/p>\n<p>Estas acciones son el resultado de un trabajo coordinado entre la Secretar\u00eda de Protecci\u00f3n Civil, la Secretar\u00eda de Ambiente, Manejo del Fuego, INFUETUR y Vialidad Nacional, con el objetivo de ampliar los espacios para los visitantes y evitar la presencia de autom\u00f3viles estacionados sobre las banquinas.<\/p>\n<p>Sobre esto, el titular de Protecci\u00f3n Civil, Pedro Franco, cont\u00f3 que \u201cse trata de la adecuaci\u00f3n y mejoras en el sector del estacionamiento de la Laguna Esmeralda dentro de la Reserva Natural y Paisaj\u00edstica de Tierra Mayor\u201d y a\u00f1adi\u00f3 que los trabajos consisten en \u201campliar los espacios para los visitantes y la playa de estacionamiento\u201d.<\/p>\n<p>\u201cLa gran concurrencia de p\u00fablico hace que colapse el estacionamiento y los veh\u00edculos terminan estacionando en lugares indebidos, incrementando el riesgo\u201d, dijo.<\/p>\n<p>Finalmente, inst\u00f3 a los conductores a \u201ctransitar con extrema precauci\u00f3n y tomar los recaudos necesarios\u201d.<\/p>\n<p><img loading=\"lazy\" decoding=\"async\" class=\"alignnone size-medium wp-image-54780\" src=\"https:\/\/hablemosclarotdf.com.ar\/wp-content\/uploads\/2025\/10\/photo_2025-10-15_19-05-10-300x201.jpg\" alt=\"\" width=\"300\" height=\"201\" srcset=\"https:\/\/hablemosclarotdf.com.ar\/wp-content\/uploads\/2025\/10\/photo_2025-10-15_19-05-10-300x201.jpg 300w, https:\/\/hablemosclarotdf.com.ar\/wp-content\/uploads\/2025\/10\/photo_2025-10-15_19-05-10-1024x685.jpg 1024w, https:\/\/hablemosclarotdf.com.ar\/wp-content\/uploads\/2025\/10\/photo_2025-10-15_19-05-10-768x514.jpg 768w, https:\/\/hablemosclarotdf.com.ar\/wp-content\/uploads\/2025\/10\/photo_2025-10-15_19-05-10.jpg 1280w\" sizes=\"auto, (max-width: 300px) 100vw, 300px\" \/><\/p>\n","protected":false},"excerpt":{"rendered":"<p>Los trabajos comenzaron este mi\u00e9rcoles 15 y continuar\u00e1n el jueves 16 de octubre de 10&#8230;<\/p>\n","protected":false},"author":1,"featured_media":54779,"comment_status":"closed","ping_status":"closed","sticky":false,"template":"","format":"standard","meta":{"footnotes":""},"categories":[3],"tags":[],"class_list":["post-54778","post","type-post","status-publish","format-standard","has-post-thumbnail","hentry","category-noticias"],"jetpack_featured_media_url":"https:\/\/hablemosclarotdf.com.ar\/wp-content\/uploads\/2025\/10\/photo_2025-10-15_19-05-14.jpg","_links":{"self":[{"href":"https:\/\/hablemosclarotdf.com.ar\/index.php?rest_route=\/wp\/v2\/posts\/54778","targetHints":{"allow":["GET"]}}],"collection":[{"href":"https:\/\/hablemosclarotdf.com.ar\/index.php?rest_route=\/wp\/v2\/posts"}],"about":[{"href":"https:\/\/hablemosclarotdf.com.ar\/index.php?rest_route=\/wp\/v2\/types\/post"}],"author":[{"embeddable":true,"href":"https:\/\/hablemosclarotdf.com.ar\/index.php?rest_route=\/wp\/v2\/users\/1"}],"replies":[{"embeddable":true,"href":"https:\/\/hablemosclarotdf.com.ar\/index.php?rest_route=%2Fwp%2Fv2%2Fcomments&post=54778"}],"version-history":[{"count":1,"href":"https:\/\/hablemosclarotdf.com.ar\/index.php?rest_route=\/wp\/v2\/posts\/54778\/revisions"}],"predecessor-version":[{"id":54782,"href":"https:\/\/hablemosclarotdf.com.ar\/index.php?rest_route=\/wp\/v2\/posts\/54778\/revisions\/54782"}],"wp:featuredmedia":[{"embeddable":true,"href":"https:\/\/hablemosclarotdf.com.ar\/index.php?rest_route=\/wp\/v2\/media\/54779"}],"wp:attachment":[{"href":"https:\/\/hablemosclarotdf.com.ar\/index.php?rest_route=%2Fwp%2Fv2%2Fmedia&parent=54778"}],"wp:term":[{"taxonomy":"category","embeddable":true,"href":"https:\/\/hablemosclarotdf.com.ar\/index.php?rest_route=%2Fwp%2Fv2%2Fcategories&post=54778"},{"taxonomy":"post_tag","embeddable":true,"href":"https:\/\/hablemosclarotdf.com.ar\/index.php?rest_route=%2Fwp%2Fv2%2Ftags&post=54778"}],"curies":[{"name":"wp","href":"https:\/\/api.w.org\/{rel}","templated":true}]}}