{"id":54765,"date":"2025-10-15T19:03:45","date_gmt":"2025-10-15T22:03:45","guid":{"rendered":"https:\/\/hablemosclarotdf.com.ar\/?p=54765"},"modified":"2025-10-15T19:03:45","modified_gmt":"2025-10-15T22:03:45","slug":"el-gobierno-avanza-con-la-profesionalizacion-policial-inicio-en-la-provincia-capacitacion-sobre-gestion-de-la-seguridad-e-intervenciones-policiales","status":"publish","type":"post","link":"https:\/\/hablemosclarotdf.com.ar\/?p=54765","title":{"rendered":"EL GOBIERNO AVANZA CON LA PROFESIONALIZACI\u00d3N POLICIAL: INICI\u00d3 EN LA PROVINCIA CAPACITACI\u00d3N SOBRE GESTI\u00d3N DE LA SEGURIDAD E INTERVENCIONES POLICIALES"},"content":{"rendered":"<p>Con el objetivo de fortalecer las capacidades institucionales en materia de seguridad, se dio inicio esta ma\u00f1ana al Seminario-Taller &#8220;Gesti\u00f3n de la Seguridad e Intervenciones Policiales&#8221;, una iniciativa acad\u00e9mica impulsada conjuntamente por el Gobierno de la Provincia de Tierra del Fuego, Ant\u00e1rtida e Islas del Atl\u00e1ntico Sur, la Municipalidad de Ushuaia, la Polic\u00eda Provincial y el Instituto Universitario Juan Vucetich.<\/p>\n<p>El acto de apertura \u2013en Ushuaia- cont\u00f3 con la presencia del gobernador Gustavo Melella, el Rector del Instituto Universitario \u201cJuan Vucetich\u201d, Sergio Berni; el viceministro de Coordinaci\u00f3n de Gabinete, Jorge Canals; el Jefe de la Polic\u00eda de la Provincia, Jacinto Rol\u00f3n; el director del Servicio Penitenciario, Ariel Ciares y el secretario de Gobierno de la Municipalidad de Ushuaia, C\u00e9sar Molina. En tanto, en R\u00edo Grande, estuvo a cargo del Comisario General, Manuel Anzoategui de la Direcci\u00f3n de Institutos Policiales y del Comisario Lic Carlos Vel\u00e1zquez Jefe de Estudios de esa misma instituci\u00f3n.<\/p>\n<p>En sus declaraciones, el Mandatario provincial realiz\u00f3 un reconocimiento especial a la fuerza de seguridad local: \u201ctengo que decirlo porque no es f\u00e1cil muchas veces tener una polic\u00eda de este estilo. Es una polic\u00eda sana y altamente calificada, con mucho compromiso comunitario y en el territorio, con mucha cercan\u00eda a nuestra gente\u201d.<\/p>\n<p>Melella revel\u00f3 que seg\u00fan las encuestas de gesti\u00f3n, \u201ces una de las instituciones o la instituci\u00f3n que tiene mayor reconocimiento positivo por parte de la comunidad\u201d, un valor que -subray\u00f3- \u201ctenemos que cuidar\u201d.<\/p>\n<p>El Gobernador se refiri\u00f3 tambi\u00e9n al contexto nacional actual. \u201cEl abandono por parte de muchas pol\u00edticas nacionales y sobre todo de recursos, afecta. Hoy el ajuste feroz toca las provincias, que cada vez tienen menos recursos para mayores responsabilidades\u201d.<\/p>\n<p>Frente a este escenario, valor\u00f3 especialmente estas instancias de formaci\u00f3n y anunci\u00f3 que \u201cvamos a empezar un camino para tener un acuerdo con el Instituto Vucetich de tener una formaci\u00f3n permanente, reconocida no solo por el Ministerio de Jefatura de Gabinete, sino por el Ministerio de Educaci\u00f3n de la provincia\u201d.<\/p>\n<p>Por otra parte, el Mandatario provincial tuvo palabras de agradecimiento para Sergio Berni presente en la apertura. \u201cSergio es, m\u00e1s all\u00e1 de todo su historial, un amigo de nuestra provincia. En momentos complejos pol\u00edticos y sociales de nuestra provincia, \u00e9l siempre estuvo al lado nuestro acompa\u00f1\u00e1ndonos\u201d.<\/p>\n<p>Y concluy\u00f3 que \u201cellos tienen much\u00edsima experiencia de trabajo en territorios que quiz\u00e1s no son como los nuestros, son much\u00edsimo m\u00e1s complejos, pero nos sirve seguramente porque los tiempos se complejizan cuando hay realmente problemas econ\u00f3micos\u201d.<\/p>\n<p>En tanto, el rector del Instituto Universitario \u201cJuan Vucetich\u201d, Sergio Berni, destac\u00f3 la relevancia del Seminario-Taller &#8220;Gesti\u00f3n de la Seguridad e Intervenciones Policiales&#8221; como una iniciativa fundamental para la actualizaci\u00f3n profesional en un contexto nacional complejo. \u201cEn un escenario donde el gobierno nacional desarticula el Estado, la formaci\u00f3n profesional se vuelve estrat\u00e9gica para contrarrestar la mutaci\u00f3n del delito hacia la precariedad&#8221;, se\u00f1al\u00f3 y remarc\u00f3 que &#8220;la polic\u00eda fueguina demuestra una madurez institucional admirable al capacitarse para enfrentar desaf\u00edos que exceden lo operativo&#8221;.<\/p>\n<p>Berni enfatiz\u00f3 la conexi\u00f3n entre la formaci\u00f3n continua y la efectividad de las pol\u00edticas p\u00fablicas. &#8220;No se puede dise\u00f1ar seguridad ciudadana sin comprender las nuevas din\u00e1micas del crimen organizado, el narcotr\u00e1fico y la vulnerabilidad fronteriza&#8221;, explic\u00f3, a\u00f1adiendo que &#8220;este taller permite traducir la experiencia territorial en protocolos adaptados a la realidad fueguina, fortaleciendo la prevenci\u00f3n y la investigaci\u00f3n criminal&#8221;.<\/p>\n<p>Finalmente, vincul\u00f3 la capacitaci\u00f3n con la protecci\u00f3n del capital social. &#8220;Cuando una instituci\u00f3n policial goza de reconocimiento ciudadano como la de Tierra del Fuego, su profesionalizaci\u00f3n se convierte en una obligaci\u00f3n del Estado\u201d, afirm\u00f3. \u201cEstos espacios son ant\u00eddotos contra la descomposici\u00f3n institucional, porque transforman el conocimiento en herramientas concretas para proteger a la comunidad en tiempos donde la crisis nacional exige respuestas locales\u201d.<\/p>\n<p><img loading=\"lazy\" decoding=\"async\" class=\"alignnone size-medium wp-image-54767\" src=\"https:\/\/hablemosclarotdf.com.ar\/wp-content\/uploads\/2025\/10\/photo_2025-10-15_19-00-55-300x200.jpg\" alt=\"\" width=\"300\" height=\"200\" srcset=\"https:\/\/hablemosclarotdf.com.ar\/wp-content\/uploads\/2025\/10\/photo_2025-10-15_19-00-55-300x200.jpg 300w, https:\/\/hablemosclarotdf.com.ar\/wp-content\/uploads\/2025\/10\/photo_2025-10-15_19-00-55-1024x683.jpg 1024w, https:\/\/hablemosclarotdf.com.ar\/wp-content\/uploads\/2025\/10\/photo_2025-10-15_19-00-55-768x512.jpg 768w, https:\/\/hablemosclarotdf.com.ar\/wp-content\/uploads\/2025\/10\/photo_2025-10-15_19-00-55.jpg 1280w\" sizes=\"auto, (max-width: 300px) 100vw, 300px\" \/> <img loading=\"lazy\" decoding=\"async\" class=\"alignnone size-medium wp-image-54768\" src=\"https:\/\/hablemosclarotdf.com.ar\/wp-content\/uploads\/2025\/10\/photo_2025-10-15_19-00-59-300x200.jpg\" alt=\"\" width=\"300\" height=\"200\" srcset=\"https:\/\/hablemosclarotdf.com.ar\/wp-content\/uploads\/2025\/10\/photo_2025-10-15_19-00-59-300x200.jpg 300w, https:\/\/hablemosclarotdf.com.ar\/wp-content\/uploads\/2025\/10\/photo_2025-10-15_19-00-59-1024x684.jpg 1024w, https:\/\/hablemosclarotdf.com.ar\/wp-content\/uploads\/2025\/10\/photo_2025-10-15_19-00-59-768x513.jpg 768w, https:\/\/hablemosclarotdf.com.ar\/wp-content\/uploads\/2025\/10\/photo_2025-10-15_19-00-59.jpg 1280w\" sizes=\"auto, (max-width: 300px) 100vw, 300px\" \/> <img loading=\"lazy\" decoding=\"async\" class=\"alignnone size-medium wp-image-54769\" src=\"https:\/\/hablemosclarotdf.com.ar\/wp-content\/uploads\/2025\/10\/photo_2025-10-15_19-01-03-300x200.jpg\" alt=\"\" width=\"300\" height=\"200\" srcset=\"https:\/\/hablemosclarotdf.com.ar\/wp-content\/uploads\/2025\/10\/photo_2025-10-15_19-01-03-300x200.jpg 300w, https:\/\/hablemosclarotdf.com.ar\/wp-content\/uploads\/2025\/10\/photo_2025-10-15_19-01-03-1024x684.jpg 1024w, https:\/\/hablemosclarotdf.com.ar\/wp-content\/uploads\/2025\/10\/photo_2025-10-15_19-01-03-768x513.jpg 768w, https:\/\/hablemosclarotdf.com.ar\/wp-content\/uploads\/2025\/10\/photo_2025-10-15_19-01-03.jpg 1280w\" sizes=\"auto, (max-width: 300px) 100vw, 300px\" \/> <img loading=\"lazy\" decoding=\"async\" class=\"alignnone size-medium wp-image-54770\" src=\"https:\/\/hablemosclarotdf.com.ar\/wp-content\/uploads\/2025\/10\/photo_2025-10-15_19-01-08-300x200.jpg\" alt=\"\" width=\"300\" height=\"200\" srcset=\"https:\/\/hablemosclarotdf.com.ar\/wp-content\/uploads\/2025\/10\/photo_2025-10-15_19-01-08-300x200.jpg 300w, https:\/\/hablemosclarotdf.com.ar\/wp-content\/uploads\/2025\/10\/photo_2025-10-15_19-01-08-1024x684.jpg 1024w, https:\/\/hablemosclarotdf.com.ar\/wp-content\/uploads\/2025\/10\/photo_2025-10-15_19-01-08-768x513.jpg 768w, https:\/\/hablemosclarotdf.com.ar\/wp-content\/uploads\/2025\/10\/photo_2025-10-15_19-01-08.jpg 1280w\" sizes=\"auto, (max-width: 300px) 100vw, 300px\" \/> <img loading=\"lazy\" decoding=\"async\" class=\"alignnone size-medium wp-image-54771\" src=\"https:\/\/hablemosclarotdf.com.ar\/wp-content\/uploads\/2025\/10\/photo_2025-10-15_19-01-12-300x200.jpg\" alt=\"\" width=\"300\" height=\"200\" srcset=\"https:\/\/hablemosclarotdf.com.ar\/wp-content\/uploads\/2025\/10\/photo_2025-10-15_19-01-12-300x200.jpg 300w, https:\/\/hablemosclarotdf.com.ar\/wp-content\/uploads\/2025\/10\/photo_2025-10-15_19-01-12-1024x684.jpg 1024w, https:\/\/hablemosclarotdf.com.ar\/wp-content\/uploads\/2025\/10\/photo_2025-10-15_19-01-12-768x513.jpg 768w, https:\/\/hablemosclarotdf.com.ar\/wp-content\/uploads\/2025\/10\/photo_2025-10-15_19-01-12.jpg 1280w\" sizes=\"auto, (max-width: 300px) 100vw, 300px\" \/> <img loading=\"lazy\" decoding=\"async\" class=\"alignnone size-medium wp-image-54772\" src=\"https:\/\/hablemosclarotdf.com.ar\/wp-content\/uploads\/2025\/10\/photo_2025-10-15_19-01-17-300x200.jpg\" alt=\"\" width=\"300\" height=\"200\" srcset=\"https:\/\/hablemosclarotdf.com.ar\/wp-content\/uploads\/2025\/10\/photo_2025-10-15_19-01-17-300x200.jpg 300w, https:\/\/hablemosclarotdf.com.ar\/wp-content\/uploads\/2025\/10\/photo_2025-10-15_19-01-17-1024x684.jpg 1024w, https:\/\/hablemosclarotdf.com.ar\/wp-content\/uploads\/2025\/10\/photo_2025-10-15_19-01-17-768x513.jpg 768w, https:\/\/hablemosclarotdf.com.ar\/wp-content\/uploads\/2025\/10\/photo_2025-10-15_19-01-17.jpg 1280w\" sizes=\"auto, (max-width: 300px) 100vw, 300px\" \/> <img loading=\"lazy\" decoding=\"async\" class=\"alignnone size-medium wp-image-54773\" src=\"https:\/\/hablemosclarotdf.com.ar\/wp-content\/uploads\/2025\/10\/photo_2025-10-15_19-01-21-300x200.jpg\" alt=\"\" width=\"300\" height=\"200\" srcset=\"https:\/\/hablemosclarotdf.com.ar\/wp-content\/uploads\/2025\/10\/photo_2025-10-15_19-01-21-300x200.jpg 300w, https:\/\/hablemosclarotdf.com.ar\/wp-content\/uploads\/2025\/10\/photo_2025-10-15_19-01-21-1024x684.jpg 1024w, https:\/\/hablemosclarotdf.com.ar\/wp-content\/uploads\/2025\/10\/photo_2025-10-15_19-01-21-768x513.jpg 768w, https:\/\/hablemosclarotdf.com.ar\/wp-content\/uploads\/2025\/10\/photo_2025-10-15_19-01-21.jpg 1280w\" sizes=\"auto, (max-width: 300px) 100vw, 300px\" \/> <img loading=\"lazy\" decoding=\"async\" class=\"alignnone size-medium wp-image-54774\" src=\"https:\/\/hablemosclarotdf.com.ar\/wp-content\/uploads\/2025\/10\/photo_2025-10-15_19-01-26-300x200.jpg\" alt=\"\" width=\"300\" height=\"200\" srcset=\"https:\/\/hablemosclarotdf.com.ar\/wp-content\/uploads\/2025\/10\/photo_2025-10-15_19-01-26-300x200.jpg 300w, https:\/\/hablemosclarotdf.com.ar\/wp-content\/uploads\/2025\/10\/photo_2025-10-15_19-01-26-1024x684.jpg 1024w, https:\/\/hablemosclarotdf.com.ar\/wp-content\/uploads\/2025\/10\/photo_2025-10-15_19-01-26-768x513.jpg 768w, https:\/\/hablemosclarotdf.com.ar\/wp-content\/uploads\/2025\/10\/photo_2025-10-15_19-01-26.jpg 1280w\" sizes=\"auto, (max-width: 300px) 100vw, 300px\" \/> <img loading=\"lazy\" decoding=\"async\" class=\"alignnone size-medium wp-image-54775\" src=\"https:\/\/hablemosclarotdf.com.ar\/wp-content\/uploads\/2025\/10\/photo_2025-10-15_19-01-30-300x200.jpg\" alt=\"\" width=\"300\" height=\"200\" srcset=\"https:\/\/hablemosclarotdf.com.ar\/wp-content\/uploads\/2025\/10\/photo_2025-10-15_19-01-30-300x200.jpg 300w, https:\/\/hablemosclarotdf.com.ar\/wp-content\/uploads\/2025\/10\/photo_2025-10-15_19-01-30-1024x683.jpg 1024w, https:\/\/hablemosclarotdf.com.ar\/wp-content\/uploads\/2025\/10\/photo_2025-10-15_19-01-30-768x512.jpg 768w, https:\/\/hablemosclarotdf.com.ar\/wp-content\/uploads\/2025\/10\/photo_2025-10-15_19-01-30.jpg 1280w\" sizes=\"auto, (max-width: 300px) 100vw, 300px\" \/> <img loading=\"lazy\" decoding=\"async\" class=\"alignnone size-medium wp-image-54776\" src=\"https:\/\/hablemosclarotdf.com.ar\/wp-content\/uploads\/2025\/10\/photo_2025-10-15_19-01-35-300x200.jpg\" alt=\"\" width=\"300\" height=\"200\" srcset=\"https:\/\/hablemosclarotdf.com.ar\/wp-content\/uploads\/2025\/10\/photo_2025-10-15_19-01-35-300x200.jpg 300w, https:\/\/hablemosclarotdf.com.ar\/wp-content\/uploads\/2025\/10\/photo_2025-10-15_19-01-35-1024x683.jpg 1024w, https:\/\/hablemosclarotdf.com.ar\/wp-content\/uploads\/2025\/10\/photo_2025-10-15_19-01-35-768x512.jpg 768w, https:\/\/hablemosclarotdf.com.ar\/wp-content\/uploads\/2025\/10\/photo_2025-10-15_19-01-35.jpg 1280w\" sizes=\"auto, (max-width: 300px) 100vw, 300px\" \/><\/p>\n","protected":false},"excerpt":{"rendered":"<p>Con el objetivo de fortalecer las capacidades institucionales en materia de seguridad, se dio inicio&#8230;<\/p>\n","protected":false},"author":1,"featured_media":54766,"comment_status":"closed","ping_status":"closed","sticky":false,"template":"","format":"standard","meta":{"footnotes":""},"categories":[3],"tags":[],"class_list":["post-54765","post","type-post","status-publish","format-standard","has-post-thumbnail","hentry","category-noticias"],"jetpack_featured_media_url":"https:\/\/hablemosclarotdf.com.ar\/wp-content\/uploads\/2025\/10\/photo_2025-10-15_19-00-44.jpg","_links":{"self":[{"href":"https:\/\/hablemosclarotdf.com.ar\/index.php?rest_route=\/wp\/v2\/posts\/54765","targetHints":{"allow":["GET"]}}],"collection":[{"href":"https:\/\/hablemosclarotdf.com.ar\/index.php?rest_route=\/wp\/v2\/posts"}],"about":[{"href":"https:\/\/hablemosclarotdf.com.ar\/index.php?rest_route=\/wp\/v2\/types\/post"}],"author":[{"embeddable":true,"href":"https:\/\/hablemosclarotdf.com.ar\/index.php?rest_route=\/wp\/v2\/users\/1"}],"replies":[{"embeddable":true,"href":"https:\/\/hablemosclarotdf.com.ar\/index.php?rest_route=%2Fwp%2Fv2%2Fcomments&post=54765"}],"version-history":[{"count":1,"href":"https:\/\/hablemosclarotdf.com.ar\/index.php?rest_route=\/wp\/v2\/posts\/54765\/revisions"}],"predecessor-version":[{"id":54777,"href":"https:\/\/hablemosclarotdf.com.ar\/index.php?rest_route=\/wp\/v2\/posts\/54765\/revisions\/54777"}],"wp:featuredmedia":[{"embeddable":true,"href":"https:\/\/hablemosclarotdf.com.ar\/index.php?rest_route=\/wp\/v2\/media\/54766"}],"wp:attachment":[{"href":"https:\/\/hablemosclarotdf.com.ar\/index.php?rest_route=%2Fwp%2Fv2%2Fmedia&parent=54765"}],"wp:term":[{"taxonomy":"category","embeddable":true,"href":"https:\/\/hablemosclarotdf.com.ar\/index.php?rest_route=%2Fwp%2Fv2%2Fcategories&post=54765"},{"taxonomy":"post_tag","embeddable":true,"href":"https:\/\/hablemosclarotdf.com.ar\/index.php?rest_route=%2Fwp%2Fv2%2Ftags&post=54765"}],"curies":[{"name":"wp","href":"https:\/\/api.w.org\/{rel}","templated":true}]}}