{"id":54761,"date":"2025-10-15T18:57:27","date_gmt":"2025-10-15T21:57:27","guid":{"rendered":"https:\/\/hablemosclarotdf.com.ar\/?p=54761"},"modified":"2025-10-15T18:57:27","modified_gmt":"2025-10-15T21:57:27","slug":"rio-grande-living-emprendedor-el-valor-de-crear-con-identidad-fueguina","status":"publish","type":"post","link":"https:\/\/hablemosclarotdf.com.ar\/?p=54761","title":{"rendered":"RIO GRANDE : LIVING EMPRENDEDOR: EL VALOR DE CREAR CON IDENTIDAD FUEGUINA"},"content":{"rendered":"<p>En el marco de la segunda edici\u00f3n de la Expo Emprender desde el Sur, el Municipio de R\u00edo Grande llev\u00f3 adelante el Primer Encuentro Regional de Emprendedores y Pymes y los Living Emprendedores: Producci\u00f3n local con identidad fueguina, dos propuestas que pusieron en valor la producci\u00f3n fueguina, el trabajo colaborativo y la identidad local.<\/p>\n<p>El Primer Encuentro Regional de Emprendedores y Pymes fue una instancia in\u00e9dita de vinculaci\u00f3n y cooperaci\u00f3n entre emprendedoras, emprendedores y peque\u00f1as y medianas empresas de distintas localidades de la regi\u00f3n, quienes compartieron experiencias, desaf\u00edos y proyectos en un formato de intercambio \u00e1gil y participativo.<\/p>\n<p>El objetivo central fue generar sinergias, alianzas y nuevas oportunidades de crecimiento conjunto, fortaleciendo el entramado productivo regional y promoviendo el desarrollo de un ecosistema emprendedor y pyme sustentable y solidario.<\/p>\n<p>A lo largo de la Expo se desarrollaron tambi\u00e9n los Living Emprendedores, espacios de di\u00e1logo y reflexi\u00f3n en torno a la producci\u00f3n local con identidad fueguina, donde diversos referentes compartieron sus trayectorias y la historia detr\u00e1s de sus proyectos.<\/p>\n<p>Participaron Gin Ghandi (Nicol\u00e1s \u00c1vila), Deshidratadora de los R\u00edos (Pablo R\u00edos), Cervecer\u00eda Klatue, Hi-ca sal marina (Juan Ponce) \u2014que adem\u00e1s realiz\u00f3 la presentaci\u00f3n oficial de su nuevo libro \u201cEmprender desde el Sur\u201d, en homenaje a esta Expo\u2014, y se present\u00f3 una muestra de la t\u00e9cnica tufting a cargo de Gato Gordo Emprendedor (Federico Bouteria), que invit\u00f3 a la interacci\u00f3n con el p\u00fablico y destac\u00f3 la creatividad de la producci\u00f3n local.<\/p>\n<p>Durante la exposici\u00f3n tambi\u00e9n formaron parte de estos espacios Alfajores del Fagnano (Jesica Villar, Tolhuin) y Chacinados San Andr\u00e9s (Lola M\u00fcller, R\u00edo Grande), quienes compartieron sus historias de crecimiento y la pasi\u00f3n que los impulsa a elaborar productos con sello fueguino, resaltando el valor del acompa\u00f1amiento de la comunidad en cada feria y espacio de comercializaci\u00f3n.<\/p>\n<p>Por su parte, Nen\u00e9 Pescados y Mariscos (H\u00e9ctor Ampuero) y la Cooperativa Av\u00edcola R\u00edo Grande aportaron su mirada sobre la producci\u00f3n sustentable, el trabajo cooperativo y el compromiso con la soberan\u00eda alimentaria desde el territorio, pilares que fortalecen la identidad productiva fueguina.<\/p>\n<p>Tambi\u00e9n se realiz\u00f3 un nuevo Living Emprendedor, con la participaci\u00f3n de Meow (Natalia Rodr\u00edguez), L\u00e1mparas 3D (Lisandro Bianchi) y CJE Emprendedor (Emanuel Rodr\u00edguez), quienes compartieron sus experiencias, inspirando al p\u00fablico con sus historias de creatividad, innovaci\u00f3n y crecimiento desde la ciudad.<\/p>\n<p>Como cierre, los emprendimientos Le Brule, Puente Viejo y Pastas Donadio compartieron sus experiencias en un \u00faltimo Living cargado de inspiraci\u00f3n, donde se puso de relieve el esfuerzo, la pasi\u00f3n y la dedicaci\u00f3n de quienes apuestan a crecer desde nuestra ciudad, sin perder su arraigo local.<\/p>\n<p>Cada uno de estos espacios reflej\u00f3 el esp\u00edritu de la Expo: impulsar la producci\u00f3n local, visibilizar el talento fueguino y fortalecer el entramado emprendedor y pyme regional, reafirmando el valor de producir con identidad y compromiso.<\/p>\n<p>La Expo Emprender desde el Sur contin\u00faa consolid\u00e1ndose como una propuesta que representa la identidad, el esfuerzo y la comunidad. Un espacio de referencia para la capacitaci\u00f3n, la comercializaci\u00f3n y la cooperaci\u00f3n entre emprendedores y pymes, reafirmando el compromiso del Municipio de R\u00edo Grande con el desarrollo productivo, la innovaci\u00f3n y la identidad fueguina.<\/p>\n<p><img loading=\"lazy\" decoding=\"async\" class=\"alignnone size-medium wp-image-54763\" src=\"https:\/\/hablemosclarotdf.com.ar\/wp-content\/uploads\/2025\/10\/photo_2025-10-15_18-56-36-300x200.jpg\" alt=\"\" width=\"300\" height=\"200\" srcset=\"https:\/\/hablemosclarotdf.com.ar\/wp-content\/uploads\/2025\/10\/photo_2025-10-15_18-56-36-300x200.jpg 300w, https:\/\/hablemosclarotdf.com.ar\/wp-content\/uploads\/2025\/10\/photo_2025-10-15_18-56-36-1024x683.jpg 1024w, https:\/\/hablemosclarotdf.com.ar\/wp-content\/uploads\/2025\/10\/photo_2025-10-15_18-56-36-768x512.jpg 768w, https:\/\/hablemosclarotdf.com.ar\/wp-content\/uploads\/2025\/10\/photo_2025-10-15_18-56-36.jpg 1280w\" sizes=\"auto, (max-width: 300px) 100vw, 300px\" \/><\/p>\n","protected":false},"excerpt":{"rendered":"<p>En el marco de la segunda edici\u00f3n de la Expo Emprender desde el Sur, el&#8230;<\/p>\n","protected":false},"author":1,"featured_media":54762,"comment_status":"closed","ping_status":"closed","sticky":false,"template":"","format":"standard","meta":{"footnotes":""},"categories":[3],"tags":[],"class_list":["post-54761","post","type-post","status-publish","format-standard","has-post-thumbnail","hentry","category-noticias"],"jetpack_featured_media_url":"https:\/\/hablemosclarotdf.com.ar\/wp-content\/uploads\/2025\/10\/photo_2025-10-15_18-56-28.jpg","_links":{"self":[{"href":"https:\/\/hablemosclarotdf.com.ar\/index.php?rest_route=\/wp\/v2\/posts\/54761","targetHints":{"allow":["GET"]}}],"collection":[{"href":"https:\/\/hablemosclarotdf.com.ar\/index.php?rest_route=\/wp\/v2\/posts"}],"about":[{"href":"https:\/\/hablemosclarotdf.com.ar\/index.php?rest_route=\/wp\/v2\/types\/post"}],"author":[{"embeddable":true,"href":"https:\/\/hablemosclarotdf.com.ar\/index.php?rest_route=\/wp\/v2\/users\/1"}],"replies":[{"embeddable":true,"href":"https:\/\/hablemosclarotdf.com.ar\/index.php?rest_route=%2Fwp%2Fv2%2Fcomments&post=54761"}],"version-history":[{"count":1,"href":"https:\/\/hablemosclarotdf.com.ar\/index.php?rest_route=\/wp\/v2\/posts\/54761\/revisions"}],"predecessor-version":[{"id":54764,"href":"https:\/\/hablemosclarotdf.com.ar\/index.php?rest_route=\/wp\/v2\/posts\/54761\/revisions\/54764"}],"wp:featuredmedia":[{"embeddable":true,"href":"https:\/\/hablemosclarotdf.com.ar\/index.php?rest_route=\/wp\/v2\/media\/54762"}],"wp:attachment":[{"href":"https:\/\/hablemosclarotdf.com.ar\/index.php?rest_route=%2Fwp%2Fv2%2Fmedia&parent=54761"}],"wp:term":[{"taxonomy":"category","embeddable":true,"href":"https:\/\/hablemosclarotdf.com.ar\/index.php?rest_route=%2Fwp%2Fv2%2Fcategories&post=54761"},{"taxonomy":"post_tag","embeddable":true,"href":"https:\/\/hablemosclarotdf.com.ar\/index.php?rest_route=%2Fwp%2Fv2%2Ftags&post=54761"}],"curies":[{"name":"wp","href":"https:\/\/api.w.org\/{rel}","templated":true}]}}