{"id":54721,"date":"2025-10-15T14:03:22","date_gmt":"2025-10-15T17:03:22","guid":{"rendered":"https:\/\/hablemosclarotdf.com.ar\/?p=54721"},"modified":"2025-10-15T14:03:22","modified_gmt":"2025-10-15T17:03:22","slug":"ushuaia-el-centro-de-salud-municipal-realizara-el-sabado-una-nueva-jornada-de-atencion-por-orden-de-llegada","status":"publish","type":"post","link":"https:\/\/hablemosclarotdf.com.ar\/?p=54721","title":{"rendered":"USHUAIA : EL CENTRO DE SALUD MUNICIPAL REALIZAR\u00c1 EL S\u00c1BADO UNA NUEVA JORNADA DE ATENCI\u00d3N POR ORDEN DE LLEGADA"},"content":{"rendered":"<p>La Municipalidad de Ushuaia a trav\u00e9s de la Secretar\u00eda de Pol\u00edticas Sociales, Sanitarias y Derechos Humanos, invita a la comunidad a participar de la jornada \u201cCentro Abierto: Salud en Comunidad\u201d, que se realizar\u00e1 el s\u00e1bado 18 en el horario de 10 a 13 horas, en el Centro de Salud Municipal, ubicado en la calle 12 de Octubre 951.<br \/>\nLa propuesta contin\u00faa garantizando controles gratuitos y acompa\u00f1amiento profesional en distintas estaciones de salud, con atenci\u00f3n por orden de llegada y sin turno previo.<br \/>\nDurante la jornada se brindar\u00e1n servicios en enfermer\u00eda (controles b\u00e1sicos), pediatr\u00eda, agudeza visual, testeos de VIH y s\u00edfilis, nutrici\u00f3n enmarcada en el programa \u201cSal de Mi Coraz\u00f3n\u201d.<br \/>\nCabe mencionar que la actividad forma parte de las acciones que impulsa la Municipalidad, para acercar servicios de prevenci\u00f3n, control y promoci\u00f3n de la salud a toda la comunidad.<\/p>\n","protected":false},"excerpt":{"rendered":"<p>La Municipalidad de Ushuaia a trav\u00e9s de la Secretar\u00eda de Pol\u00edticas Sociales, Sanitarias y Derechos&#8230;<\/p>\n","protected":false},"author":1,"featured_media":54722,"comment_status":"closed","ping_status":"closed","sticky":false,"template":"","format":"standard","meta":{"footnotes":""},"categories":[3],"tags":[],"class_list":["post-54721","post","type-post","status-publish","format-standard","has-post-thumbnail","hentry","category-noticias"],"jetpack_featured_media_url":"https:\/\/hablemosclarotdf.com.ar\/wp-content\/uploads\/2025\/10\/photo_2025-10-15_14-02-49.jpg","_links":{"self":[{"href":"https:\/\/hablemosclarotdf.com.ar\/index.php?rest_route=\/wp\/v2\/posts\/54721","targetHints":{"allow":["GET"]}}],"collection":[{"href":"https:\/\/hablemosclarotdf.com.ar\/index.php?rest_route=\/wp\/v2\/posts"}],"about":[{"href":"https:\/\/hablemosclarotdf.com.ar\/index.php?rest_route=\/wp\/v2\/types\/post"}],"author":[{"embeddable":true,"href":"https:\/\/hablemosclarotdf.com.ar\/index.php?rest_route=\/wp\/v2\/users\/1"}],"replies":[{"embeddable":true,"href":"https:\/\/hablemosclarotdf.com.ar\/index.php?rest_route=%2Fwp%2Fv2%2Fcomments&post=54721"}],"version-history":[{"count":1,"href":"https:\/\/hablemosclarotdf.com.ar\/index.php?rest_route=\/wp\/v2\/posts\/54721\/revisions"}],"predecessor-version":[{"id":54723,"href":"https:\/\/hablemosclarotdf.com.ar\/index.php?rest_route=\/wp\/v2\/posts\/54721\/revisions\/54723"}],"wp:featuredmedia":[{"embeddable":true,"href":"https:\/\/hablemosclarotdf.com.ar\/index.php?rest_route=\/wp\/v2\/media\/54722"}],"wp:attachment":[{"href":"https:\/\/hablemosclarotdf.com.ar\/index.php?rest_route=%2Fwp%2Fv2%2Fmedia&parent=54721"}],"wp:term":[{"taxonomy":"category","embeddable":true,"href":"https:\/\/hablemosclarotdf.com.ar\/index.php?rest_route=%2Fwp%2Fv2%2Fcategories&post=54721"},{"taxonomy":"post_tag","embeddable":true,"href":"https:\/\/hablemosclarotdf.com.ar\/index.php?rest_route=%2Fwp%2Fv2%2Ftags&post=54721"}],"curies":[{"name":"wp","href":"https:\/\/api.w.org\/{rel}","templated":true}]}}