{"id":54582,"date":"2025-10-14T11:59:23","date_gmt":"2025-10-14T14:59:23","guid":{"rendered":"https:\/\/hablemosclarotdf.com.ar\/?p=54582"},"modified":"2025-10-14T11:59:23","modified_gmt":"2025-10-14T14:59:23","slug":"feria-provincial-del-libro-la-provincia-sigue-apostando-por-las-industrias-culturales","status":"publish","type":"post","link":"https:\/\/hablemosclarotdf.com.ar\/?p=54582","title":{"rendered":"FERIA PROVINCIAL DEL LIBRO: LA PROVINCIA SIGUE APOSTANDO POR LAS INDUSTRIAS CULTURALES"},"content":{"rendered":"<p>Este fin de semana se llev\u00f3 a cabo la XXVIII Edici\u00f3n de la Feria Provincial del Libro, evento que convoc\u00f3 a escritores, artistas fueguinos y a la comunidad. Se desarroll\u00f3 con el nombre &#8216;Coraz\u00f3n de Meseta&#8217; en homenaje al cantautor riograndense e impulsor de la Feria, Rub\u00e9n Bali\u00f1o.<\/p>\n<p>Al respecto, la presidenta de la Agencia de Innovaci\u00f3n, Anal\u00eda Cubino, manifest\u00f3 que \u201chay un esfuerzo estatal de sostener estos eventos en esta batalla cultural que nos han instado y que no vamos a entregar&#8221; y sigui\u00f3: &#8220;Sabemos que son momentos complejos, pero ver y leer lo que se produce en Tierra del Fuego es un enorme orgullo y un incentivo para seguir luchando y dejar en alto la gesti\u00f3n de la cultura\u201d.<\/p>\n<p>\u201cFelicito a todas y a todos los que siguen haciendo literatura fueguina&#8221; sum\u00f3 y continu\u00f3: &#8220;Esta edici\u00f3n es en honor a Rub\u00e9n Bali\u00f1o quien marcaba que el folklore iba a ser tal cuando todos cant\u00e1ramos eso&#8221;.<\/p>\n<p>&#8220;Hoy recodamos ese coraz\u00f3n de meseta, porque la Feria fue propuesta por artistas como \u00e9l que la sostuvieron en momentos como este, en otro contexto. Que sea la edici\u00f3n n\u00famero 28 no es menor, casi tantos a\u00f1os como la provincia. En su corta biograf\u00eda es un tiempo que es importante honrar y sostener\u201d, finaliz\u00f3 Cubino.<\/p>\n<p>Por su parte, el secretario de Cultura del Gobierno provincial, Aureliano Rodr\u00edguez, agradeci\u00f3 a los autores y a las diferentes librer\u00edas que se sumaron a participar de esta edici\u00f3n y celebr\u00f3 &#8220;que se den estos espacios que son para impulsar las industrias editoriales pero tambi\u00e9n espacios de encuentro&#8221;.<\/p>\n<p>&#8220;En estos momentos de retroceso de las pol\u00edticas p\u00fablicas culturales en el \u00e1mbito nacional este espacio se convierte en resistencia, por eso es un momento de celebrar, porque tenemos una provincia que decide seguir apostando a las industrias culturales\u201d, concluy\u00f3.<\/p>\n<p>Esta Edici\u00f3n N\u00b028, cont\u00f3 con artistas fueguinos, como Mariana Quevedo, Romina Tamburella, Malvina, Ra\u00fal Torres, Silvina Biott, Bel\u00e9n Ahumada, Florencia Lobo, Omar Hirsig, Hada Bernard, Facundo Ag\u00fcero, Sidney Mann, entre otros, como tambi\u00e9n la participaci\u00f3n especial del presidente del Instituto Nacional de la M\u00fasica (INAMU) y m\u00fasico, Bernab\u00e9 Cantlon, quien brind\u00f3 la charla &#8220;Herramientas del INAMU y Agregadora de M\u00fasica Argentina&#8221;, la periodista especializada en casos policiales, escritora, productora de programas televisivos sobre cr\u00edmenes, presentadora y columnista en noticieros nacionales, Florencia Etcheves, quien dio la charla &#8220;Hisotiras, relatos y el arte de la ficci\u00f3n&#8221; y present\u00f3 su libro \u201cla cocinera de Frida\u201d, y Adri\u00e1n Lakerman, guionista de televisi\u00f3n y humorista, presentando su libro &#8220;C\u00f3mo pisar una cascara de banana&#8221;.<\/p>\n<p><img loading=\"lazy\" decoding=\"async\" class=\"alignnone size-medium wp-image-54584\" src=\"https:\/\/hablemosclarotdf.com.ar\/wp-content\/uploads\/2025\/10\/photo_2025-10-14_11-56-27-300x200.jpg\" alt=\"\" width=\"300\" height=\"200\" srcset=\"https:\/\/hablemosclarotdf.com.ar\/wp-content\/uploads\/2025\/10\/photo_2025-10-14_11-56-27-300x200.jpg 300w, https:\/\/hablemosclarotdf.com.ar\/wp-content\/uploads\/2025\/10\/photo_2025-10-14_11-56-27-1024x682.jpg 1024w, https:\/\/hablemosclarotdf.com.ar\/wp-content\/uploads\/2025\/10\/photo_2025-10-14_11-56-27-768x511.jpg 768w, https:\/\/hablemosclarotdf.com.ar\/wp-content\/uploads\/2025\/10\/photo_2025-10-14_11-56-27.jpg 1280w\" sizes=\"auto, (max-width: 300px) 100vw, 300px\" \/> <img loading=\"lazy\" decoding=\"async\" class=\"alignnone size-medium wp-image-54585\" src=\"https:\/\/hablemosclarotdf.com.ar\/wp-content\/uploads\/2025\/10\/photo_2025-10-14_11-56-31-300x200.jpg\" alt=\"\" width=\"300\" height=\"200\" srcset=\"https:\/\/hablemosclarotdf.com.ar\/wp-content\/uploads\/2025\/10\/photo_2025-10-14_11-56-31-300x200.jpg 300w, https:\/\/hablemosclarotdf.com.ar\/wp-content\/uploads\/2025\/10\/photo_2025-10-14_11-56-31-1024x682.jpg 1024w, https:\/\/hablemosclarotdf.com.ar\/wp-content\/uploads\/2025\/10\/photo_2025-10-14_11-56-31-768x511.jpg 768w, https:\/\/hablemosclarotdf.com.ar\/wp-content\/uploads\/2025\/10\/photo_2025-10-14_11-56-31.jpg 1280w\" sizes=\"auto, (max-width: 300px) 100vw, 300px\" \/> <img loading=\"lazy\" decoding=\"async\" class=\"alignnone size-medium wp-image-54586\" src=\"https:\/\/hablemosclarotdf.com.ar\/wp-content\/uploads\/2025\/10\/photo_2025-10-14_11-56-36-300x200.jpg\" alt=\"\" width=\"300\" height=\"200\" srcset=\"https:\/\/hablemosclarotdf.com.ar\/wp-content\/uploads\/2025\/10\/photo_2025-10-14_11-56-36-300x200.jpg 300w, https:\/\/hablemosclarotdf.com.ar\/wp-content\/uploads\/2025\/10\/photo_2025-10-14_11-56-36-1024x682.jpg 1024w, https:\/\/hablemosclarotdf.com.ar\/wp-content\/uploads\/2025\/10\/photo_2025-10-14_11-56-36-768x511.jpg 768w, https:\/\/hablemosclarotdf.com.ar\/wp-content\/uploads\/2025\/10\/photo_2025-10-14_11-56-36.jpg 1280w\" sizes=\"auto, (max-width: 300px) 100vw, 300px\" \/> <img loading=\"lazy\" decoding=\"async\" class=\"alignnone size-medium wp-image-54587\" src=\"https:\/\/hablemosclarotdf.com.ar\/wp-content\/uploads\/2025\/10\/photo_2025-10-14_11-56-42-300x199.jpg\" alt=\"\" width=\"300\" height=\"199\" srcset=\"https:\/\/hablemosclarotdf.com.ar\/wp-content\/uploads\/2025\/10\/photo_2025-10-14_11-56-42-300x199.jpg 300w, https:\/\/hablemosclarotdf.com.ar\/wp-content\/uploads\/2025\/10\/photo_2025-10-14_11-56-42-1024x681.jpg 1024w, https:\/\/hablemosclarotdf.com.ar\/wp-content\/uploads\/2025\/10\/photo_2025-10-14_11-56-42-768x511.jpg 768w, https:\/\/hablemosclarotdf.com.ar\/wp-content\/uploads\/2025\/10\/photo_2025-10-14_11-56-42.jpg 1280w\" sizes=\"auto, (max-width: 300px) 100vw, 300px\" \/> <img loading=\"lazy\" decoding=\"async\" class=\"alignnone size-medium wp-image-54588\" src=\"https:\/\/hablemosclarotdf.com.ar\/wp-content\/uploads\/2025\/10\/photo_2025-10-14_11-56-46-300x197.jpg\" alt=\"\" width=\"300\" height=\"197\" srcset=\"https:\/\/hablemosclarotdf.com.ar\/wp-content\/uploads\/2025\/10\/photo_2025-10-14_11-56-46-300x197.jpg 300w, https:\/\/hablemosclarotdf.com.ar\/wp-content\/uploads\/2025\/10\/photo_2025-10-14_11-56-46-1024x672.jpg 1024w, https:\/\/hablemosclarotdf.com.ar\/wp-content\/uploads\/2025\/10\/photo_2025-10-14_11-56-46-768x504.jpg 768w, https:\/\/hablemosclarotdf.com.ar\/wp-content\/uploads\/2025\/10\/photo_2025-10-14_11-56-46.jpg 1280w\" sizes=\"auto, (max-width: 300px) 100vw, 300px\" \/> <img loading=\"lazy\" decoding=\"async\" class=\"alignnone size-medium wp-image-54589\" src=\"https:\/\/hablemosclarotdf.com.ar\/wp-content\/uploads\/2025\/10\/photo_2025-10-14_11-56-51-300x200.jpg\" alt=\"\" width=\"300\" height=\"200\" srcset=\"https:\/\/hablemosclarotdf.com.ar\/wp-content\/uploads\/2025\/10\/photo_2025-10-14_11-56-51-300x200.jpg 300w, https:\/\/hablemosclarotdf.com.ar\/wp-content\/uploads\/2025\/10\/photo_2025-10-14_11-56-51-1024x682.jpg 1024w, https:\/\/hablemosclarotdf.com.ar\/wp-content\/uploads\/2025\/10\/photo_2025-10-14_11-56-51-768x512.jpg 768w, https:\/\/hablemosclarotdf.com.ar\/wp-content\/uploads\/2025\/10\/photo_2025-10-14_11-56-51.jpg 1280w\" sizes=\"auto, (max-width: 300px) 100vw, 300px\" \/> <img loading=\"lazy\" decoding=\"async\" class=\"alignnone size-medium wp-image-54590\" src=\"https:\/\/hablemosclarotdf.com.ar\/wp-content\/uploads\/2025\/10\/photo_2025-10-14_11-56-56-300x200.jpg\" alt=\"\" width=\"300\" height=\"200\" srcset=\"https:\/\/hablemosclarotdf.com.ar\/wp-content\/uploads\/2025\/10\/photo_2025-10-14_11-56-56-300x200.jpg 300w, https:\/\/hablemosclarotdf.com.ar\/wp-content\/uploads\/2025\/10\/photo_2025-10-14_11-56-56-1024x682.jpg 1024w, https:\/\/hablemosclarotdf.com.ar\/wp-content\/uploads\/2025\/10\/photo_2025-10-14_11-56-56-768x511.jpg 768w, https:\/\/hablemosclarotdf.com.ar\/wp-content\/uploads\/2025\/10\/photo_2025-10-14_11-56-56.jpg 1280w\" sizes=\"auto, (max-width: 300px) 100vw, 300px\" \/> <img loading=\"lazy\" decoding=\"async\" class=\"alignnone size-medium wp-image-54591\" src=\"https:\/\/hablemosclarotdf.com.ar\/wp-content\/uploads\/2025\/10\/photo_2025-10-14_11-57-02-300x200.jpg\" alt=\"\" width=\"300\" height=\"200\" srcset=\"https:\/\/hablemosclarotdf.com.ar\/wp-content\/uploads\/2025\/10\/photo_2025-10-14_11-57-02-300x200.jpg 300w, https:\/\/hablemosclarotdf.com.ar\/wp-content\/uploads\/2025\/10\/photo_2025-10-14_11-57-02-1024x682.jpg 1024w, https:\/\/hablemosclarotdf.com.ar\/wp-content\/uploads\/2025\/10\/photo_2025-10-14_11-57-02-768x511.jpg 768w, https:\/\/hablemosclarotdf.com.ar\/wp-content\/uploads\/2025\/10\/photo_2025-10-14_11-57-02.jpg 1280w\" sizes=\"auto, (max-width: 300px) 100vw, 300px\" \/> <img loading=\"lazy\" decoding=\"async\" class=\"alignnone size-medium wp-image-54592\" src=\"https:\/\/hablemosclarotdf.com.ar\/wp-content\/uploads\/2025\/10\/photo_2025-10-14_11-57-08-300x200.jpg\" alt=\"\" width=\"300\" height=\"200\" srcset=\"https:\/\/hablemosclarotdf.com.ar\/wp-content\/uploads\/2025\/10\/photo_2025-10-14_11-57-08-300x200.jpg 300w, https:\/\/hablemosclarotdf.com.ar\/wp-content\/uploads\/2025\/10\/photo_2025-10-14_11-57-08-1024x682.jpg 1024w, https:\/\/hablemosclarotdf.com.ar\/wp-content\/uploads\/2025\/10\/photo_2025-10-14_11-57-08-768x511.jpg 768w, https:\/\/hablemosclarotdf.com.ar\/wp-content\/uploads\/2025\/10\/photo_2025-10-14_11-57-08.jpg 1280w\" sizes=\"auto, (max-width: 300px) 100vw, 300px\" \/><\/p>\n","protected":false},"excerpt":{"rendered":"<p>Este fin de semana se llev\u00f3 a cabo la XXVIII Edici\u00f3n de la Feria Provincial&#8230;<\/p>\n","protected":false},"author":1,"featured_media":54583,"comment_status":"closed","ping_status":"closed","sticky":false,"template":"","format":"standard","meta":{"footnotes":""},"categories":[3],"tags":[],"class_list":["post-54582","post","type-post","status-publish","format-standard","has-post-thumbnail","hentry","category-noticias"],"jetpack_featured_media_url":"https:\/\/hablemosclarotdf.com.ar\/wp-content\/uploads\/2025\/10\/photo_2025-10-14_11-56-22.jpg","_links":{"self":[{"href":"https:\/\/hablemosclarotdf.com.ar\/index.php?rest_route=\/wp\/v2\/posts\/54582","targetHints":{"allow":["GET"]}}],"collection":[{"href":"https:\/\/hablemosclarotdf.com.ar\/index.php?rest_route=\/wp\/v2\/posts"}],"about":[{"href":"https:\/\/hablemosclarotdf.com.ar\/index.php?rest_route=\/wp\/v2\/types\/post"}],"author":[{"embeddable":true,"href":"https:\/\/hablemosclarotdf.com.ar\/index.php?rest_route=\/wp\/v2\/users\/1"}],"replies":[{"embeddable":true,"href":"https:\/\/hablemosclarotdf.com.ar\/index.php?rest_route=%2Fwp%2Fv2%2Fcomments&post=54582"}],"version-history":[{"count":1,"href":"https:\/\/hablemosclarotdf.com.ar\/index.php?rest_route=\/wp\/v2\/posts\/54582\/revisions"}],"predecessor-version":[{"id":54593,"href":"https:\/\/hablemosclarotdf.com.ar\/index.php?rest_route=\/wp\/v2\/posts\/54582\/revisions\/54593"}],"wp:featuredmedia":[{"embeddable":true,"href":"https:\/\/hablemosclarotdf.com.ar\/index.php?rest_route=\/wp\/v2\/media\/54583"}],"wp:attachment":[{"href":"https:\/\/hablemosclarotdf.com.ar\/index.php?rest_route=%2Fwp%2Fv2%2Fmedia&parent=54582"}],"wp:term":[{"taxonomy":"category","embeddable":true,"href":"https:\/\/hablemosclarotdf.com.ar\/index.php?rest_route=%2Fwp%2Fv2%2Fcategories&post=54582"},{"taxonomy":"post_tag","embeddable":true,"href":"https:\/\/hablemosclarotdf.com.ar\/index.php?rest_route=%2Fwp%2Fv2%2Ftags&post=54582"}],"curies":[{"name":"wp","href":"https:\/\/api.w.org\/{rel}","templated":true}]}}