{"id":54575,"date":"2025-10-14T09:42:57","date_gmt":"2025-10-14T12:42:57","guid":{"rendered":"https:\/\/hablemosclarotdf.com.ar\/?p=54575"},"modified":"2025-10-14T09:42:57","modified_gmt":"2025-10-14T12:42:57","slug":"con-gran-participacion-se-realizo-el-3-encuentro-provincial-de-educacion-artistica","status":"publish","type":"post","link":"https:\/\/hablemosclarotdf.com.ar\/?p=54575","title":{"rendered":"CON GRAN PARTICIPACI\u00d3N SE REALIZ\u00d3 EL 3\u00b0 ENCUENTRO PROVINCIAL DE EDUCACI\u00d3N ART\u00cdSTICA"},"content":{"rendered":"<p>El Gobierno de Tierra del Fuego, AeIAS, llev\u00f3 adelante en la ciudad de Ushuaia el 3er Encuentro Provincial de Educaci\u00f3n Art\u00edstica &#8220;Territorio e Identidad: Fortaleciendo los Lenguajes Art\u00edsticos en Tierra del Fuego AeIAS&#8221;.<\/p>\n<p>El evento reuni\u00f3 a m\u00e1s de 70 docentes de lenguajes art\u00edsticos y estudiantes de carreras afines, quienes pudieron compartir dos jornadas de talleres y charlas, experiencias, reflexionar sobre los desaf\u00edos actuales y explorar estrategias para fortalecer el papel de las artes en la educaci\u00f3n, destacando la importancia del territorio y la identidad cultural en la regi\u00f3n.<\/p>\n<p>Al respecto, el director Provincial de Educaci\u00f3n Art\u00edstica, Mat\u00edas Tesuri, agradeci\u00f3 a las y los participantes y destac\u00f3 que \u201cel arte se reconoce como derecho, expresi\u00f3n y campo de conocimiento y estamos muy felices de la participaci\u00f3n de todas y todos, compartiendo experiencias, invitando a repensar la ense\u00f1anza y celebrando el poder transformador del arte en la escuela\u201d.<\/p>\n<p>En esta edici\u00f3n disertaron la Licenciada Mariel Acaso, la Profesora Nathalie Collomb y la Trabajadora Social Clara Garmendia del \u00e1rea de Arte y Salud en el Hospital de Ni\u00f1os de la ciudad de La Plata \u201cSor Mar\u00eda Ludovica\u201d, con la propuesta \u201cJuguemos en el bosque\u201d.<\/p>\n<p>Asimismo estuvo presente la Dra. Susana Espinoza, con la propuesta \u201cArtes integradas y Educaci\u00f3n: de todos los lenguajes un lenguaje\u201d, de CABA, quien destac\u00f3 la gran cantidad de participantes fueguinos, mencionando que \u201ces una experiencia que tiene que ver con lo que la sociedad hoy tanto necesita, compartir y pensar que el arte claramente es el camino que nos lleva a mejorar nuestra calidad de vida, que no debe estar en podio en una elite, sino en todos los d\u00edas; todos somos de una manera artistas porque somos seres sensibles y expresantes. Me voy muy plena de compartir experiencias en este lugar tan so\u00f1ado\u201d.<\/p>\n<p><img loading=\"lazy\" decoding=\"async\" class=\"alignnone size-medium wp-image-54577\" src=\"https:\/\/hablemosclarotdf.com.ar\/wp-content\/uploads\/2025\/10\/photo_2025-10-14_09-41-04-300x208.jpg\" alt=\"\" width=\"300\" height=\"208\" srcset=\"https:\/\/hablemosclarotdf.com.ar\/wp-content\/uploads\/2025\/10\/photo_2025-10-14_09-41-04-300x208.jpg 300w, https:\/\/hablemosclarotdf.com.ar\/wp-content\/uploads\/2025\/10\/photo_2025-10-14_09-41-04-1024x709.jpg 1024w, https:\/\/hablemosclarotdf.com.ar\/wp-content\/uploads\/2025\/10\/photo_2025-10-14_09-41-04-768x532.jpg 768w, https:\/\/hablemosclarotdf.com.ar\/wp-content\/uploads\/2025\/10\/photo_2025-10-14_09-41-04.jpg 1280w\" sizes=\"auto, (max-width: 300px) 100vw, 300px\" \/> <img loading=\"lazy\" decoding=\"async\" class=\"alignnone size-medium wp-image-54578\" src=\"https:\/\/hablemosclarotdf.com.ar\/wp-content\/uploads\/2025\/10\/photo_2025-10-14_09-41-16-300x218.jpg\" alt=\"\" width=\"300\" height=\"218\" srcset=\"https:\/\/hablemosclarotdf.com.ar\/wp-content\/uploads\/2025\/10\/photo_2025-10-14_09-41-16-300x218.jpg 300w, https:\/\/hablemosclarotdf.com.ar\/wp-content\/uploads\/2025\/10\/photo_2025-10-14_09-41-16-1024x744.jpg 1024w, https:\/\/hablemosclarotdf.com.ar\/wp-content\/uploads\/2025\/10\/photo_2025-10-14_09-41-16-768x558.jpg 768w, https:\/\/hablemosclarotdf.com.ar\/wp-content\/uploads\/2025\/10\/photo_2025-10-14_09-41-16.jpg 1280w\" sizes=\"auto, (max-width: 300px) 100vw, 300px\" \/> <img loading=\"lazy\" decoding=\"async\" class=\"alignnone size-medium wp-image-54579\" src=\"https:\/\/hablemosclarotdf.com.ar\/wp-content\/uploads\/2025\/10\/photo_2025-10-14_09-41-22-300x217.jpg\" alt=\"\" width=\"300\" height=\"217\" srcset=\"https:\/\/hablemosclarotdf.com.ar\/wp-content\/uploads\/2025\/10\/photo_2025-10-14_09-41-22-300x217.jpg 300w, https:\/\/hablemosclarotdf.com.ar\/wp-content\/uploads\/2025\/10\/photo_2025-10-14_09-41-22-1024x741.jpg 1024w, https:\/\/hablemosclarotdf.com.ar\/wp-content\/uploads\/2025\/10\/photo_2025-10-14_09-41-22-768x556.jpg 768w, https:\/\/hablemosclarotdf.com.ar\/wp-content\/uploads\/2025\/10\/photo_2025-10-14_09-41-22.jpg 1280w\" sizes=\"auto, (max-width: 300px) 100vw, 300px\" \/> <img loading=\"lazy\" decoding=\"async\" class=\"alignnone size-medium wp-image-54580\" src=\"https:\/\/hablemosclarotdf.com.ar\/wp-content\/uploads\/2025\/10\/photo_2025-10-14_09-41-28-300x217.jpg\" alt=\"\" width=\"300\" height=\"217\" srcset=\"https:\/\/hablemosclarotdf.com.ar\/wp-content\/uploads\/2025\/10\/photo_2025-10-14_09-41-28-300x217.jpg 300w, https:\/\/hablemosclarotdf.com.ar\/wp-content\/uploads\/2025\/10\/photo_2025-10-14_09-41-28-1024x741.jpg 1024w, https:\/\/hablemosclarotdf.com.ar\/wp-content\/uploads\/2025\/10\/photo_2025-10-14_09-41-28-768x556.jpg 768w, https:\/\/hablemosclarotdf.com.ar\/wp-content\/uploads\/2025\/10\/photo_2025-10-14_09-41-28.jpg 1280w\" sizes=\"auto, (max-width: 300px) 100vw, 300px\" \/><\/p>\n","protected":false},"excerpt":{"rendered":"<p>El Gobierno de Tierra del Fuego, AeIAS, llev\u00f3 adelante en la ciudad de Ushuaia el&#8230;<\/p>\n","protected":false},"author":1,"featured_media":54576,"comment_status":"closed","ping_status":"closed","sticky":false,"template":"","format":"standard","meta":{"footnotes":""},"categories":[3],"tags":[],"class_list":["post-54575","post","type-post","status-publish","format-standard","has-post-thumbnail","hentry","category-noticias"],"jetpack_featured_media_url":"https:\/\/hablemosclarotdf.com.ar\/wp-content\/uploads\/2025\/10\/photo_2025-10-14_09-40-59.jpg","_links":{"self":[{"href":"https:\/\/hablemosclarotdf.com.ar\/index.php?rest_route=\/wp\/v2\/posts\/54575","targetHints":{"allow":["GET"]}}],"collection":[{"href":"https:\/\/hablemosclarotdf.com.ar\/index.php?rest_route=\/wp\/v2\/posts"}],"about":[{"href":"https:\/\/hablemosclarotdf.com.ar\/index.php?rest_route=\/wp\/v2\/types\/post"}],"author":[{"embeddable":true,"href":"https:\/\/hablemosclarotdf.com.ar\/index.php?rest_route=\/wp\/v2\/users\/1"}],"replies":[{"embeddable":true,"href":"https:\/\/hablemosclarotdf.com.ar\/index.php?rest_route=%2Fwp%2Fv2%2Fcomments&post=54575"}],"version-history":[{"count":1,"href":"https:\/\/hablemosclarotdf.com.ar\/index.php?rest_route=\/wp\/v2\/posts\/54575\/revisions"}],"predecessor-version":[{"id":54581,"href":"https:\/\/hablemosclarotdf.com.ar\/index.php?rest_route=\/wp\/v2\/posts\/54575\/revisions\/54581"}],"wp:featuredmedia":[{"embeddable":true,"href":"https:\/\/hablemosclarotdf.com.ar\/index.php?rest_route=\/wp\/v2\/media\/54576"}],"wp:attachment":[{"href":"https:\/\/hablemosclarotdf.com.ar\/index.php?rest_route=%2Fwp%2Fv2%2Fmedia&parent=54575"}],"wp:term":[{"taxonomy":"category","embeddable":true,"href":"https:\/\/hablemosclarotdf.com.ar\/index.php?rest_route=%2Fwp%2Fv2%2Fcategories&post=54575"},{"taxonomy":"post_tag","embeddable":true,"href":"https:\/\/hablemosclarotdf.com.ar\/index.php?rest_route=%2Fwp%2Fv2%2Ftags&post=54575"}],"curies":[{"name":"wp","href":"https:\/\/api.w.org\/{rel}","templated":true}]}}