{"id":54498,"date":"2025-10-13T16:43:33","date_gmt":"2025-10-13T19:43:33","guid":{"rendered":"https:\/\/hablemosclarotdf.com.ar\/?p=54498"},"modified":"2025-10-13T16:43:33","modified_gmt":"2025-10-13T19:43:33","slug":"castillo-estamos-dando-pasos-concretos-hacia-una-obra-estrategica-para-el-desarrollo-energetico-de-ushuaia","status":"publish","type":"post","link":"https:\/\/hablemosclarotdf.com.ar\/?p=54498","title":{"rendered":"CASTILLO: \u201cESTAMOS DANDO PASOS CONCRETOS HACIA UNA OBRA ESTRAT\u00c9GICA PARA EL DESARROLLO ENERG\u00c9TICO DE USHUAIA\u201d"},"content":{"rendered":"<p>La ministra de Obras y Servicios P\u00fablicos, Gabriela Castillo, destac\u00f3 el avance del proyecto de la nueva usina de generaci\u00f3n el\u00e9ctrica para la ciudad de Ushuaia, tras la visita del primer equipo internacional de ingenieras e ingenieros de la empresa Austral Petr\u00f3leo, Gas y Electricidad S.A., responsable del desarrollo del proyecto.<\/p>\n<p>El grupo de profesionales integrado por Sun Ruining (Gerente General), Cui Jiaqin (Subgerente General), Ariel Liu (Secretario General), Yan Xinjun (Ingeniera en Jefe), Liu Hong Guang (Experto en Dise\u00f1o de Centrales El\u00e9ctricas), Chen Suihong (Experta en Proyectos de Transmisi\u00f3n El\u00e9ctrica) y Wang Jun (Responsable en Sitio) estuvo en la provincia entre el viernes y el domingo, desarrollando una intensa agenda de trabajo junto a autoridades provinciales.<\/p>\n<p>\u201cDurante el fin de semana recibimos a las y los profesionales que estar\u00e1n abocados al dise\u00f1o ejecutivo del proyecto. Mantuvimos reuniones de trabajo en Casa de Gobierno y recorrimos tanto el predio donde se instalar\u00e1 la nueva usina como las instalaciones actuales de la DPE\u201d, explic\u00f3 la funcionaria.<\/p>\n<p>Durante la recorrida por la usina actual, las y los ingenieros se reunieron con el director de la DPE y los responsables de generaci\u00f3n de energ\u00eda, a fin de coordinar los aspectos t\u00e9cnicos vinculados al ingreso de la nueva carga energ\u00e9tica que proveer\u00e1 la futura planta, y evaluar las adecuaciones necesarias en la infraestructura existente.<\/p>\n<p>Castillo se\u00f1al\u00f3 que las jornadas permitieron analizar los componentes t\u00e9cnicos de la planta, definir las obras complementarias necesarias y ajustar el plan de trabajo de cara a la etapa ejecutiva. \u201cTambi\u00e9n se abord\u00f3 la adecuaci\u00f3n que deber\u00e1 realizarse en la actual usina para permitir el ingreso de la energ\u00eda que generar\u00e1 la nueva planta, lo que implica modificaciones en la sala de celdas y en la infraestructura de conexi\u00f3n\u201d, precis\u00f3.<\/p>\n<p>Finalmente, la ministra valor\u00f3 el encuentro como una instancia clave para articular la generaci\u00f3n y distribuci\u00f3n el\u00e9ctrica que garantizar\u00e1 el abastecimiento futuro de la capital fueguina: \u201cEstamos dando pasos concretos hacia una obra estrat\u00e9gica para el desarrollo energ\u00e9tico de Ushuaia\u201d, afirm\u00f3.<\/p>\n<p><img loading=\"lazy\" decoding=\"async\" class=\"alignnone size-medium wp-image-54500\" src=\"https:\/\/hablemosclarotdf.com.ar\/wp-content\/uploads\/2025\/10\/photo_2025-10-13_16-42-05-300x200.jpg\" alt=\"\" width=\"300\" height=\"200\" srcset=\"https:\/\/hablemosclarotdf.com.ar\/wp-content\/uploads\/2025\/10\/photo_2025-10-13_16-42-05-300x200.jpg 300w, https:\/\/hablemosclarotdf.com.ar\/wp-content\/uploads\/2025\/10\/photo_2025-10-13_16-42-05-1024x682.jpg 1024w, https:\/\/hablemosclarotdf.com.ar\/wp-content\/uploads\/2025\/10\/photo_2025-10-13_16-42-05-768x512.jpg 768w, https:\/\/hablemosclarotdf.com.ar\/wp-content\/uploads\/2025\/10\/photo_2025-10-13_16-42-05.jpg 1280w\" sizes=\"auto, (max-width: 300px) 100vw, 300px\" \/> <img loading=\"lazy\" decoding=\"async\" class=\"alignnone size-medium wp-image-54501\" src=\"https:\/\/hablemosclarotdf.com.ar\/wp-content\/uploads\/2025\/10\/photo_2025-10-13_16-42-08-300x200.jpg\" alt=\"\" width=\"300\" height=\"200\" srcset=\"https:\/\/hablemosclarotdf.com.ar\/wp-content\/uploads\/2025\/10\/photo_2025-10-13_16-42-08-300x200.jpg 300w, https:\/\/hablemosclarotdf.com.ar\/wp-content\/uploads\/2025\/10\/photo_2025-10-13_16-42-08-1024x682.jpg 1024w, https:\/\/hablemosclarotdf.com.ar\/wp-content\/uploads\/2025\/10\/photo_2025-10-13_16-42-08-768x512.jpg 768w, https:\/\/hablemosclarotdf.com.ar\/wp-content\/uploads\/2025\/10\/photo_2025-10-13_16-42-08.jpg 1280w\" sizes=\"auto, (max-width: 300px) 100vw, 300px\" \/> <img loading=\"lazy\" decoding=\"async\" class=\"alignnone size-medium wp-image-54502\" src=\"https:\/\/hablemosclarotdf.com.ar\/wp-content\/uploads\/2025\/10\/photo_2025-10-13_16-42-13-300x200.jpg\" alt=\"\" width=\"300\" height=\"200\" srcset=\"https:\/\/hablemosclarotdf.com.ar\/wp-content\/uploads\/2025\/10\/photo_2025-10-13_16-42-13-300x200.jpg 300w, https:\/\/hablemosclarotdf.com.ar\/wp-content\/uploads\/2025\/10\/photo_2025-10-13_16-42-13-1024x682.jpg 1024w, https:\/\/hablemosclarotdf.com.ar\/wp-content\/uploads\/2025\/10\/photo_2025-10-13_16-42-13-768x512.jpg 768w, https:\/\/hablemosclarotdf.com.ar\/wp-content\/uploads\/2025\/10\/photo_2025-10-13_16-42-13.jpg 1280w\" sizes=\"auto, (max-width: 300px) 100vw, 300px\" \/> <img loading=\"lazy\" decoding=\"async\" class=\"alignnone size-medium wp-image-54503\" src=\"https:\/\/hablemosclarotdf.com.ar\/wp-content\/uploads\/2025\/10\/photo_2025-10-13_16-42-17-300x200.jpg\" alt=\"\" width=\"300\" height=\"200\" srcset=\"https:\/\/hablemosclarotdf.com.ar\/wp-content\/uploads\/2025\/10\/photo_2025-10-13_16-42-17-300x200.jpg 300w, https:\/\/hablemosclarotdf.com.ar\/wp-content\/uploads\/2025\/10\/photo_2025-10-13_16-42-17-1024x682.jpg 1024w, https:\/\/hablemosclarotdf.com.ar\/wp-content\/uploads\/2025\/10\/photo_2025-10-13_16-42-17-768x512.jpg 768w, https:\/\/hablemosclarotdf.com.ar\/wp-content\/uploads\/2025\/10\/photo_2025-10-13_16-42-17.jpg 1280w\" sizes=\"auto, (max-width: 300px) 100vw, 300px\" \/> <img loading=\"lazy\" decoding=\"async\" class=\"alignnone size-medium wp-image-54504\" src=\"https:\/\/hablemosclarotdf.com.ar\/wp-content\/uploads\/2025\/10\/photo_2025-10-13_16-42-22-300x200.jpg\" alt=\"\" width=\"300\" height=\"200\" srcset=\"https:\/\/hablemosclarotdf.com.ar\/wp-content\/uploads\/2025\/10\/photo_2025-10-13_16-42-22-300x200.jpg 300w, https:\/\/hablemosclarotdf.com.ar\/wp-content\/uploads\/2025\/10\/photo_2025-10-13_16-42-22-1024x682.jpg 1024w, https:\/\/hablemosclarotdf.com.ar\/wp-content\/uploads\/2025\/10\/photo_2025-10-13_16-42-22-768x512.jpg 768w, https:\/\/hablemosclarotdf.com.ar\/wp-content\/uploads\/2025\/10\/photo_2025-10-13_16-42-22.jpg 1280w\" sizes=\"auto, (max-width: 300px) 100vw, 300px\" \/><\/p>\n","protected":false},"excerpt":{"rendered":"<p>La ministra de Obras y Servicios P\u00fablicos, Gabriela Castillo, destac\u00f3 el avance del proyecto de&#8230;<\/p>\n","protected":false},"author":1,"featured_media":54499,"comment_status":"closed","ping_status":"closed","sticky":false,"template":"","format":"standard","meta":{"footnotes":""},"categories":[3],"tags":[],"class_list":["post-54498","post","type-post","status-publish","format-standard","has-post-thumbnail","hentry","category-noticias"],"jetpack_featured_media_url":"https:\/\/hablemosclarotdf.com.ar\/wp-content\/uploads\/2025\/10\/photo_2025-10-13_16-41-57.jpg","_links":{"self":[{"href":"https:\/\/hablemosclarotdf.com.ar\/index.php?rest_route=\/wp\/v2\/posts\/54498","targetHints":{"allow":["GET"]}}],"collection":[{"href":"https:\/\/hablemosclarotdf.com.ar\/index.php?rest_route=\/wp\/v2\/posts"}],"about":[{"href":"https:\/\/hablemosclarotdf.com.ar\/index.php?rest_route=\/wp\/v2\/types\/post"}],"author":[{"embeddable":true,"href":"https:\/\/hablemosclarotdf.com.ar\/index.php?rest_route=\/wp\/v2\/users\/1"}],"replies":[{"embeddable":true,"href":"https:\/\/hablemosclarotdf.com.ar\/index.php?rest_route=%2Fwp%2Fv2%2Fcomments&post=54498"}],"version-history":[{"count":1,"href":"https:\/\/hablemosclarotdf.com.ar\/index.php?rest_route=\/wp\/v2\/posts\/54498\/revisions"}],"predecessor-version":[{"id":54505,"href":"https:\/\/hablemosclarotdf.com.ar\/index.php?rest_route=\/wp\/v2\/posts\/54498\/revisions\/54505"}],"wp:featuredmedia":[{"embeddable":true,"href":"https:\/\/hablemosclarotdf.com.ar\/index.php?rest_route=\/wp\/v2\/media\/54499"}],"wp:attachment":[{"href":"https:\/\/hablemosclarotdf.com.ar\/index.php?rest_route=%2Fwp%2Fv2%2Fmedia&parent=54498"}],"wp:term":[{"taxonomy":"category","embeddable":true,"href":"https:\/\/hablemosclarotdf.com.ar\/index.php?rest_route=%2Fwp%2Fv2%2Fcategories&post=54498"},{"taxonomy":"post_tag","embeddable":true,"href":"https:\/\/hablemosclarotdf.com.ar\/index.php?rest_route=%2Fwp%2Fv2%2Ftags&post=54498"}],"curies":[{"name":"wp","href":"https:\/\/api.w.org\/{rel}","templated":true}]}}