{"id":54493,"date":"2025-10-13T16:40:34","date_gmt":"2025-10-13T19:40:34","guid":{"rendered":"https:\/\/hablemosclarotdf.com.ar\/?p=54493"},"modified":"2025-10-13T16:40:34","modified_gmt":"2025-10-13T19:40:34","slug":"rio-grande-volvio-a-elegir-los-precios-populares-de-el-mercado-en-tu-barrio","status":"publish","type":"post","link":"https:\/\/hablemosclarotdf.com.ar\/?p=54493","title":{"rendered":"R\u00cdO GRANDE VOLVI\u00d3 A ELEGIR LOS PRECIOS POPULARES DE \u201cEL MERCADO EN TU BARRIO\u201d"},"content":{"rendered":"<p>El Municipio de R\u00edo Grande, a trav\u00e9s de la Secretar\u00eda de Gesti\u00f3n Ciudadana, llev\u00f3 adelante una nueva y exitosa edici\u00f3n de \u201cEl Mercado en tu Barrio\u201d, que tuvo lugar en el Polideportivo Carlos Margalot y cont\u00f3 con una gran participaci\u00f3n de vecinas y vecinos que se acercaron a aprovechar los precios accesibles y acompa\u00f1ar a los comercios y productores locales.<\/p>\n<p>Durante la jornada se comercializaron m\u00e1s de 4500 kilos de alimentos, entre carnes, frutas, verduras, productos de mar, fiambres, l\u00e1cteos y yerbas, adem\u00e1s de 590 maples de huevos, 89 bidones de productos de limpieza y 780 juegos de s\u00e1banas, reflejando el gran acompa\u00f1amiento de la comunidad a esta propuesta que fortalece la econom\u00eda familiar y el consumo local.<\/p>\n<p>Entre los principales resultados, la Carnicer\u00eda Abastecedora del Sur vendi\u00f3 1.900 kilos de distintos cortes de carne, mientras que la Poller\u00eda Austral comercializ\u00f3 alrededor de 620 kilos de pollo. La Verduler\u00eda Saturno vendi\u00f3 cerca de 1.100 kilos de frutas y verduras frescas, y la Pescader\u00eda Lo de Nene aproximadamente 350 kilos de productos del mar.<\/p>\n<p>Por su parte, la Distribuidora del Sur comercializ\u00f3 m\u00e1s de 430 kilos de fiambres y quesos, y Yerba de mi Tierra vendi\u00f3 130 kilos de yerbas. En tanto, las distribuidoras AIMA, Chacra Lic\u00e1ntica y la Cooperativa Av\u00edcola comercializaron un total de 590 maples de huevos.<\/p>\n<p>La empresa Marfer particip\u00f3 con la venta de 89 bidones de 5 litros y una amplia variedad de productos de limpieza y aromatizantes.<\/p>\n<p>Una de las incorporaciones destacadas fue Blanco Nieve, que ofreci\u00f3 sus productos textiles a precios promocionales y vendi\u00f3 780 juegos de s\u00e1banas, con gran acompa\u00f1amiento por parte de la comunidad.<\/p>\n<p>Desde el Municipio destacaron que \u201cEl Mercado en tu Barrio\u201d es una iniciativa que crece edici\u00f3n tras edici\u00f3n, generando un espacio de encuentro y apoyo mutuo entre productores y vecinos, y contribuyendo a cuidar el bolsillo de las familias riograndenses.<\/p>\n<p>La pr\u00f3xima edici\u00f3n se anunciar\u00e1 pr\u00f3ximamente, con nuevas propuestas para seguir fortaleciendo la econom\u00eda local y el trabajo de las y los riograndenses.<\/p>\n<p><img loading=\"lazy\" decoding=\"async\" class=\"alignnone size-medium wp-image-54495\" src=\"https:\/\/hablemosclarotdf.com.ar\/wp-content\/uploads\/2025\/10\/photo_2025-10-13_16-39-23-300x200.jpg\" alt=\"\" width=\"300\" height=\"200\" srcset=\"https:\/\/hablemosclarotdf.com.ar\/wp-content\/uploads\/2025\/10\/photo_2025-10-13_16-39-23-300x200.jpg 300w, https:\/\/hablemosclarotdf.com.ar\/wp-content\/uploads\/2025\/10\/photo_2025-10-13_16-39-23-1024x682.jpg 1024w, https:\/\/hablemosclarotdf.com.ar\/wp-content\/uploads\/2025\/10\/photo_2025-10-13_16-39-23-768x512.jpg 768w, https:\/\/hablemosclarotdf.com.ar\/wp-content\/uploads\/2025\/10\/photo_2025-10-13_16-39-23.jpg 1280w\" sizes=\"auto, (max-width: 300px) 100vw, 300px\" \/> <img loading=\"lazy\" decoding=\"async\" class=\"alignnone size-medium wp-image-54496\" src=\"https:\/\/hablemosclarotdf.com.ar\/wp-content\/uploads\/2025\/10\/photo_2025-10-13_16-39-29-300x200.jpg\" alt=\"\" width=\"300\" height=\"200\" srcset=\"https:\/\/hablemosclarotdf.com.ar\/wp-content\/uploads\/2025\/10\/photo_2025-10-13_16-39-29-300x200.jpg 300w, https:\/\/hablemosclarotdf.com.ar\/wp-content\/uploads\/2025\/10\/photo_2025-10-13_16-39-29-1024x682.jpg 1024w, https:\/\/hablemosclarotdf.com.ar\/wp-content\/uploads\/2025\/10\/photo_2025-10-13_16-39-29-768x512.jpg 768w, https:\/\/hablemosclarotdf.com.ar\/wp-content\/uploads\/2025\/10\/photo_2025-10-13_16-39-29.jpg 1280w\" sizes=\"auto, (max-width: 300px) 100vw, 300px\" \/><\/p>\n","protected":false},"excerpt":{"rendered":"<p>El Municipio de R\u00edo Grande, a trav\u00e9s de la Secretar\u00eda de Gesti\u00f3n Ciudadana, llev\u00f3 adelante&#8230;<\/p>\n","protected":false},"author":1,"featured_media":54494,"comment_status":"closed","ping_status":"closed","sticky":false,"template":"","format":"standard","meta":{"footnotes":""},"categories":[3],"tags":[],"class_list":["post-54493","post","type-post","status-publish","format-standard","has-post-thumbnail","hentry","category-noticias"],"jetpack_featured_media_url":"https:\/\/hablemosclarotdf.com.ar\/wp-content\/uploads\/2025\/10\/photo_2025-10-13_16-39-16.jpg","_links":{"self":[{"href":"https:\/\/hablemosclarotdf.com.ar\/index.php?rest_route=\/wp\/v2\/posts\/54493","targetHints":{"allow":["GET"]}}],"collection":[{"href":"https:\/\/hablemosclarotdf.com.ar\/index.php?rest_route=\/wp\/v2\/posts"}],"about":[{"href":"https:\/\/hablemosclarotdf.com.ar\/index.php?rest_route=\/wp\/v2\/types\/post"}],"author":[{"embeddable":true,"href":"https:\/\/hablemosclarotdf.com.ar\/index.php?rest_route=\/wp\/v2\/users\/1"}],"replies":[{"embeddable":true,"href":"https:\/\/hablemosclarotdf.com.ar\/index.php?rest_route=%2Fwp%2Fv2%2Fcomments&post=54493"}],"version-history":[{"count":1,"href":"https:\/\/hablemosclarotdf.com.ar\/index.php?rest_route=\/wp\/v2\/posts\/54493\/revisions"}],"predecessor-version":[{"id":54497,"href":"https:\/\/hablemosclarotdf.com.ar\/index.php?rest_route=\/wp\/v2\/posts\/54493\/revisions\/54497"}],"wp:featuredmedia":[{"embeddable":true,"href":"https:\/\/hablemosclarotdf.com.ar\/index.php?rest_route=\/wp\/v2\/media\/54494"}],"wp:attachment":[{"href":"https:\/\/hablemosclarotdf.com.ar\/index.php?rest_route=%2Fwp%2Fv2%2Fmedia&parent=54493"}],"wp:term":[{"taxonomy":"category","embeddable":true,"href":"https:\/\/hablemosclarotdf.com.ar\/index.php?rest_route=%2Fwp%2Fv2%2Fcategories&post=54493"},{"taxonomy":"post_tag","embeddable":true,"href":"https:\/\/hablemosclarotdf.com.ar\/index.php?rest_route=%2Fwp%2Fv2%2Ftags&post=54493"}],"curies":[{"name":"wp","href":"https:\/\/api.w.org\/{rel}","templated":true}]}}