{"id":54472,"date":"2025-10-13T12:29:45","date_gmt":"2025-10-13T15:29:45","guid":{"rendered":"https:\/\/hablemosclarotdf.com.ar\/?p=54472"},"modified":"2025-10-13T12:29:45","modified_gmt":"2025-10-13T15:29:45","slug":"blanco-quien-gobierna-la-argentina-los-que-elegimos-los-argentinos-o-los-mandatarios-yankees","status":"publish","type":"post","link":"https:\/\/hablemosclarotdf.com.ar\/?p=54472","title":{"rendered":"Blanco: \u00bfQui\u00e9n gobierna la Argentina? \u00bfLos que elegimos los argentinos o los mandatarios yankees?"},"content":{"rendered":"<div>Lunes 13 de octubre. El senador nacional por Provincias Unidas, Pablo Daniel Blanco, expres\u00f3 hoy su profunda preocupaci\u00f3n por la situaci\u00f3n pol\u00edtica y econ\u00f3mica que atraviesa Argentina.<\/p>\n<p>&#8220;Aparentemente, ahora nos est\u00e1 gobernando el secretario de Estado de Estados Unidos, porque maneja la venta de d\u00f3lares y le pone exigencias al gobierno argentino&#8221;, asegur\u00f3.<\/p>\n<p>Blanco agreg\u00f3 que &#8220;esto es sumamente preocupante y, adem\u00e1s, parece ser solo un anuncio electoral para tranquilizar a los mercados, pero en realidad no sabemos qui\u00e9n va a gobernar la Argentina&#8221;.<\/p>\n<p>En ese sentido, remarc\u00f3 que &#8220;queremos saber qu\u00e9 se conversa entre Estados Unidos y Argentina, porque hasta ahora son todas inc\u00f3gnitas. No tenemos informaci\u00f3n oficial y eso genera a\u00fan m\u00e1s incertidumbre&#8221;.<\/p>\n<p>El legislador subray\u00f3 que &#8220;los funcionarios deben dar cuenta de lo que sucede en el pa\u00eds y el Congreso no puede estar ajeno a estos temas&#8221;. &#8220;Cualquier negociaci\u00f3n de deuda, cualquier acuerdo que afecte nuestra soberan\u00eda, tiene que pasar por el Congreso. No podemos aceptar que decisiones tan importantes se tomen a escondidas o fuera del control del pueblo argentino&#8221;, afirm\u00f3.<\/p>\n<p>Por \u00faltimo, Blanco sostuvo: &#8220;Nos preguntamos qui\u00e9n va a gobernar la Argentina, \u00bflos argentinos que elegimos o los mandatarios extranjeros que parecen tener m\u00e1s poder? La soberan\u00eda de nuestro pa\u00eds no es negociable y exigimos transparencia y respeto por parte de quienes nos representan&#8221;.<\/p><\/div>\n<div><\/div>\n","protected":false},"excerpt":{"rendered":"<p>Lunes 13 de octubre. El senador nacional por Provincias Unidas, Pablo Daniel Blanco, expres\u00f3 hoy&#8230;<\/p>\n","protected":false},"author":1,"featured_media":54473,"comment_status":"closed","ping_status":"closed","sticky":false,"template":"","format":"standard","meta":{"footnotes":""},"categories":[3],"tags":[],"class_list":["post-54472","post","type-post","status-publish","format-standard","has-post-thumbnail","hentry","category-noticias"],"jetpack_featured_media_url":"https:\/\/hablemosclarotdf.com.ar\/wp-content\/uploads\/2025\/10\/download-4.jpg","_links":{"self":[{"href":"https:\/\/hablemosclarotdf.com.ar\/index.php?rest_route=\/wp\/v2\/posts\/54472","targetHints":{"allow":["GET"]}}],"collection":[{"href":"https:\/\/hablemosclarotdf.com.ar\/index.php?rest_route=\/wp\/v2\/posts"}],"about":[{"href":"https:\/\/hablemosclarotdf.com.ar\/index.php?rest_route=\/wp\/v2\/types\/post"}],"author":[{"embeddable":true,"href":"https:\/\/hablemosclarotdf.com.ar\/index.php?rest_route=\/wp\/v2\/users\/1"}],"replies":[{"embeddable":true,"href":"https:\/\/hablemosclarotdf.com.ar\/index.php?rest_route=%2Fwp%2Fv2%2Fcomments&post=54472"}],"version-history":[{"count":2,"href":"https:\/\/hablemosclarotdf.com.ar\/index.php?rest_route=\/wp\/v2\/posts\/54472\/revisions"}],"predecessor-version":[{"id":54475,"href":"https:\/\/hablemosclarotdf.com.ar\/index.php?rest_route=\/wp\/v2\/posts\/54472\/revisions\/54475"}],"wp:featuredmedia":[{"embeddable":true,"href":"https:\/\/hablemosclarotdf.com.ar\/index.php?rest_route=\/wp\/v2\/media\/54473"}],"wp:attachment":[{"href":"https:\/\/hablemosclarotdf.com.ar\/index.php?rest_route=%2Fwp%2Fv2%2Fmedia&parent=54472"}],"wp:term":[{"taxonomy":"category","embeddable":true,"href":"https:\/\/hablemosclarotdf.com.ar\/index.php?rest_route=%2Fwp%2Fv2%2Fcategories&post=54472"},{"taxonomy":"post_tag","embeddable":true,"href":"https:\/\/hablemosclarotdf.com.ar\/index.php?rest_route=%2Fwp%2Fv2%2Ftags&post=54472"}],"curies":[{"name":"wp","href":"https:\/\/api.w.org\/{rel}","templated":true}]}}