{"id":54469,"date":"2025-10-13T12:21:54","date_gmt":"2025-10-13T15:21:54","guid":{"rendered":"https:\/\/hablemosclarotdf.com.ar\/?p=54469"},"modified":"2025-10-13T12:21:54","modified_gmt":"2025-10-13T15:21:54","slug":"el-centro-popular-de-cultura-celebrara-el-dia-de-la-musica-en-toda-la-provincia","status":"publish","type":"post","link":"https:\/\/hablemosclarotdf.com.ar\/?p=54469","title":{"rendered":"EL CENTRO POPULAR DE CULTURA CELEBRAR\u00c1 EL D\u00cdA DE LA M\u00daSICA EN TODA LA PROVINCIA"},"content":{"rendered":"<p>En el marco del D\u00eda Internacional de la M\u00fasica, el Centro Popular de Cultura (CPC) llevar\u00e1 adelante una serie de propuestas para celebrar esta fecha que busca destacar el poder transformador de la m\u00fasica y su rol fundamental como herramienta de expresi\u00f3n, encuentro y bienestar.<\/p>\n<p>Se propone una jornada para mostrar y compartir el trabajo realizado durante el a\u00f1o, visibilizando las producciones de los talleres, celebrando una jornada que reconoce a la m\u00fasica como un lenguaje universal que une, inspira e invita a compartir.<\/p>\n<p>En R\u00edo Grande se realizar\u00e1 una presentaci\u00f3n de los talleres de guitarra, canto y afro ensambles, el jueves 16 de octubre a las 19:00 horas, en el Centro Cultural Yaganes (Belgrano 319).<\/p>\n<p>Por otro lado, en las ciudades de Tolhuin y Ushuaia, se realizar\u00e1n diferentes actividades en instituciones educativas, destinadas a estudiantes. En Tolhuin se realizar\u00e1n muestras de guitarra el\u00e9ctrica y criolla, adem\u00e1s de juegos musicales y din\u00e1micas grupales, en el Colegio Trejo Noel y en Ushuaia, en las Escuelas N\u00b034 \u201cYak-Haruin\u201d y N\u00b03 \u201cMonse\u00f1or Fagnano\u201d se realizar\u00e1n muestras de los talleres de guitarra criolla y viol\u00edn, tambi\u00e9n con actividades destinadas a las y los estudiantes de nivel primario de estas instituciones.<\/p>\n<p>Desde el CPC se sostiene que la m\u00fasica es una de las expresiones m\u00e1s universales y accesibles, capaz de trascender barreras culturales, sociales y generacionales, conectando a las personas y promoviendo el desarrollo integral de quienes la practican. En este sentido, el \u00e1rea de m\u00fasica del centro desarrolla durante todo el a\u00f1o talleres abiertos a la comunidad y gratuitos de guitarra, canto, percusi\u00f3n, ensambles y m\u00e1s, que fomentan el aprendizaje colectivo y el disfrute art\u00edstico en espacios comunitarios.<\/p>\n<p>Interesados en conocer m\u00e1s sobre los talleres y actividades del CPC podr\u00e1n comunicarse por WhatsApp, a los siguientes n\u00fameros:<\/p>\n<p>R\u00edo Grande: 2964-401563<br \/>\nTolhuin: 2964-627779<br \/>\nUshuaia: 2901-468795<\/p>\n","protected":false},"excerpt":{"rendered":"<p>En el marco del D\u00eda Internacional de la M\u00fasica, el Centro Popular de Cultura (CPC)&#8230;<\/p>\n","protected":false},"author":1,"featured_media":54470,"comment_status":"closed","ping_status":"closed","sticky":false,"template":"","format":"standard","meta":{"footnotes":""},"categories":[3],"tags":[],"class_list":["post-54469","post","type-post","status-publish","format-standard","has-post-thumbnail","hentry","category-noticias"],"jetpack_featured_media_url":"https:\/\/hablemosclarotdf.com.ar\/wp-content\/uploads\/2025\/10\/photo_2025-10-13_12-21-30.jpg","_links":{"self":[{"href":"https:\/\/hablemosclarotdf.com.ar\/index.php?rest_route=\/wp\/v2\/posts\/54469","targetHints":{"allow":["GET"]}}],"collection":[{"href":"https:\/\/hablemosclarotdf.com.ar\/index.php?rest_route=\/wp\/v2\/posts"}],"about":[{"href":"https:\/\/hablemosclarotdf.com.ar\/index.php?rest_route=\/wp\/v2\/types\/post"}],"author":[{"embeddable":true,"href":"https:\/\/hablemosclarotdf.com.ar\/index.php?rest_route=\/wp\/v2\/users\/1"}],"replies":[{"embeddable":true,"href":"https:\/\/hablemosclarotdf.com.ar\/index.php?rest_route=%2Fwp%2Fv2%2Fcomments&post=54469"}],"version-history":[{"count":1,"href":"https:\/\/hablemosclarotdf.com.ar\/index.php?rest_route=\/wp\/v2\/posts\/54469\/revisions"}],"predecessor-version":[{"id":54471,"href":"https:\/\/hablemosclarotdf.com.ar\/index.php?rest_route=\/wp\/v2\/posts\/54469\/revisions\/54471"}],"wp:featuredmedia":[{"embeddable":true,"href":"https:\/\/hablemosclarotdf.com.ar\/index.php?rest_route=\/wp\/v2\/media\/54470"}],"wp:attachment":[{"href":"https:\/\/hablemosclarotdf.com.ar\/index.php?rest_route=%2Fwp%2Fv2%2Fmedia&parent=54469"}],"wp:term":[{"taxonomy":"category","embeddable":true,"href":"https:\/\/hablemosclarotdf.com.ar\/index.php?rest_route=%2Fwp%2Fv2%2Fcategories&post=54469"},{"taxonomy":"post_tag","embeddable":true,"href":"https:\/\/hablemosclarotdf.com.ar\/index.php?rest_route=%2Fwp%2Fv2%2Ftags&post=54469"}],"curies":[{"name":"wp","href":"https:\/\/api.w.org\/{rel}","templated":true}]}}