{"id":54437,"date":"2025-10-13T12:08:33","date_gmt":"2025-10-13T15:08:33","guid":{"rendered":"https:\/\/hablemosclarotdf.com.ar\/?p=54437"},"modified":"2025-10-13T12:08:33","modified_gmt":"2025-10-13T15:08:33","slug":"rio-grande-con-gran-convocatoria-celebro-la-2a-expo-emprender-desde-el-sur","status":"publish","type":"post","link":"https:\/\/hablemosclarotdf.com.ar\/?p=54437","title":{"rendered":"RIO GRANDE : CON GRAN CONVOCATORIA,  CELEBR\u00d3 LA 2\u00aa EXPO \u201cEMPRENDER DESDE EL SUR\u201d"},"content":{"rendered":"<p>Este encuentro de producci\u00f3n y comercializaci\u00f3n con identidad local y compromiso territorial, se desarroll\u00f3 el fin de semana en el Polideportivo Carlos Margalot. Nucle\u00f3 a m\u00e1s de 80 emprendedores y 50 stands con productos regionales y de distintos rubros, a cargo de emprendimientos y pymes de toda la provincia.<\/p>\n<p>Desde el inicio de la gesti\u00f3n del intendente Mart\u00edn Perez, una premisa fundamental es la implementaci\u00f3n de pol\u00edticas p\u00fablicas que incentiven el acompa\u00f1amiento a productores y emprendedores de la cuidad, con el prop\u00f3sito de fortalecer el desarrollo local y promover nuevas oportunidades de crecimiento. En ese sentido, el Municipio de R\u00edo Grande, mediante la Secretar\u00eda de Desarrollo Productivo, llev\u00f3 a cabo la segunda edici\u00f3n de la Expo Emprender desde el Sur.<\/p>\n<p>El evento tuvo lugar este s\u00e1bado 11 y domingo 12 de octubre en las instalaciones del Polideportivo Carlos Margalot y cont\u00f3 con la participaci\u00f3n de m\u00e1s de 80 emprendedores de toda la provincia, donde pudieron visibilizar su trabajo, tejer redes comerciales y construir diferentes conexiones estrat\u00e9gicas.<\/p>\n<p>Durante el acto de apertura, la Secretar\u00eda de Desarrollo Productivo se hizo entrega de certificados a las y los egresados de la Escuela de Emprendedores. Ya son m\u00e1s de 800 los emprendedores que formaron parte del programa y a lo largo del a\u00f1o pudieron acceder a contenidos como marketing, creaci\u00f3n de marca y comunicaci\u00f3n estrat\u00e9gica, planificaci\u00f3n financiera, entre otros, con el aval de la Universidad Tecnol\u00f3gica Nacional Facultad Regional Tierra Del Fuego.<\/p>\n<p>En ese sentido, R\u00edo Grande apunta a seguir consolidando su potencial de crecimiento, con una visi\u00f3n estrat\u00e9gica hacia el futuro; acercando herramientas para afianzar el sostenimiento y la resiliencia de los emprendimientos y PyMEs.<\/p>\n<p>Al respecto, el secretario de Desarrollo Productivo, Facundo Armas expres\u00f3 que \u201c\u2018Emprender desde el Sur\u2019 es mucho m\u00e1s que una expo: es una muestra de la fuerza, la creatividad y el compromiso de nuestra comunidad. Cada emprendimiento que hoy se presenta representa una historia de esfuerzo, de sue\u00f1os y de oportunidades que se construyen con trabajo colectivo&#8221;.<\/p>\n<p>Armas destac\u00f3 que \u201cdesde el inicio de esta gesti\u00f3n, junto al intendente Mart\u00edn Perez, asumimos el desaf\u00edo de acompa\u00f1ar y fortalecer a nuestros emprendedores y pymes, generando pol\u00edticas p\u00fablicas que les permitan crecer, profesionalizarse y proyectarse. Por eso impulsamos espacios como esta Expo y la Escuela Municipal de Emprendedores, que ya form\u00f3 a mas de 800 vecinos y vecinas cona herramientas concretas para desarrollar sus proyectos\u201d.<\/p>\n<p>\u201cR\u00edo Grande tiene un enorme potencial productivo y humano. Y nuestro objetivo es seguir consolidando ese camino: articulando esfuerzos, generando redes, sumando capacidades y fortaleciendo la econom\u00eda local. Porque creemos firmemente que emprender desde el sur es construir soberan\u00eda, valor fueguino, presente y futuro&#8221; concluy\u00f3.<\/p>\n<p>Durante la apertura, el Concejo Deliberante, representado por el concejal Jonatan Bogado, hizo entrega de una declaraci\u00f3n de inter\u00e9s Comunitario y Social.<\/p>\n<p><img loading=\"lazy\" decoding=\"async\" class=\"alignnone size-medium wp-image-54439\" src=\"https:\/\/hablemosclarotdf.com.ar\/wp-content\/uploads\/2025\/10\/photo_2025-10-13_12-06-56-300x200.jpg\" alt=\"\" width=\"300\" height=\"200\" srcset=\"https:\/\/hablemosclarotdf.com.ar\/wp-content\/uploads\/2025\/10\/photo_2025-10-13_12-06-56-300x200.jpg 300w, https:\/\/hablemosclarotdf.com.ar\/wp-content\/uploads\/2025\/10\/photo_2025-10-13_12-06-56-1024x682.jpg 1024w, https:\/\/hablemosclarotdf.com.ar\/wp-content\/uploads\/2025\/10\/photo_2025-10-13_12-06-56-768x512.jpg 768w, https:\/\/hablemosclarotdf.com.ar\/wp-content\/uploads\/2025\/10\/photo_2025-10-13_12-06-56.jpg 1280w\" sizes=\"auto, (max-width: 300px) 100vw, 300px\" \/> <img loading=\"lazy\" decoding=\"async\" class=\"alignnone size-medium wp-image-54440\" src=\"https:\/\/hablemosclarotdf.com.ar\/wp-content\/uploads\/2025\/10\/photo_2025-10-13_12-07-00-300x200.jpg\" alt=\"\" width=\"300\" height=\"200\" srcset=\"https:\/\/hablemosclarotdf.com.ar\/wp-content\/uploads\/2025\/10\/photo_2025-10-13_12-07-00-300x200.jpg 300w, https:\/\/hablemosclarotdf.com.ar\/wp-content\/uploads\/2025\/10\/photo_2025-10-13_12-07-00-1024x682.jpg 1024w, https:\/\/hablemosclarotdf.com.ar\/wp-content\/uploads\/2025\/10\/photo_2025-10-13_12-07-00-768x512.jpg 768w, https:\/\/hablemosclarotdf.com.ar\/wp-content\/uploads\/2025\/10\/photo_2025-10-13_12-07-00.jpg 1280w\" sizes=\"auto, (max-width: 300px) 100vw, 300px\" \/> <img loading=\"lazy\" decoding=\"async\" class=\"alignnone size-medium wp-image-54441\" src=\"https:\/\/hablemosclarotdf.com.ar\/wp-content\/uploads\/2025\/10\/photo_2025-10-13_12-07-08-300x200.jpg\" alt=\"\" width=\"300\" height=\"200\" srcset=\"https:\/\/hablemosclarotdf.com.ar\/wp-content\/uploads\/2025\/10\/photo_2025-10-13_12-07-08-300x200.jpg 300w, https:\/\/hablemosclarotdf.com.ar\/wp-content\/uploads\/2025\/10\/photo_2025-10-13_12-07-08-1024x682.jpg 1024w, https:\/\/hablemosclarotdf.com.ar\/wp-content\/uploads\/2025\/10\/photo_2025-10-13_12-07-08-768x512.jpg 768w, https:\/\/hablemosclarotdf.com.ar\/wp-content\/uploads\/2025\/10\/photo_2025-10-13_12-07-08.jpg 1280w\" sizes=\"auto, (max-width: 300px) 100vw, 300px\" \/> <img loading=\"lazy\" decoding=\"async\" class=\"alignnone size-medium wp-image-54442\" src=\"https:\/\/hablemosclarotdf.com.ar\/wp-content\/uploads\/2025\/10\/photo_2025-10-13_12-07-13-300x200.jpg\" alt=\"\" width=\"300\" height=\"200\" srcset=\"https:\/\/hablemosclarotdf.com.ar\/wp-content\/uploads\/2025\/10\/photo_2025-10-13_12-07-13-300x200.jpg 300w, https:\/\/hablemosclarotdf.com.ar\/wp-content\/uploads\/2025\/10\/photo_2025-10-13_12-07-13-1024x682.jpg 1024w, https:\/\/hablemosclarotdf.com.ar\/wp-content\/uploads\/2025\/10\/photo_2025-10-13_12-07-13-768x512.jpg 768w, https:\/\/hablemosclarotdf.com.ar\/wp-content\/uploads\/2025\/10\/photo_2025-10-13_12-07-13.jpg 1280w\" sizes=\"auto, (max-width: 300px) 100vw, 300px\" \/> <img loading=\"lazy\" decoding=\"async\" class=\"alignnone size-medium wp-image-54443\" src=\"https:\/\/hablemosclarotdf.com.ar\/wp-content\/uploads\/2025\/10\/photo_2025-10-13_12-07-17-300x200.jpg\" alt=\"\" width=\"300\" height=\"200\" srcset=\"https:\/\/hablemosclarotdf.com.ar\/wp-content\/uploads\/2025\/10\/photo_2025-10-13_12-07-17-300x200.jpg 300w, https:\/\/hablemosclarotdf.com.ar\/wp-content\/uploads\/2025\/10\/photo_2025-10-13_12-07-17-1024x682.jpg 1024w, https:\/\/hablemosclarotdf.com.ar\/wp-content\/uploads\/2025\/10\/photo_2025-10-13_12-07-17-768x512.jpg 768w, https:\/\/hablemosclarotdf.com.ar\/wp-content\/uploads\/2025\/10\/photo_2025-10-13_12-07-17.jpg 1280w\" sizes=\"auto, (max-width: 300px) 100vw, 300px\" \/><\/p>\n","protected":false},"excerpt":{"rendered":"<p>Este encuentro de producci\u00f3n y comercializaci\u00f3n con identidad local y compromiso territorial, se desarroll\u00f3 el&#8230;<\/p>\n","protected":false},"author":1,"featured_media":54438,"comment_status":"closed","ping_status":"closed","sticky":false,"template":"","format":"standard","meta":{"footnotes":""},"categories":[3],"tags":[],"class_list":["post-54437","post","type-post","status-publish","format-standard","has-post-thumbnail","hentry","category-noticias"],"jetpack_featured_media_url":"https:\/\/hablemosclarotdf.com.ar\/wp-content\/uploads\/2025\/10\/photo_2025-10-13_12-06-52.jpg","_links":{"self":[{"href":"https:\/\/hablemosclarotdf.com.ar\/index.php?rest_route=\/wp\/v2\/posts\/54437","targetHints":{"allow":["GET"]}}],"collection":[{"href":"https:\/\/hablemosclarotdf.com.ar\/index.php?rest_route=\/wp\/v2\/posts"}],"about":[{"href":"https:\/\/hablemosclarotdf.com.ar\/index.php?rest_route=\/wp\/v2\/types\/post"}],"author":[{"embeddable":true,"href":"https:\/\/hablemosclarotdf.com.ar\/index.php?rest_route=\/wp\/v2\/users\/1"}],"replies":[{"embeddable":true,"href":"https:\/\/hablemosclarotdf.com.ar\/index.php?rest_route=%2Fwp%2Fv2%2Fcomments&post=54437"}],"version-history":[{"count":1,"href":"https:\/\/hablemosclarotdf.com.ar\/index.php?rest_route=\/wp\/v2\/posts\/54437\/revisions"}],"predecessor-version":[{"id":54444,"href":"https:\/\/hablemosclarotdf.com.ar\/index.php?rest_route=\/wp\/v2\/posts\/54437\/revisions\/54444"}],"wp:featuredmedia":[{"embeddable":true,"href":"https:\/\/hablemosclarotdf.com.ar\/index.php?rest_route=\/wp\/v2\/media\/54438"}],"wp:attachment":[{"href":"https:\/\/hablemosclarotdf.com.ar\/index.php?rest_route=%2Fwp%2Fv2%2Fmedia&parent=54437"}],"wp:term":[{"taxonomy":"category","embeddable":true,"href":"https:\/\/hablemosclarotdf.com.ar\/index.php?rest_route=%2Fwp%2Fv2%2Fcategories&post=54437"},{"taxonomy":"post_tag","embeddable":true,"href":"https:\/\/hablemosclarotdf.com.ar\/index.php?rest_route=%2Fwp%2Fv2%2Ftags&post=54437"}],"curies":[{"name":"wp","href":"https:\/\/api.w.org\/{rel}","templated":true}]}}