{"id":54209,"date":"2025-10-12T17:21:59","date_gmt":"2025-10-12T20:21:59","guid":{"rendered":"https:\/\/hablemosclarotdf.com.ar\/?p=54209"},"modified":"2025-10-12T17:21:59","modified_gmt":"2025-10-12T20:21:59","slug":"teatro-y-nuevas-tecnologias-el-recorrido-de-invivo-y-julien-dubuc","status":"publish","type":"post","link":"https:\/\/hablemosclarotdf.com.ar\/?p=54209","title":{"rendered":"TEATRO Y NUEVAS TECNOLOG\u00cdAS: EL RECORRIDO DE INVIVO Y JULIEN DUBUC"},"content":{"rendered":"<p>La Secretar\u00eda de Cultura de Tierra del Fuego, junto a Virtuality y la Alianza Francesa de Ushuaia, invitan a la masterclass del director franc\u00e9s Julien Dubuc, creador y referente de la compa\u00f1\u00eda INVIVO, que se realizar\u00e1 el martes 14 de octubre a las 19 horas en Deloqui 1465, Ushuaia, con entrada libre y gratuita.<\/p>\n<p>Desde hace m\u00e1s de quince a\u00f1os, INVIVO y Julien Dubuc exploran las relaciones entre teatro y tecnolog\u00edas, cuestionando la manera en que las sensaciones de los espectadores pueden dar lugar a nuevas formas de narraci\u00f3n.<\/p>\n<p>Su trayectoria art\u00edstica, con siete creaciones y numerosas colaboraciones, est\u00e1 marcada por proyectos h\u00edbridos donde confluyen teatro, realidad virtual, audio espacializado, artes visuales y dispositivos inmersivos.<\/p>\n<p>Su escritura esc\u00e9nica convierte la tecnolog\u00eda en mucho m\u00e1s que una herramienta: se transforma en un componente inseparable de la propuesta art\u00edstica, al servicio de una experiencia inmersiva y sensorial.<\/p>\n<p>Esta masterclass propone revisar ese recorrido singular y reflexionar sobre las l\u00edneas que definen al teatro contempor\u00e1neo, devolviendo al centro del proceso creativo la investigaci\u00f3n art\u00edstica y el rol activo del p\u00fablico dentro de la experiencia esc\u00e9nica.<\/p>\n<p>La actividad se enmarca en las vinculaciones de la Secretar\u00eda de Cultura con Virtuality, y cuenta con el acompa\u00f1amiento de la Alianza Francesa de Ushuaia.<\/p>\n","protected":false},"excerpt":{"rendered":"<p>La Secretar\u00eda de Cultura de Tierra del Fuego, junto a Virtuality y la Alianza Francesa&#8230;<\/p>\n","protected":false},"author":1,"featured_media":54210,"comment_status":"closed","ping_status":"closed","sticky":false,"template":"","format":"standard","meta":{"footnotes":""},"categories":[3],"tags":[],"class_list":["post-54209","post","type-post","status-publish","format-standard","has-post-thumbnail","hentry","category-noticias"],"jetpack_featured_media_url":"https:\/\/hablemosclarotdf.com.ar\/wp-content\/uploads\/2025\/10\/photo_2025-10-12_17-21-29.jpg","_links":{"self":[{"href":"https:\/\/hablemosclarotdf.com.ar\/index.php?rest_route=\/wp\/v2\/posts\/54209","targetHints":{"allow":["GET"]}}],"collection":[{"href":"https:\/\/hablemosclarotdf.com.ar\/index.php?rest_route=\/wp\/v2\/posts"}],"about":[{"href":"https:\/\/hablemosclarotdf.com.ar\/index.php?rest_route=\/wp\/v2\/types\/post"}],"author":[{"embeddable":true,"href":"https:\/\/hablemosclarotdf.com.ar\/index.php?rest_route=\/wp\/v2\/users\/1"}],"replies":[{"embeddable":true,"href":"https:\/\/hablemosclarotdf.com.ar\/index.php?rest_route=%2Fwp%2Fv2%2Fcomments&post=54209"}],"version-history":[{"count":1,"href":"https:\/\/hablemosclarotdf.com.ar\/index.php?rest_route=\/wp\/v2\/posts\/54209\/revisions"}],"predecessor-version":[{"id":54211,"href":"https:\/\/hablemosclarotdf.com.ar\/index.php?rest_route=\/wp\/v2\/posts\/54209\/revisions\/54211"}],"wp:featuredmedia":[{"embeddable":true,"href":"https:\/\/hablemosclarotdf.com.ar\/index.php?rest_route=\/wp\/v2\/media\/54210"}],"wp:attachment":[{"href":"https:\/\/hablemosclarotdf.com.ar\/index.php?rest_route=%2Fwp%2Fv2%2Fmedia&parent=54209"}],"wp:term":[{"taxonomy":"category","embeddable":true,"href":"https:\/\/hablemosclarotdf.com.ar\/index.php?rest_route=%2Fwp%2Fv2%2Fcategories&post=54209"},{"taxonomy":"post_tag","embeddable":true,"href":"https:\/\/hablemosclarotdf.com.ar\/index.php?rest_route=%2Fwp%2Fv2%2Ftags&post=54209"}],"curies":[{"name":"wp","href":"https:\/\/api.w.org\/{rel}","templated":true}]}}