{"id":54122,"date":"2025-10-10T21:22:59","date_gmt":"2025-10-11T00:22:59","guid":{"rendered":"https:\/\/hablemosclarotdf.com.ar\/?p=54122"},"modified":"2025-10-10T21:22:59","modified_gmt":"2025-10-11T00:22:59","slug":"blanco-insto-a-los-candidatos-a-dar-un-debate-de-cara-a-las-elecciones-legislativas","status":"publish","type":"post","link":"https:\/\/hablemosclarotdf.com.ar\/?p=54122","title":{"rendered":"Blanco inst\u00f3 a los candidatos a dar un debate de cara a las elecciones legislativas"},"content":{"rendered":"<div>\n<div><b>Blanco inst\u00f3 a los candidatos a dar un debate de cara a las elecciones legislativas<\/b><\/div>\n<p>El senador de Provincias Unidas reclam\u00f3 un debate p\u00fablico y cuestion\u00f3 la falta de propuestas en la campa\u00f1a.<\/p>\n<p>Viernes 10 de octubre. El senador nacional por Tierra del Fuego y candidato por Provincias Unidas, Pablo Daniel Blanco, inst\u00f3 a sus contrincantes a participar de un debate p\u00fablico \u201cpara que los fueguinos puedan conocer las propuestas y decidir con claridad qui\u00e9n los representar\u00e1 mejor en el Congreso, m\u00e1s all\u00e1 del espacio pol\u00edtico que cada uno integre\u201d.<\/p>\n<p>Blanco advirti\u00f3 que, hasta el momento, \u201chay un silencio de los candidatos que sorprende\u201d, y remarc\u00f3 que \u201cestamos transitando una campa\u00f1a en la que lo que menos hay son propuestas\u201d.<\/p>\n<p>\u201cLa mejor campa\u00f1a que puedo hacer es seguir defendiendo a los fueguinos desde el Senado de la Naci\u00f3n, alzando la voz por nuestra provincia que hoy est\u00e1 siendo atacada por el Gobierno Nacional\u201d, afirm\u00f3 el legislador.<\/p>\n<p>Adem\u00e1s, subray\u00f3 la importancia de que la ciudadan\u00eda tenga la posibilidad de comparar ideas, trayectorias y compromisos reales:<\/p>\n<p>\u201cNo se trata de slogans ni de promesas vac\u00edas, sino de mostrar con hechos qui\u00e9n ha estado siempre del lado de Tierra del Fuego. Por eso invito a todos los candidatos a debatir de cara a la sociedad\u201d.<\/p>\n<p>Finalmente, Blanco expres\u00f3 su deseo de que el pr\u00f3ximo turno electoral est\u00e9 marcado por la participaci\u00f3n y el compromiso democr\u00e1tico:<\/p>\n<p>\u201cOjal\u00e1 sea una elecci\u00f3n de candidatos y no de aparatos. Los fueguinos merecen elegir con informaci\u00f3n y con libertad\u201d.<\/p><\/div>\n<div><\/div>\n","protected":false},"excerpt":{"rendered":"<p>Blanco inst\u00f3 a los candidatos a dar un debate de cara a las elecciones legislativas&#8230;<\/p>\n","protected":false},"author":1,"featured_media":54123,"comment_status":"closed","ping_status":"closed","sticky":false,"template":"","format":"standard","meta":{"footnotes":""},"categories":[3],"tags":[],"class_list":["post-54122","post","type-post","status-publish","format-standard","has-post-thumbnail","hentry","category-noticias"],"jetpack_featured_media_url":"https:\/\/hablemosclarotdf.com.ar\/wp-content\/uploads\/2025\/10\/download-2.jpg","_links":{"self":[{"href":"https:\/\/hablemosclarotdf.com.ar\/index.php?rest_route=\/wp\/v2\/posts\/54122","targetHints":{"allow":["GET"]}}],"collection":[{"href":"https:\/\/hablemosclarotdf.com.ar\/index.php?rest_route=\/wp\/v2\/posts"}],"about":[{"href":"https:\/\/hablemosclarotdf.com.ar\/index.php?rest_route=\/wp\/v2\/types\/post"}],"author":[{"embeddable":true,"href":"https:\/\/hablemosclarotdf.com.ar\/index.php?rest_route=\/wp\/v2\/users\/1"}],"replies":[{"embeddable":true,"href":"https:\/\/hablemosclarotdf.com.ar\/index.php?rest_route=%2Fwp%2Fv2%2Fcomments&post=54122"}],"version-history":[{"count":1,"href":"https:\/\/hablemosclarotdf.com.ar\/index.php?rest_route=\/wp\/v2\/posts\/54122\/revisions"}],"predecessor-version":[{"id":54124,"href":"https:\/\/hablemosclarotdf.com.ar\/index.php?rest_route=\/wp\/v2\/posts\/54122\/revisions\/54124"}],"wp:featuredmedia":[{"embeddable":true,"href":"https:\/\/hablemosclarotdf.com.ar\/index.php?rest_route=\/wp\/v2\/media\/54123"}],"wp:attachment":[{"href":"https:\/\/hablemosclarotdf.com.ar\/index.php?rest_route=%2Fwp%2Fv2%2Fmedia&parent=54122"}],"wp:term":[{"taxonomy":"category","embeddable":true,"href":"https:\/\/hablemosclarotdf.com.ar\/index.php?rest_route=%2Fwp%2Fv2%2Fcategories&post=54122"},{"taxonomy":"post_tag","embeddable":true,"href":"https:\/\/hablemosclarotdf.com.ar\/index.php?rest_route=%2Fwp%2Fv2%2Ftags&post=54122"}],"curies":[{"name":"wp","href":"https:\/\/api.w.org\/{rel}","templated":true}]}}