{"id":54118,"date":"2025-10-10T21:17:21","date_gmt":"2025-10-11T00:17:21","guid":{"rendered":"https:\/\/hablemosclarotdf.com.ar\/?p=54118"},"modified":"2025-10-10T21:17:21","modified_gmt":"2025-10-11T00:17:21","slug":"ushuaia-esquema-de-transito-para-el-desfile-por-los-141-anos","status":"publish","type":"post","link":"https:\/\/hablemosclarotdf.com.ar\/?p=54118","title":{"rendered":"USHUAIA : ESQUEMA DE TRANSITO PARA EL DESFILE POR LOS 141 A\u00d1OS"},"content":{"rendered":"<p>_MAIP\u00da ESTAR\u00c1 CORTADA DE 6 A 17 HORAS Y PREFECTURA NAVAL SER\u00c1 HABILITADA COMO DOBLE MANO_<\/p>\n<p>La Municipalidad de Ushuaia dispuso un esquema de tr\u00e1nsito para el d\u00eda 12 de octubre en que se celebrar\u00e1 el 141\u00b0 aniversario de la ciudad con el tradicional desfile. La avenida Maip\u00fa estar\u00e1 totalmente cortada al tr\u00e1nsito entre Yaganes y Onas desde las 8 hasta las 17 horas.<\/p>\n<p>Tambi\u00e9n estar\u00e1n cortados los accesos por las calles transversales.<\/p>\n<p>Como alternativa al corte, se dispuso habilitar la avenida Prefectura Naval y Garramu\u00f1o como doble mano, en el tramo que va desde Yaganes hasta la calle Onas desde donde se retomar\u00e1 la circulaci\u00f3n por Maip\u00fa.<\/p>\n<p>El tr\u00e1nsito que se dirige desde la rotonda del CADIC por avenida Garramu\u00f1o, deber\u00e1 tener en cuenta que se reducir\u00e1 la v\u00eda de circulaci\u00f3n, ya que estar\u00e1 habilitada la doble mano desde el punto de ingreso a la pasarela Fique y hasta Yaganes.<br \/>\nSe solicita circular con precauci\u00f3n.<\/p>\n<p>Toda el \u00e1rea afectada estar\u00e1 se\u00f1alizada y personal de la Direcci\u00f3n de Tr\u00e1nsito estar\u00e1 realizando las tareas correspondientes.<\/p>\n<p><img loading=\"lazy\" decoding=\"async\" class=\"alignnone size-medium wp-image-54120\" src=\"https:\/\/hablemosclarotdf.com.ar\/wp-content\/uploads\/2025\/10\/photo_2025-10-10_21-16-22-1-240x300.jpg\" alt=\"\" width=\"240\" height=\"300\" srcset=\"https:\/\/hablemosclarotdf.com.ar\/wp-content\/uploads\/2025\/10\/photo_2025-10-10_21-16-22-1-240x300.jpg 240w, https:\/\/hablemosclarotdf.com.ar\/wp-content\/uploads\/2025\/10\/photo_2025-10-10_21-16-22-1-819x1024.jpg 819w, https:\/\/hablemosclarotdf.com.ar\/wp-content\/uploads\/2025\/10\/photo_2025-10-10_21-16-22-1-768x960.jpg 768w, https:\/\/hablemosclarotdf.com.ar\/wp-content\/uploads\/2025\/10\/photo_2025-10-10_21-16-22-1.jpg 1024w\" sizes=\"auto, (max-width: 240px) 100vw, 240px\" \/><\/p>\n","protected":false},"excerpt":{"rendered":"<p>_MAIP\u00da ESTAR\u00c1 CORTADA DE 6 A 17 HORAS Y PREFECTURA NAVAL SER\u00c1 HABILITADA COMO DOBLE&#8230;<\/p>\n","protected":false},"author":1,"featured_media":54119,"comment_status":"closed","ping_status":"closed","sticky":false,"template":"","format":"standard","meta":{"footnotes":""},"categories":[3],"tags":[],"class_list":["post-54118","post","type-post","status-publish","format-standard","has-post-thumbnail","hentry","category-noticias"],"jetpack_featured_media_url":"https:\/\/hablemosclarotdf.com.ar\/wp-content\/uploads\/2025\/10\/photo_2025-10-10_21-16-22.jpg","_links":{"self":[{"href":"https:\/\/hablemosclarotdf.com.ar\/index.php?rest_route=\/wp\/v2\/posts\/54118","targetHints":{"allow":["GET"]}}],"collection":[{"href":"https:\/\/hablemosclarotdf.com.ar\/index.php?rest_route=\/wp\/v2\/posts"}],"about":[{"href":"https:\/\/hablemosclarotdf.com.ar\/index.php?rest_route=\/wp\/v2\/types\/post"}],"author":[{"embeddable":true,"href":"https:\/\/hablemosclarotdf.com.ar\/index.php?rest_route=\/wp\/v2\/users\/1"}],"replies":[{"embeddable":true,"href":"https:\/\/hablemosclarotdf.com.ar\/index.php?rest_route=%2Fwp%2Fv2%2Fcomments&post=54118"}],"version-history":[{"count":1,"href":"https:\/\/hablemosclarotdf.com.ar\/index.php?rest_route=\/wp\/v2\/posts\/54118\/revisions"}],"predecessor-version":[{"id":54121,"href":"https:\/\/hablemosclarotdf.com.ar\/index.php?rest_route=\/wp\/v2\/posts\/54118\/revisions\/54121"}],"wp:featuredmedia":[{"embeddable":true,"href":"https:\/\/hablemosclarotdf.com.ar\/index.php?rest_route=\/wp\/v2\/media\/54119"}],"wp:attachment":[{"href":"https:\/\/hablemosclarotdf.com.ar\/index.php?rest_route=%2Fwp%2Fv2%2Fmedia&parent=54118"}],"wp:term":[{"taxonomy":"category","embeddable":true,"href":"https:\/\/hablemosclarotdf.com.ar\/index.php?rest_route=%2Fwp%2Fv2%2Fcategories&post=54118"},{"taxonomy":"post_tag","embeddable":true,"href":"https:\/\/hablemosclarotdf.com.ar\/index.php?rest_route=%2Fwp%2Fv2%2Ftags&post=54118"}],"curies":[{"name":"wp","href":"https:\/\/api.w.org\/{rel}","templated":true}]}}