{"id":54109,"date":"2025-10-10T17:00:33","date_gmt":"2025-10-10T20:00:33","guid":{"rendered":"https:\/\/hablemosclarotdf.com.ar\/?p=54109"},"modified":"2025-10-10T17:00:33","modified_gmt":"2025-10-10T20:00:33","slug":"rio-grande-conoce-el-cronograma-de-las-actividades-de-la-2a-expo-emprender-desde-el-sur","status":"publish","type":"post","link":"https:\/\/hablemosclarotdf.com.ar\/?p=54109","title":{"rendered":"RIO GRANDE : CONOC\u00c9 EL CRONOGRAMA DE LAS ACTIVIDADES DE LA 2\u00aa EXPO \u201cEMPRENDER DESDE EL SUR\u201d"},"content":{"rendered":"<p>Se desarrollar\u00e1n este s\u00e1bado 11 y domingo 12 de octubre, desde las 13 hasta las 20 horas, en el Polideportivo Carlos Margalot. Es una propuesta organizada por el Municipio de R\u00edo Grande en pos de generar un espacio que re\u00fana a quienes hayan comenzado su camino emprendedor, as\u00ed como promover el desarrollo econ\u00f3mico local y la profesionalizaci\u00f3n de los emprendimientos.<\/p>\n<p>Organizada por la Secretar\u00eda de Desarrollo Productivo, la Expo \u201cEmprender desde el Sur\u201d tiene como eje proporcionar herramientas, contactos y conocimientos; impulsar una agenda de desarrollo productivo desde el sur y presentar stands con emprendimientos locales y pymes, demostraciones en vivo y paneles de experiencias donde emprendedores compartir\u00e1n sus historias de crecimiento y expansi\u00f3n en el mercado.<\/p>\n<p>El s\u00e1bado 11 de octubre, a las 13 horas tendr\u00e1 lugar el acto de apertura, de 13:30 hasta las 16 horas, se llevar\u00e1n a cabo diferentes paneles de experiencias emprendedoras, donde disertar\u00e1n Federico Breden, Referente Came Joven; Cust\u00e1ceceos TDF; Gin Ghandi, Deshidratadora Los Rios y Cervecer\u00eda Klatue. Al concluir las exposiciones, se realizar\u00e1 la entraga de certificados a los participantes de la Escuela de Emprendedores.<\/p>\n<p>Luego, a las 17 horas, se presentar\u00e1 el libro \u201cSal Marina\u201d HI-CA, a cargo de Juan Ponce. A las 18:00 se realizar\u00e1 una demostraci\u00f3n en vivo de alfombras art\u00edsticas del emprendimiento \u201cGato Gordo\u201d, proveniente de la ciudad de Ushuaia.<\/p>\n<p>El domingo 12 a las 15:00 habr\u00e1 un espacio de \u201cLiving\u201d, conformado por los emprendedores Alfajores del Fagnano y Chacinados San Andr\u00e9s. Mientras que, a las 16 horas, se llevar\u00e1 a cabo una demostraci\u00f3n en vivo de Romina Monte y la presentaci\u00f3n de un nuevo producto del Cook and Cake.<\/p>\n<p>Finalmente, habr\u00e1 2 espacios de \u201cLiving\u201d, uno a las 17 horas, a cargo de Le Brule, Puente Viejo y Pastas Donadio. Mientras que, a las 18 horas, se presentar\u00e1n Lisiando Bianchi de L\u00e1mparas 3D, Emanuel Rodriguez de CJE y Natalia Rodr\u00edguez de Meow.<\/p>\n<p>Mediante estas propuestas y a trav\u00e9s de la Expo \u201cEmprender desde el sur\u201d, el Municipio de R\u00edo Grande vincula a emprendedores y pymes de la ciudad para seguir consolidando su potencial de crecimiento con una visi\u00f3n estrat\u00e9gica hacia el futuro.<\/p>\n<p><img loading=\"lazy\" decoding=\"async\" class=\"alignnone size-medium wp-image-54111\" src=\"https:\/\/hablemosclarotdf.com.ar\/wp-content\/uploads\/2025\/10\/photo_2025-10-10_16-59-33-300x200.jpg\" alt=\"\" width=\"300\" height=\"200\" srcset=\"https:\/\/hablemosclarotdf.com.ar\/wp-content\/uploads\/2025\/10\/photo_2025-10-10_16-59-33-300x200.jpg 300w, https:\/\/hablemosclarotdf.com.ar\/wp-content\/uploads\/2025\/10\/photo_2025-10-10_16-59-33-1024x683.jpg 1024w, https:\/\/hablemosclarotdf.com.ar\/wp-content\/uploads\/2025\/10\/photo_2025-10-10_16-59-33-768x512.jpg 768w, https:\/\/hablemosclarotdf.com.ar\/wp-content\/uploads\/2025\/10\/photo_2025-10-10_16-59-33.jpg 1280w\" sizes=\"auto, (max-width: 300px) 100vw, 300px\" \/><\/p>\n","protected":false},"excerpt":{"rendered":"<p>Se desarrollar\u00e1n este s\u00e1bado 11 y domingo 12 de octubre, desde las 13 hasta las&#8230;<\/p>\n","protected":false},"author":1,"featured_media":54110,"comment_status":"closed","ping_status":"closed","sticky":false,"template":"","format":"standard","meta":{"footnotes":""},"categories":[3],"tags":[],"class_list":["post-54109","post","type-post","status-publish","format-standard","has-post-thumbnail","hentry","category-noticias"],"jetpack_featured_media_url":"https:\/\/hablemosclarotdf.com.ar\/wp-content\/uploads\/2025\/10\/photo_2025-10-10_16-59-29.jpg","_links":{"self":[{"href":"https:\/\/hablemosclarotdf.com.ar\/index.php?rest_route=\/wp\/v2\/posts\/54109","targetHints":{"allow":["GET"]}}],"collection":[{"href":"https:\/\/hablemosclarotdf.com.ar\/index.php?rest_route=\/wp\/v2\/posts"}],"about":[{"href":"https:\/\/hablemosclarotdf.com.ar\/index.php?rest_route=\/wp\/v2\/types\/post"}],"author":[{"embeddable":true,"href":"https:\/\/hablemosclarotdf.com.ar\/index.php?rest_route=\/wp\/v2\/users\/1"}],"replies":[{"embeddable":true,"href":"https:\/\/hablemosclarotdf.com.ar\/index.php?rest_route=%2Fwp%2Fv2%2Fcomments&post=54109"}],"version-history":[{"count":1,"href":"https:\/\/hablemosclarotdf.com.ar\/index.php?rest_route=\/wp\/v2\/posts\/54109\/revisions"}],"predecessor-version":[{"id":54112,"href":"https:\/\/hablemosclarotdf.com.ar\/index.php?rest_route=\/wp\/v2\/posts\/54109\/revisions\/54112"}],"wp:featuredmedia":[{"embeddable":true,"href":"https:\/\/hablemosclarotdf.com.ar\/index.php?rest_route=\/wp\/v2\/media\/54110"}],"wp:attachment":[{"href":"https:\/\/hablemosclarotdf.com.ar\/index.php?rest_route=%2Fwp%2Fv2%2Fmedia&parent=54109"}],"wp:term":[{"taxonomy":"category","embeddable":true,"href":"https:\/\/hablemosclarotdf.com.ar\/index.php?rest_route=%2Fwp%2Fv2%2Fcategories&post=54109"},{"taxonomy":"post_tag","embeddable":true,"href":"https:\/\/hablemosclarotdf.com.ar\/index.php?rest_route=%2Fwp%2Fv2%2Ftags&post=54109"}],"curies":[{"name":"wp","href":"https:\/\/api.w.org\/{rel}","templated":true}]}}