{"id":54097,"date":"2025-10-10T11:25:34","date_gmt":"2025-10-10T14:25:34","guid":{"rendered":"https:\/\/hablemosclarotdf.com.ar\/?p=54097"},"modified":"2025-10-10T11:25:34","modified_gmt":"2025-10-10T14:25:34","slug":"enargas-debe-incorporar-en-su-plan-de-inversion-una-mirada-federal-que-contemple-las-necesidades-de-los-vecinos-de-tierra-del-fuego","status":"publish","type":"post","link":"https:\/\/hablemosclarotdf.com.ar\/?p=54097","title":{"rendered":"&#8220;ENARGAS DEBE INCORPORAR EN SU PLAN DE INVERSI\u00d3N UNA MIRADA FEDERAL QUE CONTEMPLE LAS NECESIDADES DE LOS VECINOS DE TIERRA DEL FUEGO&#8221;"},"content":{"rendered":"<p>As\u00ed lo expres\u00f3 la ministra de Obras y Servicios P\u00fablicos, Gabriela Castillo, durante su intervenci\u00f3n en la Audiencia P\u00fablica N.\u00ba 109\/2025 del Ente Nacional Regulador del Gas (ENARGAS), donde se analiz\u00f3 la pr\u00f3rroga del contrato de concesi\u00f3n de Camuzzi Gas del Sur y las inversiones previstas en el sistema de transporte y distribuci\u00f3n de gas natural.<\/p>\n<p>Castillo remarc\u00f3 la necesidad de que las decisiones energ\u00e9ticas nacionales incorporen una mirada verdaderamente federal, que reconozca las particularidades del sur y el esfuerzo que realiza la provincia para garantizar el acceso a un servicio esencial.<\/p>\n<p>\u201cTierra del Fuego no puede quedar fuera de la mesa de decisiones cuando se define el futuro energ\u00e9tico del pa\u00eds. Somos parte de la matriz gas\u00edfera argentina y necesitamos que esas decisiones tambi\u00e9n se piensen desde y para el territorio fueguino\u201d, afirm\u00f3 Castillo.<\/p>\n<p>Durante su exposici\u00f3n, la funcionaria record\u00f3 que el Gobierno de Tierra del Fuego ha estado del lado de los vecinos en cada instancia de defensa tarifaria, acompa\u00f1ando a las familias ante los aumentos dispuestos a nivel nacional. Adem\u00e1s, subray\u00f3 que el crecimiento de los usuarios en la provincia fue posible gracias a la inversi\u00f3n directa del Estado fueguino, que durante los \u00faltimos a\u00f1os impuls\u00f3 obras de infraestructura, gasoductos, estaciones reguladoras, redes de distribuci\u00f3n y conexiones intradomiciliarias.<\/p>\n<p>\u201cQueremos que este plan federal visibilice un compromiso concreto por incrementar la cantidad de usuarios y acompa\u00f1e el objetivo del Gobierno provincial: que el 100% de las familias fueguinas accedan al gas natural\u201d, remarc\u00f3 la ministra.<\/p>\n<p>La ministra concluy\u00f3 destacando que Tierra del Fuego viene sosteniendo con recursos propios pol\u00edticas y obras que permiten que m\u00e1s familias accedan al gas natural, pese al contexto nacional de desfinanciamiento. En este sentido, subray\u00f3 que ese esfuerzo no puede sostenerse de manera unilateral, e inst\u00f3 que la inversi\u00f3n tambi\u00e9n debe llegar a Tierra del Fuego, con un acompa\u00f1amiento real de las prestadoras y de los organismos nacionales para garantizar que los planes de inversi\u00f3n contemplen las realidades del sur y prioricen a los usuarios que a\u00fan no acceden al servicio.<\/p>\n<p>&nbsp;<\/p>\n<p><img loading=\"lazy\" decoding=\"async\" class=\"alignnone size-medium wp-image-54099\" src=\"https:\/\/hablemosclarotdf.com.ar\/wp-content\/uploads\/2025\/10\/photo_2025-10-10_11-24-23-300x200.jpg\" alt=\"\" width=\"300\" height=\"200\" srcset=\"https:\/\/hablemosclarotdf.com.ar\/wp-content\/uploads\/2025\/10\/photo_2025-10-10_11-24-23-300x200.jpg 300w, https:\/\/hablemosclarotdf.com.ar\/wp-content\/uploads\/2025\/10\/photo_2025-10-10_11-24-23-1024x684.jpg 1024w, https:\/\/hablemosclarotdf.com.ar\/wp-content\/uploads\/2025\/10\/photo_2025-10-10_11-24-23-768x513.jpg 768w, https:\/\/hablemosclarotdf.com.ar\/wp-content\/uploads\/2025\/10\/photo_2025-10-10_11-24-23.jpg 1280w\" sizes=\"auto, (max-width: 300px) 100vw, 300px\" \/> <img loading=\"lazy\" decoding=\"async\" class=\"alignnone size-medium wp-image-54100\" src=\"https:\/\/hablemosclarotdf.com.ar\/wp-content\/uploads\/2025\/10\/photo_2025-10-10_11-24-27-300x200.jpg\" alt=\"\" width=\"300\" height=\"200\" srcset=\"https:\/\/hablemosclarotdf.com.ar\/wp-content\/uploads\/2025\/10\/photo_2025-10-10_11-24-27-300x200.jpg 300w, https:\/\/hablemosclarotdf.com.ar\/wp-content\/uploads\/2025\/10\/photo_2025-10-10_11-24-27-1024x684.jpg 1024w, https:\/\/hablemosclarotdf.com.ar\/wp-content\/uploads\/2025\/10\/photo_2025-10-10_11-24-27-768x513.jpg 768w, https:\/\/hablemosclarotdf.com.ar\/wp-content\/uploads\/2025\/10\/photo_2025-10-10_11-24-27.jpg 1280w\" sizes=\"auto, (max-width: 300px) 100vw, 300px\" \/> <img loading=\"lazy\" decoding=\"async\" class=\"alignnone size-medium wp-image-54101\" src=\"https:\/\/hablemosclarotdf.com.ar\/wp-content\/uploads\/2025\/10\/photo_2025-10-10_11-24-34-300x200.jpg\" alt=\"\" width=\"300\" height=\"200\" srcset=\"https:\/\/hablemosclarotdf.com.ar\/wp-content\/uploads\/2025\/10\/photo_2025-10-10_11-24-34-300x200.jpg 300w, https:\/\/hablemosclarotdf.com.ar\/wp-content\/uploads\/2025\/10\/photo_2025-10-10_11-24-34-1024x684.jpg 1024w, https:\/\/hablemosclarotdf.com.ar\/wp-content\/uploads\/2025\/10\/photo_2025-10-10_11-24-34-768x513.jpg 768w, https:\/\/hablemosclarotdf.com.ar\/wp-content\/uploads\/2025\/10\/photo_2025-10-10_11-24-34.jpg 1280w\" sizes=\"auto, (max-width: 300px) 100vw, 300px\" \/><\/p>\n","protected":false},"excerpt":{"rendered":"<p>As\u00ed lo expres\u00f3 la ministra de Obras y Servicios P\u00fablicos, Gabriela Castillo, durante su intervenci\u00f3n&#8230;<\/p>\n","protected":false},"author":1,"featured_media":54098,"comment_status":"closed","ping_status":"closed","sticky":false,"template":"","format":"standard","meta":{"footnotes":""},"categories":[3],"tags":[],"class_list":["post-54097","post","type-post","status-publish","format-standard","has-post-thumbnail","hentry","category-noticias"],"jetpack_featured_media_url":"https:\/\/hablemosclarotdf.com.ar\/wp-content\/uploads\/2025\/10\/photo_2025-10-10_11-24-14.jpg","_links":{"self":[{"href":"https:\/\/hablemosclarotdf.com.ar\/index.php?rest_route=\/wp\/v2\/posts\/54097","targetHints":{"allow":["GET"]}}],"collection":[{"href":"https:\/\/hablemosclarotdf.com.ar\/index.php?rest_route=\/wp\/v2\/posts"}],"about":[{"href":"https:\/\/hablemosclarotdf.com.ar\/index.php?rest_route=\/wp\/v2\/types\/post"}],"author":[{"embeddable":true,"href":"https:\/\/hablemosclarotdf.com.ar\/index.php?rest_route=\/wp\/v2\/users\/1"}],"replies":[{"embeddable":true,"href":"https:\/\/hablemosclarotdf.com.ar\/index.php?rest_route=%2Fwp%2Fv2%2Fcomments&post=54097"}],"version-history":[{"count":1,"href":"https:\/\/hablemosclarotdf.com.ar\/index.php?rest_route=\/wp\/v2\/posts\/54097\/revisions"}],"predecessor-version":[{"id":54102,"href":"https:\/\/hablemosclarotdf.com.ar\/index.php?rest_route=\/wp\/v2\/posts\/54097\/revisions\/54102"}],"wp:featuredmedia":[{"embeddable":true,"href":"https:\/\/hablemosclarotdf.com.ar\/index.php?rest_route=\/wp\/v2\/media\/54098"}],"wp:attachment":[{"href":"https:\/\/hablemosclarotdf.com.ar\/index.php?rest_route=%2Fwp%2Fv2%2Fmedia&parent=54097"}],"wp:term":[{"taxonomy":"category","embeddable":true,"href":"https:\/\/hablemosclarotdf.com.ar\/index.php?rest_route=%2Fwp%2Fv2%2Fcategories&post=54097"},{"taxonomy":"post_tag","embeddable":true,"href":"https:\/\/hablemosclarotdf.com.ar\/index.php?rest_route=%2Fwp%2Fv2%2Ftags&post=54097"}],"curies":[{"name":"wp","href":"https:\/\/api.w.org\/{rel}","templated":true}]}}