{"id":54087,"date":"2025-10-10T11:19:10","date_gmt":"2025-10-10T14:19:10","guid":{"rendered":"https:\/\/hablemosclarotdf.com.ar\/?p=54087"},"modified":"2025-10-10T11:19:10","modified_gmt":"2025-10-10T14:19:10","slug":"rio-grande-mas-de-650-nuevos-egresados-del-programa-municipal-formarte-es-crecer","status":"publish","type":"post","link":"https:\/\/hablemosclarotdf.com.ar\/?p=54087","title":{"rendered":"RIO GRANDE : M\u00c1S DE 650 NUEVOS EGRESADOS DEL PROGRAMA MUNICIPAL \u201cFORMARTE ES CRECER\u201d"},"content":{"rendered":"<p>Se trata de vecinas y vecinos que durante el primer semestre de este 2025 se capacitaron en m\u00e1s de 40 talleres y cursos que brind\u00f3 el Municipio de R\u00edo Grande. La gesti\u00f3n del intendente Mart\u00edn Perez impulsa pol\u00edticas p\u00fablicas para ofrecer a las y los riograndenses, mayores oportunidades de formaci\u00f3n, resaltando la relevancia de la capacitaci\u00f3n para promover la autonom\u00eda laboral y potenciar el esp\u00edritu emprendedor en la ciudad.<\/p>\n<p>\u201cFormarte es Crecer\u201d es un programa Municipal que ha logrado consolidarse a lo largo de los \u00faltimos a\u00f1os, donde se ofrecen capacitaciones de formaci\u00f3n laboral, con el fin de ampliar la matriz productiva y el desarrollo local, volvi\u00e9ndose una garant\u00eda, con identidad propia, para la formaci\u00f3n de oficios y la empleabilidad de miles de riograndense.<\/p>\n<p>En tal marco, se entregaron m\u00e1s de 650 certificados del Programa Municipal &#8220;Formarte es Crecer&#8221; a riograndenses que concluyeron las capacitaciones y cursos que la Direcci\u00f3n de Empleo brind\u00f3 durante este primer semestre del 2025.<\/p>\n<p>Dado el contexto socioecon\u00f3mico, desde el Municipio se diversific\u00f3 la oferta de capacitaci\u00f3n laboral para dar respuesta a la demanda de los distintos sectores; ponderando de esta manera la importancia de la articulaci\u00f3n p\u00fablico-privada. En esta l\u00ednea, se incorporaron cursos que se desarrollaron con el acompa\u00f1amiento de la C\u00e1mara de Comercio, SoldaSur, Cooperativa El\u00e9ctrica, Fundaci\u00f3n Mirgor, INTA, Hikvision, Comunicaciones Fueguinas, KNAUF, El Dorado, TANU y EDEI.<\/p>\n<p>Al respecto, el secretario de Desarrollo Productivo, Facundo Armas, afirm\u00f3 que &#8220;R\u00edo Grande es, ante todo, una ciudad de trabajo. Naci\u00f3 como colonia agr\u00edcola y ganadera, creci\u00f3 con el esfuerzo de hombres y mujeres que apostaron por este suelo, y se consolid\u00f3 como uno de los polos industriales y productivos m\u00e1s importantes del pa\u00eds. Esa historia de esfuerzo y compromiso nos impulsa a seguir acompa\u00f1ando a cada vecino y vecina en su formaci\u00f3n, porque creemos que el conocimiento es la base para desarrollarnos, para tener m\u00e1s oportunidades y para prepararnos mejor frente a los desaf\u00edos del presente y del futuro\u201d.<\/p>\n<p>Armas, destac\u00f3 que &#8220;desde el Municipio, junto al intendente Mart\u00edn Perez, entendemos que la capacitaci\u00f3n es una herramienta que transforma realidades. Por eso fortalecemos el v\u00ednculo con el sector privado y con las instituciones locales, convencidos de que el trabajo articulado es clave para generar m\u00e1s oportunidades laborales y consolidar una comunidad que sigue creciendo con esperanza a pesar de los contextos y coyunturas&#8221;.<\/p>\n<p><img loading=\"lazy\" decoding=\"async\" class=\"alignnone size-medium wp-image-54089\" src=\"https:\/\/hablemosclarotdf.com.ar\/wp-content\/uploads\/2025\/10\/photo_2025-10-10_11-17-50-300x169.jpg\" alt=\"\" width=\"300\" height=\"169\" srcset=\"https:\/\/hablemosclarotdf.com.ar\/wp-content\/uploads\/2025\/10\/photo_2025-10-10_11-17-50-300x169.jpg 300w, https:\/\/hablemosclarotdf.com.ar\/wp-content\/uploads\/2025\/10\/photo_2025-10-10_11-17-50-768x432.jpg 768w, https:\/\/hablemosclarotdf.com.ar\/wp-content\/uploads\/2025\/10\/photo_2025-10-10_11-17-50.jpg 1024w\" sizes=\"auto, (max-width: 300px) 100vw, 300px\" \/> <img loading=\"lazy\" decoding=\"async\" class=\"alignnone size-medium wp-image-54090\" src=\"https:\/\/hablemosclarotdf.com.ar\/wp-content\/uploads\/2025\/10\/photo_2025-10-10_11-17-58-300x169.jpg\" alt=\"\" width=\"300\" height=\"169\" srcset=\"https:\/\/hablemosclarotdf.com.ar\/wp-content\/uploads\/2025\/10\/photo_2025-10-10_11-17-58-300x169.jpg 300w, https:\/\/hablemosclarotdf.com.ar\/wp-content\/uploads\/2025\/10\/photo_2025-10-10_11-17-58-768x432.jpg 768w, https:\/\/hablemosclarotdf.com.ar\/wp-content\/uploads\/2025\/10\/photo_2025-10-10_11-17-58.jpg 1024w\" sizes=\"auto, (max-width: 300px) 100vw, 300px\" \/> <img loading=\"lazy\" decoding=\"async\" class=\"alignnone size-medium wp-image-54091\" src=\"https:\/\/hablemosclarotdf.com.ar\/wp-content\/uploads\/2025\/10\/photo_2025-10-10_11-18-02-300x169.jpg\" alt=\"\" width=\"300\" height=\"169\" srcset=\"https:\/\/hablemosclarotdf.com.ar\/wp-content\/uploads\/2025\/10\/photo_2025-10-10_11-18-02-300x169.jpg 300w, https:\/\/hablemosclarotdf.com.ar\/wp-content\/uploads\/2025\/10\/photo_2025-10-10_11-18-02-768x432.jpg 768w, https:\/\/hablemosclarotdf.com.ar\/wp-content\/uploads\/2025\/10\/photo_2025-10-10_11-18-02.jpg 1024w\" sizes=\"auto, (max-width: 300px) 100vw, 300px\" \/> <img loading=\"lazy\" decoding=\"async\" class=\"alignnone size-medium wp-image-54092\" src=\"https:\/\/hablemosclarotdf.com.ar\/wp-content\/uploads\/2025\/10\/photo_2025-10-10_11-18-07-300x169.jpg\" alt=\"\" width=\"300\" height=\"169\" srcset=\"https:\/\/hablemosclarotdf.com.ar\/wp-content\/uploads\/2025\/10\/photo_2025-10-10_11-18-07-300x169.jpg 300w, https:\/\/hablemosclarotdf.com.ar\/wp-content\/uploads\/2025\/10\/photo_2025-10-10_11-18-07-768x432.jpg 768w, https:\/\/hablemosclarotdf.com.ar\/wp-content\/uploads\/2025\/10\/photo_2025-10-10_11-18-07.jpg 1024w\" sizes=\"auto, (max-width: 300px) 100vw, 300px\" \/><\/p>\n","protected":false},"excerpt":{"rendered":"<p>Se trata de vecinas y vecinos que durante el primer semestre de este 2025 se&#8230;<\/p>\n","protected":false},"author":1,"featured_media":54088,"comment_status":"closed","ping_status":"closed","sticky":false,"template":"","format":"standard","meta":{"footnotes":""},"categories":[3],"tags":[],"class_list":["post-54087","post","type-post","status-publish","format-standard","has-post-thumbnail","hentry","category-noticias"],"jetpack_featured_media_url":"https:\/\/hablemosclarotdf.com.ar\/wp-content\/uploads\/2025\/10\/photo_2025-10-10_11-17-44.jpg","_links":{"self":[{"href":"https:\/\/hablemosclarotdf.com.ar\/index.php?rest_route=\/wp\/v2\/posts\/54087","targetHints":{"allow":["GET"]}}],"collection":[{"href":"https:\/\/hablemosclarotdf.com.ar\/index.php?rest_route=\/wp\/v2\/posts"}],"about":[{"href":"https:\/\/hablemosclarotdf.com.ar\/index.php?rest_route=\/wp\/v2\/types\/post"}],"author":[{"embeddable":true,"href":"https:\/\/hablemosclarotdf.com.ar\/index.php?rest_route=\/wp\/v2\/users\/1"}],"replies":[{"embeddable":true,"href":"https:\/\/hablemosclarotdf.com.ar\/index.php?rest_route=%2Fwp%2Fv2%2Fcomments&post=54087"}],"version-history":[{"count":1,"href":"https:\/\/hablemosclarotdf.com.ar\/index.php?rest_route=\/wp\/v2\/posts\/54087\/revisions"}],"predecessor-version":[{"id":54093,"href":"https:\/\/hablemosclarotdf.com.ar\/index.php?rest_route=\/wp\/v2\/posts\/54087\/revisions\/54093"}],"wp:featuredmedia":[{"embeddable":true,"href":"https:\/\/hablemosclarotdf.com.ar\/index.php?rest_route=\/wp\/v2\/media\/54088"}],"wp:attachment":[{"href":"https:\/\/hablemosclarotdf.com.ar\/index.php?rest_route=%2Fwp%2Fv2%2Fmedia&parent=54087"}],"wp:term":[{"taxonomy":"category","embeddable":true,"href":"https:\/\/hablemosclarotdf.com.ar\/index.php?rest_route=%2Fwp%2Fv2%2Fcategories&post=54087"},{"taxonomy":"post_tag","embeddable":true,"href":"https:\/\/hablemosclarotdf.com.ar\/index.php?rest_route=%2Fwp%2Fv2%2Ftags&post=54087"}],"curies":[{"name":"wp","href":"https:\/\/api.w.org\/{rel}","templated":true}]}}