{"id":54067,"date":"2025-10-09T21:21:53","date_gmt":"2025-10-10T00:21:53","guid":{"rendered":"https:\/\/hablemosclarotdf.com.ar\/?p=54067"},"modified":"2025-10-09T21:21:53","modified_gmt":"2025-10-10T00:21:53","slug":"ushuaia-la-municipalidad-ofrecera-un-curso-para-vecinos-mayores-sobre-el-uso-del-celular-y-las-redes-sociales","status":"publish","type":"post","link":"https:\/\/hablemosclarotdf.com.ar\/?p=54067","title":{"rendered":"USHUAIA : LA MUNICIPALIDAD OFRECER\u00c1 UN CURSO PARA VECINOS  MAYORES SOBRE EL USO DEL CELULAR Y LAS REDES SOCIALES"},"content":{"rendered":"<p>La Municipalidad de Ushuaia a trav\u00e9s de la Secretar\u00eda de Pol\u00edticas Sociales, Sanitarias y Derechos Humanos, invita a personas mayores a participar del curso \u201cIniciando\u201d, una propuesta especialmente dise\u00f1ada para acompa\u00f1ar los primeros pasos en el uso del celular y las redes sociales.<br \/>\nEl taller busca acercar la tecnolog\u00eda de manera sencilla, pr\u00e1ctica y acompa\u00f1ada, promoviendo la inclusi\u00f3n digital y la comunicaci\u00f3n sin barreras. Durante los encuentros, las y los participantes aprender\u00e1n a utilizar las funciones m\u00e1s \u00fatiles del tel\u00e9fono m\u00f3vil, ingresar a redes como WhatsApp, Facebook e Instagram, y aprovechar las herramientas digitales para mantenerse conectados con familiares, amistades y comunidades de inter\u00e9s.<br \/>\nEl curso tendr\u00e1 lugar los d\u00edas mi\u00e9rcoles y viernes durante el mes de octubre en el horario de 10 a 12 horas en el Centro de Inclusi\u00f3n Digital (CID), ubicado en Cormor\u00e1n 120.<br \/>\nLas preinscripciones ya se encuentran abiertas y pueden realizarse a trav\u00e9s del siguiente enlace: inscripciones.website\/curso-iniciando\/<br \/>\nDesde el \u00e1rea indicaron que \u201cla idea es continuar fortaleciendo las pol\u00edticas de inclusi\u00f3n y aprendizaje digital, brindando herramientas que favorecen la autonom\u00eda, la comunicaci\u00f3n y la participaci\u00f3n activa de las personas mayores en el mundo tecnol\u00f3gico actual\u201d.<\/p>\n","protected":false},"excerpt":{"rendered":"<p>La Municipalidad de Ushuaia a trav\u00e9s de la Secretar\u00eda de Pol\u00edticas Sociales, Sanitarias y Derechos&#8230;<\/p>\n","protected":false},"author":1,"featured_media":54068,"comment_status":"closed","ping_status":"closed","sticky":false,"template":"","format":"standard","meta":{"footnotes":""},"categories":[3],"tags":[],"class_list":["post-54067","post","type-post","status-publish","format-standard","has-post-thumbnail","hentry","category-noticias"],"jetpack_featured_media_url":"https:\/\/hablemosclarotdf.com.ar\/wp-content\/uploads\/2025\/10\/photo_2025-10-09_21-21-16.jpg","_links":{"self":[{"href":"https:\/\/hablemosclarotdf.com.ar\/index.php?rest_route=\/wp\/v2\/posts\/54067","targetHints":{"allow":["GET"]}}],"collection":[{"href":"https:\/\/hablemosclarotdf.com.ar\/index.php?rest_route=\/wp\/v2\/posts"}],"about":[{"href":"https:\/\/hablemosclarotdf.com.ar\/index.php?rest_route=\/wp\/v2\/types\/post"}],"author":[{"embeddable":true,"href":"https:\/\/hablemosclarotdf.com.ar\/index.php?rest_route=\/wp\/v2\/users\/1"}],"replies":[{"embeddable":true,"href":"https:\/\/hablemosclarotdf.com.ar\/index.php?rest_route=%2Fwp%2Fv2%2Fcomments&post=54067"}],"version-history":[{"count":1,"href":"https:\/\/hablemosclarotdf.com.ar\/index.php?rest_route=\/wp\/v2\/posts\/54067\/revisions"}],"predecessor-version":[{"id":54069,"href":"https:\/\/hablemosclarotdf.com.ar\/index.php?rest_route=\/wp\/v2\/posts\/54067\/revisions\/54069"}],"wp:featuredmedia":[{"embeddable":true,"href":"https:\/\/hablemosclarotdf.com.ar\/index.php?rest_route=\/wp\/v2\/media\/54068"}],"wp:attachment":[{"href":"https:\/\/hablemosclarotdf.com.ar\/index.php?rest_route=%2Fwp%2Fv2%2Fmedia&parent=54067"}],"wp:term":[{"taxonomy":"category","embeddable":true,"href":"https:\/\/hablemosclarotdf.com.ar\/index.php?rest_route=%2Fwp%2Fv2%2Fcategories&post=54067"},{"taxonomy":"post_tag","embeddable":true,"href":"https:\/\/hablemosclarotdf.com.ar\/index.php?rest_route=%2Fwp%2Fv2%2Ftags&post=54067"}],"curies":[{"name":"wp","href":"https:\/\/api.w.org\/{rel}","templated":true}]}}