{"id":54010,"date":"2025-10-09T13:43:15","date_gmt":"2025-10-09T16:43:15","guid":{"rendered":"https:\/\/hablemosclarotdf.com.ar\/?p=54010"},"modified":"2025-10-09T13:43:15","modified_gmt":"2025-10-09T16:43:15","slug":"llega-la-xxviii-edicion-de-la-feria-provincial-del-libro-con-una-amplia-agenda-de-actividades","status":"publish","type":"post","link":"https:\/\/hablemosclarotdf.com.ar\/?p=54010","title":{"rendered":"LLEGA LA XXVIII EDICI\u00d3N DE LA FERIA PROVINCIAL DEL LIBRO CON UNA AMPLIA AGENDA DE ACTIVIDADES"},"content":{"rendered":"<p>La Secretar\u00eda de Cultura del Gobierno de la provincia de Tierra del Fuego AIAS, ultima los detalles para una nueva edici\u00f3n de la Feria Provincial del Libro que se llevar\u00e1 a cabo en la ciudad de R\u00edo Grande los d\u00edas 10, 11 y 12 de octubre.<\/p>\n<p>En esta oportunidad, el evento se organiz\u00f3 bajo el lema \u201cCoraz\u00f3n de meseta\u201d, en homenaje al cantautor riograndense e impulsor de la Feria, Rub\u00e9n Bali\u00f1o.<\/p>\n<p>Sobre esto, la titular de la Editora Cultura Tierra del Fuego, Priscila Vallone, expres\u00f3 que \u201cnos pone muy contentos llevar adelante una nueva edici\u00f3n, ya que es un espacio fundamental para impulsar y fomentar a la industria editorial de la provincia\u201d.<\/p>\n<p>\u201cEstas acciones remarcan la importancia de contar con una herramienta estatal que incentive la producci\u00f3n dentro del rubro editorial, como lo es la Editora Cultural Tierra del Fuego\u201d agreg\u00f3.<\/p>\n<p>La Feria Provincial de Libro se desarrollar\u00e1 seg\u00fan el siguiente cronograma:<\/p>\n<p>VIERNES 10<\/p>\n<p>R\u00cdO GRANDE \u2013 MUSEO FUEGUINO DE ARTE \u201cNIN\u00cd BERNARDELLO\u201d<\/p>\n<p>Presentaci\u00f3n de libros:<\/p>\n<p>16 h. &#8211; \u201cAulas diversificadas\u201d, de Mariana C. Quevedo (educativo)<br \/>\n17 h. &#8211; \u201cEn eterna patrulla\u201d, de Romina D. Tamburella y Malvina Cabrera (literatura infantil)<br \/>\n18 h. &#8211; \u201cLas cuatro estaciones de la vida\u201d, de Ra\u00fal Torres (poes\u00eda)<br \/>\n19 h. &#8211; \u201cPlavo More\u201d, de Silvina Biott (poes\u00eda)<br \/>\n20 h. &#8211; \u201cVencedoras\/vencidas\u201d, de Bel\u00e9n Ahumada (poes\u00eda)<br \/>\n21 h. &#8211; \u201cLos bosques bajo el agua\u201d, de Florencia Lobo (poes\u00eda)<br \/>\n22 h. &#8211; \u201cXO&#8217;ON\u201d, de Omar Hirsig (historieta).<\/p>\n<p>USHUAIA &#8211; BIBLIOTECA POPULAR SARMIENTO<\/p>\n<p>17 h. &#8211; Charla &#8220;Herramientas del INAMU y Agregadora de M\u00fasica Argentina&#8221; &#8211; Bernab\u00e9 Cantlon &#8211; Presidente INAMU<br \/>\n19 h. &#8211; &#8220;Hisotiras, relatos y el arte de la ficci\u00f3n&#8221; &#8211; Florencia Etcheves<br \/>\n20 h. &#8211; Presentaci\u00f3n del libro &#8220;C\u00f3mo pisar una cascara de banana&#8221; de Adri\u00e1n Lakerman.<\/p>\n<p>S\u00c1BADO 11<\/p>\n<p>R\u00cdO GRANDE \u2013 ESCUELA PROVINCIAL N\u00b02<\/p>\n<p>AUDITORIO<\/p>\n<p>16 h. &#8211; Publicaciones y Herramientas del INAMU &#8211; Bernab\u00e9 Cantlon &#8211; Presidente INAMU<br \/>\n18 h. &#8211; &#8220;Historias, relatos y el arte de la ficci\u00f3n&#8221; &#8211; Florencia Etcheves<br \/>\n20 h. &#8211; Presentaci\u00f3n del libro &#8220;C\u00f3mo pisar una cascara de banana&#8221; de Adri\u00e1n Lakerman. Modera: Emmanuel Pereyra Baigorria.<\/p>\n<p>GIMNASIO<\/p>\n<p>16 h. -Apertura Feria<br \/>\n19 h. -Inauguraci\u00f3n Oficial<br \/>\n20 h.-Presentaci\u00f3n musical<br \/>\nAula infancias<br \/>\n16 a 21 h.- Espacio l\u00fadico abierto<br \/>\n17 h. &#8211; Mi cuento en un fanzine \u2013 Hada Bernard.<\/p>\n<p>SONORA RESTO BAR (PERITO MORENO 705)<\/p>\n<p>22 h. -Poes\u00eda en el bar. Presentaci\u00f3n musical de Facundo Ag\u00fcero + micr\u00f3fono abierto.<\/p>\n<p>DOMINGO 12<\/p>\n<p>R\u00cdO GRANDE &#8211; ESCUELA PROVINCIAL N\u00b0 2<\/p>\n<p>AUDITORIO<\/p>\n<p>17 h. &#8211; &#8220;Cuentos de Malanoche&#8221; de Mingo Guti\u00e9rrez<br \/>\n18 h.- \u201cUn fulgor distinto\u201d, antolog\u00eda po\u00e9tica de Tanta Ceniza Editora<br \/>\n19 h.- Poes\u00eda en las orillas \u2013 Mesa de poes\u00eda fueguina.<\/p>\n<p>GIMNASIO<\/p>\n<p>16 h.- Apertura Feria<br \/>\n20 h. &#8211; Presentaci\u00f3n de \u201cCancionero Fueguino\u201d \u2013 Editora Cultural TDF \u2013 Facundo Ag\u00fcero.<\/p>\n<p>AULA INFANCIAS<\/p>\n<p>16 a 21 h.- Espacio l\u00fadico abierto<br \/>\n17 h. -Car\u00e1mbanos de palabras \u2013 Sidney Mann.<\/p>\n<p><img loading=\"lazy\" decoding=\"async\" class=\"alignnone size-medium wp-image-54012\" src=\"https:\/\/hablemosclarotdf.com.ar\/wp-content\/uploads\/2025\/10\/photo_2025-10-09_13-42-02-300x200.jpg\" alt=\"\" width=\"300\" height=\"200\" srcset=\"https:\/\/hablemosclarotdf.com.ar\/wp-content\/uploads\/2025\/10\/photo_2025-10-09_13-42-02-300x200.jpg 300w, https:\/\/hablemosclarotdf.com.ar\/wp-content\/uploads\/2025\/10\/photo_2025-10-09_13-42-02-1024x682.jpg 1024w, https:\/\/hablemosclarotdf.com.ar\/wp-content\/uploads\/2025\/10\/photo_2025-10-09_13-42-02-768x511.jpg 768w, https:\/\/hablemosclarotdf.com.ar\/wp-content\/uploads\/2025\/10\/photo_2025-10-09_13-42-02.jpg 1280w\" sizes=\"auto, (max-width: 300px) 100vw, 300px\" \/><\/p>\n","protected":false},"excerpt":{"rendered":"<p>La Secretar\u00eda de Cultura del Gobierno de la provincia de Tierra del Fuego AIAS, ultima&#8230;<\/p>\n","protected":false},"author":1,"featured_media":54011,"comment_status":"closed","ping_status":"closed","sticky":false,"template":"","format":"standard","meta":{"footnotes":""},"categories":[3],"tags":[],"class_list":["post-54010","post","type-post","status-publish","format-standard","has-post-thumbnail","hentry","category-noticias"],"jetpack_featured_media_url":"https:\/\/hablemosclarotdf.com.ar\/wp-content\/uploads\/2025\/10\/photo_2025-10-09_13-42-06.jpg","_links":{"self":[{"href":"https:\/\/hablemosclarotdf.com.ar\/index.php?rest_route=\/wp\/v2\/posts\/54010","targetHints":{"allow":["GET"]}}],"collection":[{"href":"https:\/\/hablemosclarotdf.com.ar\/index.php?rest_route=\/wp\/v2\/posts"}],"about":[{"href":"https:\/\/hablemosclarotdf.com.ar\/index.php?rest_route=\/wp\/v2\/types\/post"}],"author":[{"embeddable":true,"href":"https:\/\/hablemosclarotdf.com.ar\/index.php?rest_route=\/wp\/v2\/users\/1"}],"replies":[{"embeddable":true,"href":"https:\/\/hablemosclarotdf.com.ar\/index.php?rest_route=%2Fwp%2Fv2%2Fcomments&post=54010"}],"version-history":[{"count":1,"href":"https:\/\/hablemosclarotdf.com.ar\/index.php?rest_route=\/wp\/v2\/posts\/54010\/revisions"}],"predecessor-version":[{"id":54013,"href":"https:\/\/hablemosclarotdf.com.ar\/index.php?rest_route=\/wp\/v2\/posts\/54010\/revisions\/54013"}],"wp:featuredmedia":[{"embeddable":true,"href":"https:\/\/hablemosclarotdf.com.ar\/index.php?rest_route=\/wp\/v2\/media\/54011"}],"wp:attachment":[{"href":"https:\/\/hablemosclarotdf.com.ar\/index.php?rest_route=%2Fwp%2Fv2%2Fmedia&parent=54010"}],"wp:term":[{"taxonomy":"category","embeddable":true,"href":"https:\/\/hablemosclarotdf.com.ar\/index.php?rest_route=%2Fwp%2Fv2%2Fcategories&post=54010"},{"taxonomy":"post_tag","embeddable":true,"href":"https:\/\/hablemosclarotdf.com.ar\/index.php?rest_route=%2Fwp%2Fv2%2Ftags&post=54010"}],"curies":[{"name":"wp","href":"https:\/\/api.w.org\/{rel}","templated":true}]}}