{"id":53992,"date":"2025-10-09T12:29:16","date_gmt":"2025-10-09T15:29:16","guid":{"rendered":"https:\/\/hablemosclarotdf.com.ar\/?p=53992"},"modified":"2025-10-09T12:29:16","modified_gmt":"2025-10-09T15:29:16","slug":"rio-grande-con-propuestas-para-toda-la-familia-disfruta-del-finde-largo-en-la-ciudad","status":"publish","type":"post","link":"https:\/\/hablemosclarotdf.com.ar\/?p=53992","title":{"rendered":"RIO GRANDE : CON PROPUESTAS PARA TODA LA FAMILIA, DISFRUT\u00c1 DEL FINDE LARGO EN LA CIUDAD"},"content":{"rendered":"<p>\u201cRGA ALIMENTOS\u201d EN EL PASEO CANTO DEL VIENTO<\/p>\n<p>El jueves, viernes y s\u00e1bado, el punto de venta, el cual est\u00e1 ubicado en Fagnano 650, abre sus puertas al p\u00fablico de 10 a 20 horas; mientras que el domingo el horario ser\u00e1 de 10 a 13 horas. Durante el fin de semana largo los y las riograndenses podr\u00e1n adquirir alimentos de productores locales como pescado y huevos.<\/p>\n<p>VISIT\u00c1 EL MUSEO MUNICIPAL \u201cVIRGINIA CHOQUINTEL\u201d<\/p>\n<p>De lunes a viernes de 9 a 17 horas, el Museo abre sus puertas, mientras que los s\u00e1bados la jornada comienza de 15 a 18 horas, en Alberdi 555. En este espacio cultural, vecinos y vecinas aprender\u00e1n sobre la Causa Malvinas; los pueblos originarios; el \u00e1rea de Ciencias Naturales con la biodiversidad fueguina; los ambientes marinos y terrestres; el sector de Historia con los principales sucesos hist\u00f3ricos de la ciudad y otros aspectos que son parte de nuestra identidad riograndenses.<\/p>\n<p>DIVERTITE EN LA CALESITA DE ZONA SUR<\/p>\n<p>Este divertido espacio destinado al entretenimiento y la recreaci\u00f3n de las infancias de la ciudad se encuentra ubicado en Rafaela Ishton y Tolhuin. La calesita est\u00e1 abierta de jueves a domingos, desde las 15 a 18 horas, con entrada libre y gratuita. El funcionamiento de la misma est\u00e1 sujeta a las condiciones clim\u00e1ticas del d\u00eda.<\/p>\n<p>RECORR\u00c9 EL \u201cPASEO EN FAMILIA\u201d<\/p>\n<p>Este fin de semana largo, el Paseo \u201cCanto del Viento\u201d (Fagnano 650) abrir\u00e1 sus puertas, de 16 a 20 horas, para que los vecinos y vecinas disfruten de un entretenido recorrido que incluye stands de emprendedores locales, artesanos y manualistas de nuestra ciudad, una actividad para disfrutar con toda la familia.<\/p>\n<p>\u201cABRAZO A GUITARRAS DEL MUNDO\u201d, EN LA CASA DE LA CULTURA<\/p>\n<p>Este jueves a partir de las 20:30 horas, en la Casa de la Cultura (Elcano 179) se llevar\u00e1 adelante \u201cAbrazo a guitarras del mundo\u201d, un recital, con entrada libre y gratuita, donde la m\u00fasica vuelve a unirnos en una noche especial para celebrar el talento de guitarristas locales y de la regi\u00f3n.<\/p>\n<p>DISFRUTA DE BUENA M\u00daSICA CON LOS RECITALES DE LA PANTALLA DEL \u201cPARQUE DE LOS 100 A\u00d1OS\u201d<\/p>\n<p>A partir de las 22 horas, en el Parque de los 100 A\u00f1os, vecinos y vecinas podr\u00e1n disfrutar de un amplio repertorio musical, a trav\u00e9s de la pantalla. El jueves se transmitir\u00e1 Sesiones \u00a1FAlklore! Esto es \u00a1FA!; el viernes se proyectar\u00e1 Casa Parlante: Amar Azul. Mientras que el s\u00e1bado se podr\u00e1 disfrutar de Cuarteto en \u201cUn Poco de Ruido\u201d. Igualmente, el domingo Karamelo Santo \u2013 El Baile Oficial, se podr\u00e1 apreciar desde la pantalla. Quienes asistan en veh\u00edculo podr\u00e1n sintonizar el audio desde la radio en el dial 89.5.<\/p>\n<p>\u201cEL MERCADO EN TU BARRIO\u201d LLEGA A CHACRA II<\/p>\n<p>Este viernes 10, de 11 a 20 horas, se llevar\u00e1 a cabo una nueva edici\u00f3n de \u201cEl mercado en tu barrio\u201d que tendr\u00e1 lugar en el Anexo del Polideportivo Carlos Margalot (Prefectura Naval 670). Se trata de una iniciativa que ofrece la posibilidad de que las y los riograndenses accedan a una variada canasta de alimentos y art\u00edculos esenciales.<\/p>\n<p>MUESTRA ART\u00cdSTICA Y PARTICIPATIVA \u201cARTE Y SALUD MENTAL\u201d<\/p>\n<p>En Casa de J\u00f3venes (Isla de los Estados 1195) a partir de las 15 horas, durante este viernes 10 y s\u00e1bado 11, se llevar\u00e1 a adelante la Muestra art\u00edstica y participativa \u201cArte y salud mental\u201d, una actividad que busca vincular las expresiones art\u00edsticas con el bienestar emocional, promoviendo el arte como herramienta de acompa\u00f1amiento, reflexi\u00f3n y transformaci\u00f3n personal.<\/p>\n<p>\u00a1VIV\u00cd LA ALEGR\u00cdA DEL BAILE! CON COMUNIDAD EN GRANDE \u2013 RITMOS SIN LIMITES<\/p>\n<p>De 18:30 a 21:30, el viernes 10 de octubre, en A.P.A (Cirilo Thomas 628) ac\u00e9rcate a disfrutar de una jornada a puro baile, energ\u00eda y diversi\u00f3n. Esta actividad est\u00e1 prevista para vecinos y vecinas, a partir de los 13 a\u00f1os. Se recomienda concurrir con botella de agua para hidratarse.<\/p>\n<p>3\u00aa EDICI\u00d3N DE CREANDO CON RETAZOS<\/p>\n<p>El viernes, a partir de las 19 horas, disfruta de una edici\u00f3n de \u201cCreando con Retazos&#8221;, un desfile de indumentaria y Patchwork, para celebrar el D\u00eda de la Costurera y destacar el trabajo de los talleres municipales de Corte y Confecci\u00f3n y de Patchwork. El evento, se realizar\u00e1 en el Polideportivo \u201cGuata Navarro\u201d (Av. Belgrano 970).<\/p>\n<p>RECORR\u00c9 LA 2\u00b0 EXPO &#8220;EMPRENDER DESDE EL SUR&#8221;<\/p>\n<p>La misma se realizar\u00e1 este s\u00e1bado 11 y domingo 12 de octubre, de 13 a 20 horas, en el Polideportivo \u201cCarlos Margalot\u201d. Habr\u00e1 stands con productos regionales y gastron\u00f3micos, una secci\u00f3n de cafeter\u00eda, rondas de negocios y charlas para emprendedores.<\/p>\n<p>CLASE DE YOGA ABIERTA A LA COMUNIDAD<\/p>\n<p>Participa de esta actividad pensada para vecinos y vecinas a partir de los 13 a\u00f1os de edad. La propuesta, se realizar\u00e1 este s\u00e1bado de 15 a 17 horas, en el Centro de Deportes de Combate (Alberdi N\u00b0 656 &#8211; Planta Alta). Asistir con botella de agua, manta o mat de yoga.<\/p>\n<p>ENCUENTRO AER\u00d3BICO<\/p>\n<p>Una excelente oportunidad para aprender y ejercitarse de la mano de Zumba, Aerobox, Fight Do y combate aer\u00f3bico. Se parte de esta propuesta este s\u00e1bado de 15 a 19 horas, en el Polideportivo \u201cGuata Navarro\u201d (Av. Belgrano 970).<\/p>\n","protected":false},"excerpt":{"rendered":"<p>\u201cRGA ALIMENTOS\u201d EN EL PASEO CANTO DEL VIENTO El jueves, viernes y s\u00e1bado, el punto&#8230;<\/p>\n","protected":false},"author":1,"featured_media":53993,"comment_status":"closed","ping_status":"closed","sticky":false,"template":"","format":"standard","meta":{"footnotes":""},"categories":[3],"tags":[],"class_list":["post-53992","post","type-post","status-publish","format-standard","has-post-thumbnail","hentry","category-noticias"],"jetpack_featured_media_url":"https:\/\/hablemosclarotdf.com.ar\/wp-content\/uploads\/2025\/10\/photo_2025-10-09_12-28-52.jpg","_links":{"self":[{"href":"https:\/\/hablemosclarotdf.com.ar\/index.php?rest_route=\/wp\/v2\/posts\/53992","targetHints":{"allow":["GET"]}}],"collection":[{"href":"https:\/\/hablemosclarotdf.com.ar\/index.php?rest_route=\/wp\/v2\/posts"}],"about":[{"href":"https:\/\/hablemosclarotdf.com.ar\/index.php?rest_route=\/wp\/v2\/types\/post"}],"author":[{"embeddable":true,"href":"https:\/\/hablemosclarotdf.com.ar\/index.php?rest_route=\/wp\/v2\/users\/1"}],"replies":[{"embeddable":true,"href":"https:\/\/hablemosclarotdf.com.ar\/index.php?rest_route=%2Fwp%2Fv2%2Fcomments&post=53992"}],"version-history":[{"count":1,"href":"https:\/\/hablemosclarotdf.com.ar\/index.php?rest_route=\/wp\/v2\/posts\/53992\/revisions"}],"predecessor-version":[{"id":53994,"href":"https:\/\/hablemosclarotdf.com.ar\/index.php?rest_route=\/wp\/v2\/posts\/53992\/revisions\/53994"}],"wp:featuredmedia":[{"embeddable":true,"href":"https:\/\/hablemosclarotdf.com.ar\/index.php?rest_route=\/wp\/v2\/media\/53993"}],"wp:attachment":[{"href":"https:\/\/hablemosclarotdf.com.ar\/index.php?rest_route=%2Fwp%2Fv2%2Fmedia&parent=53992"}],"wp:term":[{"taxonomy":"category","embeddable":true,"href":"https:\/\/hablemosclarotdf.com.ar\/index.php?rest_route=%2Fwp%2Fv2%2Fcategories&post=53992"},{"taxonomy":"post_tag","embeddable":true,"href":"https:\/\/hablemosclarotdf.com.ar\/index.php?rest_route=%2Fwp%2Fv2%2Ftags&post=53992"}],"curies":[{"name":"wp","href":"https:\/\/api.w.org\/{rel}","templated":true}]}}