{"id":53976,"date":"2025-10-09T12:12:37","date_gmt":"2025-10-09T15:12:37","guid":{"rendered":"https:\/\/hablemosclarotdf.com.ar\/?p=53976"},"modified":"2025-10-09T12:12:37","modified_gmt":"2025-10-09T15:12:37","slug":"jornada-educativa-la-provincia-dio-inicio-a-la-temporada-de-alto-riesgo-de-incendios-forestales","status":"publish","type":"post","link":"https:\/\/hablemosclarotdf.com.ar\/?p=53976","title":{"rendered":"JORNADA EDUCATIVA: LA PROVINCIA DIO INICIO A LA TEMPORADA DE ALTO RIESGO DE INCENDIOS FORESTALES"},"content":{"rendered":"<p>M\u00e1s de un centenar de j\u00f3venes del Colegio Julio Verne y del Colegio Provincial Los Andes participaron de una jornada de aprendizaje y concientizaci\u00f3n ambiental en la Reserva Provincial, Cultural y Natural Playa Larga, en el marco del lanzamiento oficial de la Temporada de Alto Riesgo de Incendios Forestales 2025-2026.<\/p>\n<p>La propuesta, organizada por la Secretar\u00eda de Ambiente, cont\u00f3 con la participaci\u00f3n de brigadistas provinciales, guardaparques y equipos t\u00e9cnicos de las direcciones de Educaci\u00f3n Ambiental y Participaci\u00f3n Ciudadana, Cambio Clim\u00e1tico y Vigilancia Atmosf\u00e9rica, y el acompa\u00f1amiento del Parque Nacional Tierra del Fuego.<\/p>\n<p>Durante la jornada, los estudiantes recorrieron distintas estaciones educativas donde aprendieron sobre la prevenci\u00f3n de incendios forestales a partir de la simulaci\u00f3n del uso del fuego en un camping habilitado; el uso responsable de calentadores y anafes a gas; el c\u00e1lculo del \u00edndice de peligrosidad y las herramientas que utilizan los combatientes en el terreno.<\/p>\n<p>Adem\u00e1s, los m\u00e1s peque\u00f1os, realizaron una caminata interpretativa por los senderos de Playa Larga, donde conocieron especies nativas y reflexionaron sobre la importancia de cuidar los ecosistemas fueguinos.<\/p>\n<p>La ministra de Producci\u00f3n y Ambiente, Karina Fern\u00e1ndez, destac\u00f3 la relevancia de acercar la prevenci\u00f3n a los m\u00e1s j\u00f3venes, \u201cestas actividades son fundamentales para que los chicos comprendan que el cuidado del bosque y del entorno natural lo hacemos entre todos, siendo ellos multiplicadores claves de este mensaje, para que las familias fueguinas disfrutemos de la Naturaleza sin Fuego&#8221;.<\/p>\n<p>\u201cEsta jornada permiti\u00f3, a partir del intercambio con los brigadistas, comprender por qu\u00e9 se da inicio a la temporada de alto riesgo de incendios forestales, as\u00ed como la importancia de tomar acciones individuales de prevenci\u00f3n para evitar, entre todos, los incendios forestales y de interfase\u201d, agreg\u00f3.<\/p>\n<p>Por su parte, el subsecretario de Manejo del Fuego, Rodrigo C\u00eda, remarc\u00f3 el valor de la educaci\u00f3n ambiental como herramienta de prevenci\u00f3n y la importancia de reconocer el trabajo que desarrollan los brigadistas al momento del combate.<\/p>\n<p>\u201cFue muy valioso el intercambio que se gener\u00f3 en torno al reconocimiento de las herramientas que utilizan los brigadistas para combatir el fuego, como as\u00ed tambi\u00e9n las vinculadas a la implantaci\u00f3n de sistemas de alerta y detecci\u00f3n temprana\u201d.<\/p>\n<p>\u201cEsta actividad se enmarca en la campa\u00f1a \u2018Naturaleza sin Fuego\u2019, una iniciativa que sostenemos desde el a\u00f1o pasado y que busca generar conciencia en la poblaci\u00f3n para acompa\u00f1arnos, cada uno desde su lugar. Una forma de hacerlo, por ejemplo, es a trav\u00e9s del uso de calentadores a gas homologados, que pueden emplearse en toda la provincia\u201d, especific\u00f3.<\/p>\n<p>La jornada culmin\u00f3 con una demostraci\u00f3n pr\u00e1ctica del trabajo de los combatientes forestales, donde los estudiantes participaron en una actividad de despliegue de mangueras y uso de equipamiento, cerrando la tarde con un clima de entusiasmo y aprendizaje.<\/p>\n<p>Se recuerda que est\u00e1 prohibido hacer fuego en toda la provincia, salvo en los campings habilitados y \u00fanicamente cuando el \u00edndice diario de peligrosidad lo permita. Este \u00edndice puede consultarse diariamente en medios oficiales de Gobierno, y en la p\u00e1gina web de la Secretar\u00eda de Ambiente: https:\/\/prodyambiente.tierradelfuego.gob.ar\/lugares-habilitados-para-hacer-fuego\/<\/p>\n<p>En caso de emergencia, se debe llamar inmediatamente al 103 o 911.<\/p>\n<p><img loading=\"lazy\" decoding=\"async\" class=\"alignnone size-medium wp-image-53978\" src=\"https:\/\/hablemosclarotdf.com.ar\/wp-content\/uploads\/2025\/10\/photo_2025-10-09_12-09-48-300x200.jpg\" alt=\"\" width=\"300\" height=\"200\" srcset=\"https:\/\/hablemosclarotdf.com.ar\/wp-content\/uploads\/2025\/10\/photo_2025-10-09_12-09-48-300x200.jpg 300w, https:\/\/hablemosclarotdf.com.ar\/wp-content\/uploads\/2025\/10\/photo_2025-10-09_12-09-48-1024x683.jpg 1024w, https:\/\/hablemosclarotdf.com.ar\/wp-content\/uploads\/2025\/10\/photo_2025-10-09_12-09-48-768x512.jpg 768w, https:\/\/hablemosclarotdf.com.ar\/wp-content\/uploads\/2025\/10\/photo_2025-10-09_12-09-48.jpg 1280w\" sizes=\"auto, (max-width: 300px) 100vw, 300px\" \/> <img loading=\"lazy\" decoding=\"async\" class=\"alignnone size-medium wp-image-53979\" src=\"https:\/\/hablemosclarotdf.com.ar\/wp-content\/uploads\/2025\/10\/photo_2025-10-09_12-09-57-300x200.jpg\" alt=\"\" width=\"300\" height=\"200\" srcset=\"https:\/\/hablemosclarotdf.com.ar\/wp-content\/uploads\/2025\/10\/photo_2025-10-09_12-09-57-300x200.jpg 300w, https:\/\/hablemosclarotdf.com.ar\/wp-content\/uploads\/2025\/10\/photo_2025-10-09_12-09-57-1024x683.jpg 1024w, https:\/\/hablemosclarotdf.com.ar\/wp-content\/uploads\/2025\/10\/photo_2025-10-09_12-09-57-768x512.jpg 768w, https:\/\/hablemosclarotdf.com.ar\/wp-content\/uploads\/2025\/10\/photo_2025-10-09_12-09-57.jpg 1280w\" sizes=\"auto, (max-width: 300px) 100vw, 300px\" \/> <img loading=\"lazy\" decoding=\"async\" class=\"alignnone size-medium wp-image-53980\" src=\"https:\/\/hablemosclarotdf.com.ar\/wp-content\/uploads\/2025\/10\/photo_2025-10-09_12-10-01-300x200.jpg\" alt=\"\" width=\"300\" height=\"200\" srcset=\"https:\/\/hablemosclarotdf.com.ar\/wp-content\/uploads\/2025\/10\/photo_2025-10-09_12-10-01-300x200.jpg 300w, https:\/\/hablemosclarotdf.com.ar\/wp-content\/uploads\/2025\/10\/photo_2025-10-09_12-10-01-1024x683.jpg 1024w, https:\/\/hablemosclarotdf.com.ar\/wp-content\/uploads\/2025\/10\/photo_2025-10-09_12-10-01-768x512.jpg 768w, https:\/\/hablemosclarotdf.com.ar\/wp-content\/uploads\/2025\/10\/photo_2025-10-09_12-10-01.jpg 1280w\" sizes=\"auto, (max-width: 300px) 100vw, 300px\" \/> <img loading=\"lazy\" decoding=\"async\" class=\"alignnone size-medium wp-image-53981\" src=\"https:\/\/hablemosclarotdf.com.ar\/wp-content\/uploads\/2025\/10\/photo_2025-10-09_12-10-05-300x200.jpg\" alt=\"\" width=\"300\" height=\"200\" srcset=\"https:\/\/hablemosclarotdf.com.ar\/wp-content\/uploads\/2025\/10\/photo_2025-10-09_12-10-05-300x200.jpg 300w, https:\/\/hablemosclarotdf.com.ar\/wp-content\/uploads\/2025\/10\/photo_2025-10-09_12-10-05-1024x683.jpg 1024w, https:\/\/hablemosclarotdf.com.ar\/wp-content\/uploads\/2025\/10\/photo_2025-10-09_12-10-05-768x512.jpg 768w, https:\/\/hablemosclarotdf.com.ar\/wp-content\/uploads\/2025\/10\/photo_2025-10-09_12-10-05.jpg 1280w\" sizes=\"auto, (max-width: 300px) 100vw, 300px\" \/> <img loading=\"lazy\" decoding=\"async\" class=\"alignnone size-medium wp-image-53982\" src=\"https:\/\/hablemosclarotdf.com.ar\/wp-content\/uploads\/2025\/10\/photo_2025-10-09_12-10-09-300x200.jpg\" alt=\"\" width=\"300\" height=\"200\" srcset=\"https:\/\/hablemosclarotdf.com.ar\/wp-content\/uploads\/2025\/10\/photo_2025-10-09_12-10-09-300x200.jpg 300w, https:\/\/hablemosclarotdf.com.ar\/wp-content\/uploads\/2025\/10\/photo_2025-10-09_12-10-09-1024x683.jpg 1024w, https:\/\/hablemosclarotdf.com.ar\/wp-content\/uploads\/2025\/10\/photo_2025-10-09_12-10-09-768x512.jpg 768w, https:\/\/hablemosclarotdf.com.ar\/wp-content\/uploads\/2025\/10\/photo_2025-10-09_12-10-09.jpg 1280w\" sizes=\"auto, (max-width: 300px) 100vw, 300px\" \/> <img loading=\"lazy\" decoding=\"async\" class=\"alignnone size-medium wp-image-53983\" src=\"https:\/\/hablemosclarotdf.com.ar\/wp-content\/uploads\/2025\/10\/photo_2025-10-09_12-10-13-300x200.jpg\" alt=\"\" width=\"300\" height=\"200\" srcset=\"https:\/\/hablemosclarotdf.com.ar\/wp-content\/uploads\/2025\/10\/photo_2025-10-09_12-10-13-300x200.jpg 300w, https:\/\/hablemosclarotdf.com.ar\/wp-content\/uploads\/2025\/10\/photo_2025-10-09_12-10-13-1024x683.jpg 1024w, https:\/\/hablemosclarotdf.com.ar\/wp-content\/uploads\/2025\/10\/photo_2025-10-09_12-10-13-768x512.jpg 768w, https:\/\/hablemosclarotdf.com.ar\/wp-content\/uploads\/2025\/10\/photo_2025-10-09_12-10-13.jpg 1280w\" sizes=\"auto, (max-width: 300px) 100vw, 300px\" \/> <img loading=\"lazy\" decoding=\"async\" class=\"alignnone size-medium wp-image-53984\" src=\"https:\/\/hablemosclarotdf.com.ar\/wp-content\/uploads\/2025\/10\/photo_2025-10-09_12-10-18-300x200.jpg\" alt=\"\" width=\"300\" height=\"200\" srcset=\"https:\/\/hablemosclarotdf.com.ar\/wp-content\/uploads\/2025\/10\/photo_2025-10-09_12-10-18-300x200.jpg 300w, https:\/\/hablemosclarotdf.com.ar\/wp-content\/uploads\/2025\/10\/photo_2025-10-09_12-10-18-1024x683.jpg 1024w, https:\/\/hablemosclarotdf.com.ar\/wp-content\/uploads\/2025\/10\/photo_2025-10-09_12-10-18-768x512.jpg 768w, https:\/\/hablemosclarotdf.com.ar\/wp-content\/uploads\/2025\/10\/photo_2025-10-09_12-10-18.jpg 1280w\" sizes=\"auto, (max-width: 300px) 100vw, 300px\" \/> <img loading=\"lazy\" decoding=\"async\" class=\"alignnone size-medium wp-image-53985\" src=\"https:\/\/hablemosclarotdf.com.ar\/wp-content\/uploads\/2025\/10\/photo_2025-10-09_12-10-23-300x200.jpg\" alt=\"\" width=\"300\" height=\"200\" srcset=\"https:\/\/hablemosclarotdf.com.ar\/wp-content\/uploads\/2025\/10\/photo_2025-10-09_12-10-23-300x200.jpg 300w, https:\/\/hablemosclarotdf.com.ar\/wp-content\/uploads\/2025\/10\/photo_2025-10-09_12-10-23-1024x683.jpg 1024w, https:\/\/hablemosclarotdf.com.ar\/wp-content\/uploads\/2025\/10\/photo_2025-10-09_12-10-23-768x512.jpg 768w, https:\/\/hablemosclarotdf.com.ar\/wp-content\/uploads\/2025\/10\/photo_2025-10-09_12-10-23.jpg 1280w\" sizes=\"auto, (max-width: 300px) 100vw, 300px\" \/> <img loading=\"lazy\" decoding=\"async\" class=\"alignnone size-medium wp-image-53986\" src=\"https:\/\/hablemosclarotdf.com.ar\/wp-content\/uploads\/2025\/10\/photo_2025-10-09_12-10-28-300x200.jpg\" alt=\"\" width=\"300\" height=\"200\" srcset=\"https:\/\/hablemosclarotdf.com.ar\/wp-content\/uploads\/2025\/10\/photo_2025-10-09_12-10-28-300x200.jpg 300w, https:\/\/hablemosclarotdf.com.ar\/wp-content\/uploads\/2025\/10\/photo_2025-10-09_12-10-28-1024x683.jpg 1024w, https:\/\/hablemosclarotdf.com.ar\/wp-content\/uploads\/2025\/10\/photo_2025-10-09_12-10-28-768x512.jpg 768w, https:\/\/hablemosclarotdf.com.ar\/wp-content\/uploads\/2025\/10\/photo_2025-10-09_12-10-28.jpg 1280w\" sizes=\"auto, (max-width: 300px) 100vw, 300px\" \/> <img loading=\"lazy\" decoding=\"async\" class=\"alignnone size-medium wp-image-53987\" src=\"https:\/\/hablemosclarotdf.com.ar\/wp-content\/uploads\/2025\/10\/photo_2025-10-09_12-10-33-300x200.jpg\" alt=\"\" width=\"300\" height=\"200\" srcset=\"https:\/\/hablemosclarotdf.com.ar\/wp-content\/uploads\/2025\/10\/photo_2025-10-09_12-10-33-300x200.jpg 300w, https:\/\/hablemosclarotdf.com.ar\/wp-content\/uploads\/2025\/10\/photo_2025-10-09_12-10-33-1024x683.jpg 1024w, https:\/\/hablemosclarotdf.com.ar\/wp-content\/uploads\/2025\/10\/photo_2025-10-09_12-10-33-768x512.jpg 768w, https:\/\/hablemosclarotdf.com.ar\/wp-content\/uploads\/2025\/10\/photo_2025-10-09_12-10-33.jpg 1280w\" sizes=\"auto, (max-width: 300px) 100vw, 300px\" \/><\/p>\n","protected":false},"excerpt":{"rendered":"<p>M\u00e1s de un centenar de j\u00f3venes del Colegio Julio Verne y del Colegio Provincial Los&#8230;<\/p>\n","protected":false},"author":1,"featured_media":53977,"comment_status":"closed","ping_status":"closed","sticky":false,"template":"","format":"standard","meta":{"footnotes":""},"categories":[3],"tags":[],"class_list":["post-53976","post","type-post","status-publish","format-standard","has-post-thumbnail","hentry","category-noticias"],"jetpack_featured_media_url":"https:\/\/hablemosclarotdf.com.ar\/wp-content\/uploads\/2025\/10\/photo_2025-10-09_12-09-38.jpg","_links":{"self":[{"href":"https:\/\/hablemosclarotdf.com.ar\/index.php?rest_route=\/wp\/v2\/posts\/53976","targetHints":{"allow":["GET"]}}],"collection":[{"href":"https:\/\/hablemosclarotdf.com.ar\/index.php?rest_route=\/wp\/v2\/posts"}],"about":[{"href":"https:\/\/hablemosclarotdf.com.ar\/index.php?rest_route=\/wp\/v2\/types\/post"}],"author":[{"embeddable":true,"href":"https:\/\/hablemosclarotdf.com.ar\/index.php?rest_route=\/wp\/v2\/users\/1"}],"replies":[{"embeddable":true,"href":"https:\/\/hablemosclarotdf.com.ar\/index.php?rest_route=%2Fwp%2Fv2%2Fcomments&post=53976"}],"version-history":[{"count":1,"href":"https:\/\/hablemosclarotdf.com.ar\/index.php?rest_route=\/wp\/v2\/posts\/53976\/revisions"}],"predecessor-version":[{"id":53988,"href":"https:\/\/hablemosclarotdf.com.ar\/index.php?rest_route=\/wp\/v2\/posts\/53976\/revisions\/53988"}],"wp:featuredmedia":[{"embeddable":true,"href":"https:\/\/hablemosclarotdf.com.ar\/index.php?rest_route=\/wp\/v2\/media\/53977"}],"wp:attachment":[{"href":"https:\/\/hablemosclarotdf.com.ar\/index.php?rest_route=%2Fwp%2Fv2%2Fmedia&parent=53976"}],"wp:term":[{"taxonomy":"category","embeddable":true,"href":"https:\/\/hablemosclarotdf.com.ar\/index.php?rest_route=%2Fwp%2Fv2%2Fcategories&post=53976"},{"taxonomy":"post_tag","embeddable":true,"href":"https:\/\/hablemosclarotdf.com.ar\/index.php?rest_route=%2Fwp%2Fv2%2Ftags&post=53976"}],"curies":[{"name":"wp","href":"https:\/\/api.w.org\/{rel}","templated":true}]}}