{"id":53972,"date":"2025-10-09T12:07:15","date_gmt":"2025-10-09T15:07:15","guid":{"rendered":"https:\/\/hablemosclarotdf.com.ar\/?p=53972"},"modified":"2025-10-09T12:07:15","modified_gmt":"2025-10-09T15:07:15","slug":"el-gobernador-melella-repudio-reuniones-reservadas-entre-defensa-y-el-reino-unido-y-exigio-explicaciones-publicas-al-ministro-petri","status":"publish","type":"post","link":"https:\/\/hablemosclarotdf.com.ar\/?p=53972","title":{"rendered":"EL GOBERNADOR MELELLA REPUDI\u00d3 REUNIONES RESERVADAS ENTRE DEFENSA Y EL REINO UNIDO Y EXIGI\u00d3 EXPLICACIONES P\u00daBLICAS AL MINISTRO PETRI"},"content":{"rendered":"<p>Ante la informaci\u00f3n publicada por diversos medios nacionales que da cuenta de reuniones reservadas entre funcionarios del Ministerio de Defensa de la Naci\u00f3n y representantes del Reino Unido en la Embajada Brit\u00e1nica, el Gobernador de Tierra del Fuego, Ant\u00e1rtida e Islas del Atl\u00e1ntico Sur, Gustavo Melella, expres\u00f3 un categ\u00f3rico repudio y exigi\u00f3 explicaciones p\u00fablicas inmediatas al ministro Luis Petri.<\/p>\n<p>\u201cDe confirmarse tales encuentros, se tratar\u00eda de un hecho de extrema gravedad institucional, que contradice el mandato constitucional que nos impone sostener el reclamo imprescriptible por la recuperaci\u00f3n del ejercicio pleno de nuestra soberan\u00eda sobre las Islas Malvinas, Georgias del Sur, Sandwich del Sur y los espacios mar\u00edtimos e insulares correspondientes\u201d, advirti\u00f3 Melella.<\/p>\n<p>El Mandatario provincial calific\u00f3 como inaceptable y ofensivo que se mantengan v\u00ednculos de cooperaci\u00f3n militar o acad\u00e9mica con la potencia ocupante, especialmente cuando el Reino Unido mantiene una base militar en territorio argentino y realiza ejercicios con apoyo de la OTAN.<\/p>\n<p>\u201cEste tipo de acciones vulneran la memoria de nuestros ca\u00eddos, de sus familiares, de nuestros Veteranos de Guerra y de todo el pueblo argentino\u201d, enfatiz\u00f3.<\/p>\n<p>Melella tambi\u00e9n advirti\u00f3 sobre la actividad acad\u00e9mica conjunta que el Ministerio de Defensa habr\u00eda organizado con funcionarios brit\u00e1nicos en la Universidad de la Defensa Nacional (UNDEF), difundida de manera interna y no p\u00fablica.<\/p>\n<p>Asimismo, consider\u00f3 \u201ca\u00fan m\u00e1s preocupante\u201d que estos hechos se produzcan en simult\u00e1neo con las versiones sobre la posible instalaci\u00f3n de una base militar estadounidense en Ushuaia, lo que \u201ccolocar\u00eda a la provincia en el epicentro de una disputa geoestrat\u00e9gica ajena a los intereses nacionales\u201d.<\/p>\n<p>\u201cEl Atl\u00e1ntico Sur es una zona de paz y cooperaci\u00f3n, no un tablero de intereses externos. Tierra del Fuego no aceptar\u00e1 convertirse en escenario de negociaciones secretas, ni de maniobras que vulneren la integridad territorial argentina\u201d, afirm\u00f3 el Gobernador.<\/p>\n<p>En este sentido, el Gobernador Melella exigi\u00f3 transparencia, explicaciones p\u00fablicas y respeto institucional, subrayando que \u201cla defensa de la soberan\u00eda no admite dobles discursos\u201d.<\/p>\n<p>\u201cMientras el Gobierno Nacional retrocede en su compromiso hist\u00f3rico con la Cuesti\u00f3n Malvinas, Tierra del Fuego reafirma su lealtad irrenunciable a la Patria y a sus derechos soberanos sobre todo el territorio provincial\u201d, subray\u00f3.<\/p>\n<p><img loading=\"lazy\" decoding=\"async\" class=\"alignnone size-medium wp-image-53974\" src=\"https:\/\/hablemosclarotdf.com.ar\/wp-content\/uploads\/2025\/10\/photo_2025-10-09_12-06-26-300x200.jpg\" alt=\"\" width=\"300\" height=\"200\" srcset=\"https:\/\/hablemosclarotdf.com.ar\/wp-content\/uploads\/2025\/10\/photo_2025-10-09_12-06-26-300x200.jpg 300w, https:\/\/hablemosclarotdf.com.ar\/wp-content\/uploads\/2025\/10\/photo_2025-10-09_12-06-26-1024x682.jpg 1024w, https:\/\/hablemosclarotdf.com.ar\/wp-content\/uploads\/2025\/10\/photo_2025-10-09_12-06-26-768x512.jpg 768w, https:\/\/hablemosclarotdf.com.ar\/wp-content\/uploads\/2025\/10\/photo_2025-10-09_12-06-26.jpg 1280w\" sizes=\"auto, (max-width: 300px) 100vw, 300px\" \/><\/p>\n","protected":false},"excerpt":{"rendered":"<p>Ante la informaci\u00f3n publicada por diversos medios nacionales que da cuenta de reuniones reservadas entre&#8230;<\/p>\n","protected":false},"author":1,"featured_media":53973,"comment_status":"closed","ping_status":"closed","sticky":false,"template":"","format":"standard","meta":{"footnotes":""},"categories":[3],"tags":[],"class_list":["post-53972","post","type-post","status-publish","format-standard","has-post-thumbnail","hentry","category-noticias"],"jetpack_featured_media_url":"https:\/\/hablemosclarotdf.com.ar\/wp-content\/uploads\/2025\/10\/photo_2025-10-09_12-06-16.jpg","_links":{"self":[{"href":"https:\/\/hablemosclarotdf.com.ar\/index.php?rest_route=\/wp\/v2\/posts\/53972","targetHints":{"allow":["GET"]}}],"collection":[{"href":"https:\/\/hablemosclarotdf.com.ar\/index.php?rest_route=\/wp\/v2\/posts"}],"about":[{"href":"https:\/\/hablemosclarotdf.com.ar\/index.php?rest_route=\/wp\/v2\/types\/post"}],"author":[{"embeddable":true,"href":"https:\/\/hablemosclarotdf.com.ar\/index.php?rest_route=\/wp\/v2\/users\/1"}],"replies":[{"embeddable":true,"href":"https:\/\/hablemosclarotdf.com.ar\/index.php?rest_route=%2Fwp%2Fv2%2Fcomments&post=53972"}],"version-history":[{"count":1,"href":"https:\/\/hablemosclarotdf.com.ar\/index.php?rest_route=\/wp\/v2\/posts\/53972\/revisions"}],"predecessor-version":[{"id":53975,"href":"https:\/\/hablemosclarotdf.com.ar\/index.php?rest_route=\/wp\/v2\/posts\/53972\/revisions\/53975"}],"wp:featuredmedia":[{"embeddable":true,"href":"https:\/\/hablemosclarotdf.com.ar\/index.php?rest_route=\/wp\/v2\/media\/53973"}],"wp:attachment":[{"href":"https:\/\/hablemosclarotdf.com.ar\/index.php?rest_route=%2Fwp%2Fv2%2Fmedia&parent=53972"}],"wp:term":[{"taxonomy":"category","embeddable":true,"href":"https:\/\/hablemosclarotdf.com.ar\/index.php?rest_route=%2Fwp%2Fv2%2Fcategories&post=53972"},{"taxonomy":"post_tag","embeddable":true,"href":"https:\/\/hablemosclarotdf.com.ar\/index.php?rest_route=%2Fwp%2Fv2%2Ftags&post=53972"}],"curies":[{"name":"wp","href":"https:\/\/api.w.org\/{rel}","templated":true}]}}